{"id":4661,"date":"2017-05-26T16:36:35","date_gmt":"2017-05-26T16:36:35","guid":{"rendered":"http:\/\/www.acomeambiente.org\/fr\/?p=4661"},"modified":"2017-06-15T15:24:32","modified_gmt":"2017-06-15T15:24:32","slug":"appuntamento-maca-kids-2","status":"publish","type":"post","link":"https:\/\/www.acomeambiente.org\/fr\/blog\/2017\/05\/26\/appuntamento-maca-kids-2\/","title":{"rendered":"Nouveau rendez-vous avec les MAcA-Kids"},"content":{"rendered":"<h1 class=\"entry-title\" style=\"text-align: justify\">Nouveau rendez-vous avec\u00a0les\u00a0MAcA-Kids<\/h1>\n<div class=\"fusion-fullwidth fullwidth-box fusion-builder-row-1 hundred-percent-fullwidth non-hundred-percent-height-scrolling\" style=\"--awb-border-radius-top-left:0px;--awb-border-radius-top-right:0px;--awb-border-radius-bottom-right:0px;--awb-border-radius-bottom-left:0px;--awb-overflow:visible;--awb-flex-wrap:wrap;\" ><div class=\"fusion-builder-row fusion-row\"><div class=\"fusion-layout-column fusion_builder_column fusion-builder-column-0 fusion_builder_column_1_1 1_1 fusion-one-full fusion-column-first fusion-column-last fusion-column-no-min-height\" style=\"--awb-bg-size:cover;--awb-margin-bottom:0px;\"><div class=\"fusion-column-wrapper fusion-flex-column-wrapper-legacy\">\n<div id=\"attachment_4184\" style=\"width: 382px\" class=\"wp-caption alignnone\"><a href=\"http:\/\/www.acomeambiente.org\/wp-content\/uploads\/sites\/2\/2015\/03\/AcomeA_194.jpg\"><img decoding=\"async\" aria-describedby=\"caption-attachment-4184\" class=\" wp-image-4184\" src=\"http:\/\/www.acomeambiente.org\/wp-content\/uploads\/sites\/2\/2015\/03\/AcomeA_194-300x200.jpg\" alt=\"Foto: Giorgia Mannavola\" width=\"372\" height=\"248\" srcset=\"https:\/\/www.acomeambiente.org\/fr\/wp-content\/uploads\/sites\/2\/2015\/03\/AcomeA_194-200x133.jpg 200w, https:\/\/www.acomeambiente.org\/fr\/wp-content\/uploads\/sites\/2\/2015\/03\/AcomeA_194-300x200.jpg 300w, https:\/\/www.acomeambiente.org\/fr\/wp-content\/uploads\/sites\/2\/2015\/03\/AcomeA_194-400x267.jpg 400w, https:\/\/www.acomeambiente.org\/fr\/wp-content\/uploads\/sites\/2\/2015\/03\/AcomeA_194-600x400.jpg 600w, https:\/\/www.acomeambiente.org\/fr\/wp-content\/uploads\/sites\/2\/2015\/03\/AcomeA_194-768x512.jpg 768w, https:\/\/www.acomeambiente.org\/fr\/wp-content\/uploads\/sites\/2\/2015\/03\/AcomeA_194-800x533.jpg 800w, https:\/\/www.acomeambiente.org\/fr\/wp-content\/uploads\/sites\/2\/2015\/03\/AcomeA_194-1024x682.jpg 1024w, https:\/\/www.acomeambiente.org\/fr\/wp-content\/uploads\/sites\/2\/2015\/03\/AcomeA_194-1200x800.jpg 1200w, https:\/\/www.acomeambiente.org\/fr\/wp-content\/uploads\/sites\/2\/2015\/03\/AcomeA_194.jpg 1280w\" sizes=\"(max-width: 372px) 100vw, 372px\" \/><\/a><p id=\"caption-attachment-4184\" class=\"wp-caption-text\">photo: Giorgia Mannavola<\/p><\/div>\n<p>Les <strong>MAcA-Kids reviennent au\u00a0<\/strong><em>Mus\u00e9e\u00a0A come Ambiente<\/em> de Turin et, avec eux, les rendez-vous sp\u00e9ciaux que le MAcA r\u00e9servent chaque mois \u00e0 ses visiteurs les plus petits.<\/p>\n<p>Avec les enfants de 3 \u00e0 4 ans, nous jouerons et nous parlerons,\u00a0des th\u00e8mes li\u00e9s \u00e0 l&rsquo;Eau, aux\u00a0D\u00e9chets et \u00e0 l&rsquo;Alimentation.<\/p>\n<p>Divertissement et curiosit\u00e9 seront les mots d&rsquo;ordre\u00a0pour familiariser les plus petits aux questions de l&rsquo;Environnement, pour les amener, d\u00e8s leur plus tendre enfance, vers le respect et le soin de notre Plan\u00e8te.<\/p>\n<p>Le rendez-vous avec les\u00a0MAcA-Kids est pour\u00a0dimanche<strong>\u00a028 mai\u00a02017<\/strong>, \u00e0\u00a0<strong>16:00<\/strong> (dur\u00e9e\u00a0: 1 heure). l&rsquo;entr\u00e9e est de\u00a0\u00a0<strong>5 euro<\/strong>\u00a0apra participant (1 accompagnateur gratis).<\/p>\n<p>Pour informations et\u00a0r\u00e9servations:<br \/>\n<a href=\"mailto:info@acomeambiente.org\">info@acomeambiente.org<\/a><br \/>\nTel. + 39 011 \u00a0070.25.35.<div class=\"fusion-clearfix\"><\/div><\/div><\/div><\/div><\/div>\n","protected":false},"excerpt":{"rendered":"<p>28 maggio 2017, Torino <\/p>\n","protected":false},"author":2,"featured_media":4184,"comment_status":"closed","ping_status":"open","sticky":false,"template":"","format":"standard","meta":{"footnotes":""},"categories":[7],"tags":[44,624,664,665,614],"class_list":["post-4661","post","type-post","status-publish","format-standard","has-post-thumbnail","hentry","category-evenements","tag-ambiente","tag-bambini","tag-bombe-semi","tag-famiglie","tag-maca-kids"],"yoast_head":"<!-- This site is optimized with the Yoast SEO plugin v26.9 - https:\/\/yoast.com\/product\/yoast-seo-wordpress\/ -->\n<title>Nouveau rendez-vous avec les MAcA-Kids - Fr - MAcA - Museo A come Ambiente<\/title>\n<meta name=\"robots\" content=\"index, follow, max-snippet:-1, max-image-preview:large, max-video-preview:-1\" \/>\n<link rel=\"canonical\" href=\"https:\/\/www.acomeambiente.org\/fr\/blog\/2017\/05\/26\/appuntamento-maca-kids-2\/\" \/>\n<meta property=\"og:locale\" content=\"fr_FR\" \/>\n<meta property=\"og:type\" content=\"article\" \/>\n<meta property=\"og:title\" content=\"Nouveau rendez-vous avec les MAcA-Kids - Fr - MAcA - Museo A come Ambiente\" \/>\n<meta property=\"og:description\" content=\"28 maggio 2017, Torino\" \/>\n<meta property=\"og:url\" content=\"https:\/\/www.acomeambiente.org\/fr\/blog\/2017\/05\/26\/appuntamento-maca-kids-2\/\" \/>\n<meta property=\"og:site_name\" content=\"Fr - MAcA - Museo A come Ambiente\" \/>\n<meta property=\"article:published_time\" content=\"2017-05-26T16:36:35+00:00\" \/>\n<meta property=\"article:modified_time\" content=\"2017-06-15T15:24:32+00:00\" \/>\n<meta property=\"og:image\" content=\"https:\/\/www.acomeambiente.org\/fr\/wp-content\/uploads\/sites\/2\/2015\/03\/AcomeA_194.jpg\" \/>\n\t<meta property=\"og:image:width\" content=\"1280\" \/>\n\t<meta property=\"og:image:height\" content=\"853\" \/>\n\t<meta property=\"og:image:type\" content=\"image\/jpeg\" \/>\n<meta name=\"author\" content=\"maca\" \/>\n<meta name=\"twitter:card\" content=\"summary_large_image\" \/>\n<meta name=\"twitter:label1\" content=\"\u00c9crit par\" \/>\n\t<meta name=\"twitter:data1\" content=\"maca\" \/>\n\t<meta name=\"twitter:label2\" content=\"Dur\u00e9e de lecture estim\u00e9e\" \/>\n\t<meta name=\"twitter:data2\" content=\"1 minute\" \/>\n<script type=\"application\/ld+json\" class=\"yoast-schema-graph\">{\"@context\":\"https:\/\/schema.org\",\"@graph\":[{\"@type\":\"Article\",\"@id\":\"https:\/\/www.acomeambiente.org\/fr\/blog\/2017\/05\/26\/appuntamento-maca-kids-2\/#article\",\"isPartOf\":{\"@id\":\"https:\/\/www.acomeambiente.org\/fr\/blog\/2017\/05\/26\/appuntamento-maca-kids-2\/\"},\"author\":{\"name\":\"maca\",\"@id\":\"https:\/\/www.acomeambiente.org\/fr\/#\/schema\/person\/abb5b373fd10c6152f3ba6effe4922a8\"},\"headline\":\"Nouveau rendez-vous avec les MAcA-Kids\",\"datePublished\":\"2017-05-26T16:36:35+00:00\",\"dateModified\":\"2017-06-15T15:24:32+00:00\",\"mainEntityOfPage\":{\"@id\":\"https:\/\/www.acomeambiente.org\/fr\/blog\/2017\/05\/26\/appuntamento-maca-kids-2\/\"},\"wordCount\":211,\"image\":{\"@id\":\"https:\/\/www.acomeambiente.org\/fr\/blog\/2017\/05\/26\/appuntamento-maca-kids-2\/#primaryimage\"},\"thumbnailUrl\":\"https:\/\/www.acomeambiente.org\/fr\/wp-content\/uploads\/sites\/2\/2015\/03\/AcomeA_194.jpg\",\"keywords\":[\"ambiente\",\"bambini\",\"bombe semi\",\"famiglie\",\"MAcA-Kids\"],\"articleSection\":[\"\u00c9v\u00e9nements\"],\"inLanguage\":\"fr-FR\"},{\"@type\":\"WebPage\",\"@id\":\"https:\/\/www.acomeambiente.org\/fr\/blog\/2017\/05\/26\/appuntamento-maca-kids-2\/\",\"url\":\"https:\/\/www.acomeambiente.org\/fr\/blog\/2017\/05\/26\/appuntamento-maca-kids-2\/\",\"name\":\"Nouveau rendez-vous avec les MAcA-Kids - Fr - MAcA - Museo A come Ambiente\",\"isPartOf\":{\"@id\":\"https:\/\/www.acomeambiente.org\/fr\/#website\"},\"primaryImageOfPage\":{\"@id\":\"https:\/\/www.acomeambiente.org\/fr\/blog\/2017\/05\/26\/appuntamento-maca-kids-2\/#primaryimage\"},\"image\":{\"@id\":\"https:\/\/www.acomeambiente.org\/fr\/blog\/2017\/05\/26\/appuntamento-maca-kids-2\/#primaryimage\"},\"thumbnailUrl\":\"https:\/\/www.acomeambiente.org\/fr\/wp-content\/uploads\/sites\/2\/2015\/03\/AcomeA_194.jpg\",\"datePublished\":\"2017-05-26T16:36:35+00:00\",\"dateModified\":\"2017-06-15T15:24:32+00:00\",\"author\":{\"@id\":\"https:\/\/www.acomeambiente.org\/fr\/#\/schema\/person\/abb5b373fd10c6152f3ba6effe4922a8\"},\"breadcrumb\":{\"@id\":\"https:\/\/www.acomeambiente.org\/fr\/blog\/2017\/05\/26\/appuntamento-maca-kids-2\/#breadcrumb\"},\"inLanguage\":\"fr-FR\",\"potentialAction\":[{\"@type\":\"ReadAction\",\"target\":[\"https:\/\/www.acomeambiente.org\/fr\/blog\/2017\/05\/26\/appuntamento-maca-kids-2\/\"]}]},{\"@type\":\"ImageObject\",\"inLanguage\":\"fr-FR\",\"@id\":\"https:\/\/www.acomeambiente.org\/fr\/blog\/2017\/05\/26\/appuntamento-maca-kids-2\/#primaryimage\",\"url\":\"https:\/\/www.acomeambiente.org\/fr\/wp-content\/uploads\/sites\/2\/2015\/03\/AcomeA_194.jpg\",\"contentUrl\":\"https:\/\/www.acomeambiente.org\/fr\/wp-content\/uploads\/sites\/2\/2015\/03\/AcomeA_194.jpg\",\"width\":1280,\"height\":853,\"caption\":\"Foto: Giorgia Mannavola\"},{\"@type\":\"BreadcrumbList\",\"@id\":\"https:\/\/www.acomeambiente.org\/fr\/blog\/2017\/05\/26\/appuntamento-maca-kids-2\/#breadcrumb\",\"itemListElement\":[{\"@type\":\"ListItem\",\"position\":1,\"name\":\"Home\",\"item\":\"https:\/\/www.acomeambiente.org\/fr\/\"},{\"@type\":\"ListItem\",\"position\":2,\"name\":\"Nouveau rendez-vous avec les MAcA-Kids\"}]},{\"@type\":\"WebSite\",\"@id\":\"https:\/\/www.acomeambiente.org\/fr\/#website\",\"url\":\"https:\/\/www.acomeambiente.org\/fr\/\",\"name\":\"Fr - MAcA - Museo A come Ambiente\",\"description\":\"Passa al MAcA, costruiamo insieme un mondo pi\u00f9 sostenibile\",\"potentialAction\":[{\"@type\":\"SearchAction\",\"target\":{\"@type\":\"EntryPoint\",\"urlTemplate\":\"https:\/\/www.acomeambiente.org\/fr\/?s={search_term_string}\"},\"query-input\":{\"@type\":\"PropertyValueSpecification\",\"valueRequired\":true,\"valueName\":\"search_term_string\"}}],\"inLanguage\":\"fr-FR\"},{\"@type\":\"Person\",\"@id\":\"https:\/\/www.acomeambiente.org\/fr\/#\/schema\/person\/abb5b373fd10c6152f3ba6effe4922a8\",\"name\":\"maca\",\"image\":{\"@type\":\"ImageObject\",\"inLanguage\":\"fr-FR\",\"@id\":\"https:\/\/www.acomeambiente.org\/fr\/#\/schema\/person\/image\/\",\"url\":\"https:\/\/secure.gravatar.com\/avatar\/638ecfb6ae252284df22625e08c27812f9102da6030194ee85189eda9b903f6a?s=96&d=mm&r=g\",\"contentUrl\":\"https:\/\/secure.gravatar.com\/avatar\/638ecfb6ae252284df22625e08c27812f9102da6030194ee85189eda9b903f6a?s=96&d=mm&r=g\",\"caption\":\"maca\"},\"url\":\"https:\/\/www.acomeambiente.org\/fr\/blog\/author\/maca\/\"}]}<\/script>\n<!-- \/ Yoast SEO plugin. -->","yoast_head_json":{"title":"Nouveau rendez-vous avec les MAcA-Kids - Fr - MAcA - Museo A come Ambiente","robots":{"index":"index","follow":"follow","max-snippet":"max-snippet:-1","max-image-preview":"max-image-preview:large","max-video-preview":"max-video-preview:-1"},"canonical":"https:\/\/www.acomeambiente.org\/fr\/blog\/2017\/05\/26\/appuntamento-maca-kids-2\/","og_locale":"fr_FR","og_type":"article","og_title":"Nouveau rendez-vous avec les MAcA-Kids - Fr - MAcA - Museo A come Ambiente","og_description":"28 maggio 2017, Torino","og_url":"https:\/\/www.acomeambiente.org\/fr\/blog\/2017\/05\/26\/appuntamento-maca-kids-2\/","og_site_name":"Fr - MAcA - Museo A come Ambiente","article_published_time":"2017-05-26T16:36:35+00:00","article_modified_time":"2017-06-15T15:24:32+00:00","og_image":[{"width":1280,"height":853,"url":"https:\/\/www.acomeambiente.org\/fr\/wp-content\/uploads\/sites\/2\/2015\/03\/AcomeA_194.jpg","type":"image\/jpeg"}],"author":"maca","twitter_card":"summary_large_image","twitter_misc":{"\u00c9crit par":"maca","Dur\u00e9e de lecture estim\u00e9e":"1 minute"},"schema":{"@context":"https:\/\/schema.org","@graph":[{"@type":"Article","@id":"https:\/\/www.acomeambiente.org\/fr\/blog\/2017\/05\/26\/appuntamento-maca-kids-2\/#article","isPartOf":{"@id":"https:\/\/www.acomeambiente.org\/fr\/blog\/2017\/05\/26\/appuntamento-maca-kids-2\/"},"author":{"name":"maca","@id":"https:\/\/www.acomeambiente.org\/fr\/#\/schema\/person\/abb5b373fd10c6152f3ba6effe4922a8"},"headline":"Nouveau rendez-vous avec les MAcA-Kids","datePublished":"2017-05-26T16:36:35+00:00","dateModified":"2017-06-15T15:24:32+00:00","mainEntityOfPage":{"@id":"https:\/\/www.acomeambiente.org\/fr\/blog\/2017\/05\/26\/appuntamento-maca-kids-2\/"},"wordCount":211,"image":{"@id":"https:\/\/www.acomeambiente.org\/fr\/blog\/2017\/05\/26\/appuntamento-maca-kids-2\/#primaryimage"},"thumbnailUrl":"https:\/\/www.acomeambiente.org\/fr\/wp-content\/uploads\/sites\/2\/2015\/03\/AcomeA_194.jpg","keywords":["ambiente","bambini","bombe semi","famiglie","MAcA-Kids"],"articleSection":["\u00c9v\u00e9nements"],"inLanguage":"fr-FR"},{"@type":"WebPage","@id":"https:\/\/www.acomeambiente.org\/fr\/blog\/2017\/05\/26\/appuntamento-maca-kids-2\/","url":"https:\/\/www.acomeambiente.org\/fr\/blog\/2017\/05\/26\/appuntamento-maca-kids-2\/","name":"Nouveau rendez-vous avec les MAcA-Kids - Fr - MAcA - Museo A come Ambiente","isPartOf":{"@id":"https:\/\/www.acomeambiente.org\/fr\/#website"},"primaryImageOfPage":{"@id":"https:\/\/www.acomeambiente.org\/fr\/blog\/2017\/05\/26\/appuntamento-maca-kids-2\/#primaryimage"},"image":{"@id":"https:\/\/www.acomeambiente.org\/fr\/blog\/2017\/05\/26\/appuntamento-maca-kids-2\/#primaryimage"},"thumbnailUrl":"https:\/\/www.acomeambiente.org\/fr\/wp-content\/uploads\/sites\/2\/2015\/03\/AcomeA_194.jpg","datePublished":"2017-05-26T16:36:35+00:00","dateModified":"2017-06-15T15:24:32+00:00","author":{"@id":"https:\/\/www.acomeambiente.org\/fr\/#\/schema\/person\/abb5b373fd10c6152f3ba6effe4922a8"},"breadcrumb":{"@id":"https:\/\/www.acomeambiente.org\/fr\/blog\/2017\/05\/26\/appuntamento-maca-kids-2\/#breadcrumb"},"inLanguage":"fr-FR","potentialAction":[{"@type":"ReadAction","target":["https:\/\/www.acomeambiente.org\/fr\/blog\/2017\/05\/26\/appuntamento-maca-kids-2\/"]}]},{"@type":"ImageObject","inLanguage":"fr-FR","@id":"https:\/\/www.acomeambiente.org\/fr\/blog\/2017\/05\/26\/appuntamento-maca-kids-2\/#primaryimage","url":"https:\/\/www.acomeambiente.org\/fr\/wp-content\/uploads\/sites\/2\/2015\/03\/AcomeA_194.jpg","contentUrl":"https:\/\/www.acomeambiente.org\/fr\/wp-content\/uploads\/sites\/2\/2015\/03\/AcomeA_194.jpg","width":1280,"height":853,"caption":"Foto: Giorgia Mannavola"},{"@type":"BreadcrumbList","@id":"https:\/\/www.acomeambiente.org\/fr\/blog\/2017\/05\/26\/appuntamento-maca-kids-2\/#breadcrumb","itemListElement":[{"@type":"ListItem","position":1,"name":"Home","item":"https:\/\/www.acomeambiente.org\/fr\/"},{"@type":"ListItem","position":2,"name":"Nouveau rendez-vous avec les MAcA-Kids"}]},{"@type":"WebSite","@id":"https:\/\/www.acomeambiente.org\/fr\/#website","url":"https:\/\/www.acomeambiente.org\/fr\/","name":"Fr - MAcA - Museo A come Ambiente","description":"Passa al MAcA, costruiamo insieme un mondo pi\u00f9 sostenibile","potentialAction":[{"@type":"SearchAction","target":{"@type":"EntryPoint","urlTemplate":"https:\/\/www.acomeambiente.org\/fr\/?s={search_term_string}"},"query-input":{"@type":"PropertyValueSpecification","valueRequired":true,"valueName":"search_term_string"}}],"inLanguage":"fr-FR"},{"@type":"Person","@id":"https:\/\/www.acomeambiente.org\/fr\/#\/schema\/person\/abb5b373fd10c6152f3ba6effe4922a8","name":"maca","image":{"@type":"ImageObject","inLanguage":"fr-FR","@id":"https:\/\/www.acomeambiente.org\/fr\/#\/schema\/person\/image\/","url":"https:\/\/secure.gravatar.com\/avatar\/638ecfb6ae252284df22625e08c27812f9102da6030194ee85189eda9b903f6a?s=96&d=mm&r=g","contentUrl":"https:\/\/secure.gravatar.com\/avatar\/638ecfb6ae252284df22625e08c27812f9102da6030194ee85189eda9b903f6a?s=96&d=mm&r=g","caption":"maca"},"url":"https:\/\/www.acomeambiente.org\/fr\/blog\/author\/maca\/"}]}},"_links":{"self":[{"href":"https:\/\/www.acomeambiente.org\/fr\/wp-json\/wp\/v2\/posts\/4661","targetHints":{"allow":["GET"]}}],"collection":[{"href":"https:\/\/www.acomeambiente.org\/fr\/wp-json\/wp\/v2\/posts"}],"about":[{"href":"https:\/\/www.acomeambiente.org\/fr\/wp-json\/wp\/v2\/types\/post"}],"author":[{"embeddable":true,"href":"https:\/\/www.acomeambiente.org\/fr\/wp-json\/wp\/v2\/users\/2"}],"replies":[{"embeddable":true,"href":"https:\/\/www.acomeambiente.org\/fr\/wp-json\/wp\/v2\/comments?post=4661"}],"version-history":[{"count":3,"href":"https:\/\/www.acomeambiente.org\/fr\/wp-json\/wp\/v2\/posts\/4661\/revisions"}],"predecessor-version":[{"id":4894,"href":"https:\/\/www.acomeambiente.org\/fr\/wp-json\/wp\/v2\/posts\/4661\/revisions\/4894"}],"wp:featuredmedia":[{"embeddable":true,"href":"https:\/\/www.acomeambiente.org\/fr\/wp-json\/wp\/v2\/media\/4184"}],"wp:attachment":[{"href":"https:\/\/www.acomeambiente.org\/fr\/wp-json\/wp\/v2\/media?parent=4661"}],"wp:term":[{"taxonomy":"category","embeddable":true,"href":"https:\/\/www.acomeambiente.org\/fr\/wp-json\/wp\/v2\/categories?post=4661"},{"taxonomy":"post_tag","embeddable":true,"href":"https:\/\/www.acomeambiente.org\/fr\/wp-json\/wp\/v2\/tags?post=4661"}],"curies":[{"name":"wp","href":"https:\/\/api.w.org\/{rel}","templated":true}]}}