{"id":4572,"date":"2017-05-02T08:12:08","date_gmt":"2017-05-02T08:12:08","guid":{"rendered":"http:\/\/www.acomeambiente.org\/fr\/?p=4572"},"modified":"2017-05-02T08:37:09","modified_gmt":"2017-05-02T08:37:09","slug":"scienza-in-fabbrica","status":"publish","type":"post","link":"https:\/\/www.acomeambiente.org\/fr\/blog\/2017\/05\/02\/scienza-in-fabbrica\/","title":{"rendered":"Scienza in fabbrica"},"content":{"rendered":"<h1 class=\"entry-title\" style=\"text-align: justify;\">Scienza in fabbrica<\/h1>\n<p><a href=\"http:\/\/www.acomeambiente.org\/wp-content\/uploads\/sites\/2\/2017\/04\/scienza-in-fabbrica.png\"><img decoding=\"async\" class=\"wp-image-4574 aligncenter\" src=\"http:\/\/www.acomeambiente.org\/wp-content\/uploads\/sites\/2\/2017\/04\/scienza-in-fabbrica-300x120.png\" alt=\"\" width=\"455\" height=\"182\" srcset=\"https:\/\/www.acomeambiente.org\/fr\/wp-content\/uploads\/sites\/2\/2017\/04\/scienza-in-fabbrica-200x80.png 200w, https:\/\/www.acomeambiente.org\/fr\/wp-content\/uploads\/sites\/2\/2017\/04\/scienza-in-fabbrica-300x120.png 300w, https:\/\/www.acomeambiente.org\/fr\/wp-content\/uploads\/sites\/2\/2017\/04\/scienza-in-fabbrica-400x160.png 400w, https:\/\/www.acomeambiente.org\/fr\/wp-content\/uploads\/sites\/2\/2017\/04\/scienza-in-fabbrica-600x240.png 600w, https:\/\/www.acomeambiente.org\/fr\/wp-content\/uploads\/sites\/2\/2017\/04\/scienza-in-fabbrica-768x308.png 768w, https:\/\/www.acomeambiente.org\/fr\/wp-content\/uploads\/sites\/2\/2017\/04\/scienza-in-fabbrica-800x321.png 800w, https:\/\/www.acomeambiente.org\/fr\/wp-content\/uploads\/sites\/2\/2017\/04\/scienza-in-fabbrica.png 998w\" sizes=\"(max-width: 455px) 100vw, 455px\" \/><\/a>Un intero weekend dedicato al mondo della scienza e dell\u2019innovazione.<\/p>\n<p>Le <a href=\"http:\/\/www.settimanedellascienza.it\/\"><strong>Settimane della Scienza<\/strong><\/a>, manifestazione di spicco a carattere scientifico-culturale del territorio piemontese a cura di <a href=\"http:\/\/www.centroscienza.it\">CentroScienza Onlus<\/a>, propone per l\u2019edizione 2017 l\u2019appuntamento con \u201c<strong>Scienza in fabbrica<\/strong>\u201d, in programma <strong>sabato 13 e domenica 14 maggio 2017<\/strong>.<\/p>\n<p>Laboratori, spettacoli e workshop accoglieranno i partecipanti per un viaggio appassionante alla scoperta dell\u2019universo scientifico e informatico. Ci sar\u00e0 anche il MAcA!<\/p>\n<p><strong>Tutto inizia da A<\/strong><\/p>\n<p><a href=\"http:\/\/www.acomeambiente.org\/wp-content\/uploads\/sites\/2\/2017\/04\/LABORATORIO-ENERGIA-ADOLESCENTECOLORI-DIVERSI.jpg\"><img decoding=\"async\" class=\"alignnone wp-image-4573\" src=\"http:\/\/www.acomeambiente.org\/wp-content\/uploads\/sites\/2\/2017\/04\/LABORATORIO-ENERGIA-ADOLESCENTECOLORI-DIVERSI-300x200.jpg\" alt=\"\" width=\"342\" height=\"228\" srcset=\"https:\/\/www.acomeambiente.org\/fr\/wp-content\/uploads\/sites\/2\/2017\/04\/LABORATORIO-ENERGIA-ADOLESCENTECOLORI-DIVERSI-200x133.jpg 200w, https:\/\/www.acomeambiente.org\/fr\/wp-content\/uploads\/sites\/2\/2017\/04\/LABORATORIO-ENERGIA-ADOLESCENTECOLORI-DIVERSI-300x200.jpg 300w, https:\/\/www.acomeambiente.org\/fr\/wp-content\/uploads\/sites\/2\/2017\/04\/LABORATORIO-ENERGIA-ADOLESCENTECOLORI-DIVERSI-400x267.jpg 400w, https:\/\/www.acomeambiente.org\/fr\/wp-content\/uploads\/sites\/2\/2017\/04\/LABORATORIO-ENERGIA-ADOLESCENTECOLORI-DIVERSI-600x400.jpg 600w, https:\/\/www.acomeambiente.org\/fr\/wp-content\/uploads\/sites\/2\/2017\/04\/LABORATORIO-ENERGIA-ADOLESCENTECOLORI-DIVERSI-768x512.jpg 768w, https:\/\/www.acomeambiente.org\/fr\/wp-content\/uploads\/sites\/2\/2017\/04\/LABORATORIO-ENERGIA-ADOLESCENTECOLORI-DIVERSI-800x533.jpg 800w, https:\/\/www.acomeambiente.org\/fr\/wp-content\/uploads\/sites\/2\/2017\/04\/LABORATORIO-ENERGIA-ADOLESCENTECOLORI-DIVERSI-1024x683.jpg 1024w, https:\/\/www.acomeambiente.org\/fr\/wp-content\/uploads\/sites\/2\/2017\/04\/LABORATORIO-ENERGIA-ADOLESCENTECOLORI-DIVERSI.jpg 1086w\" sizes=\"(max-width: 342px) 100vw, 342px\" \/><\/a><\/p>\n<p>Dai 5 anni in su, porta pap\u00e0 e mamma anche tu!<br \/>\nScoprire che il nostro mondo \u00e8 bello come una bolla di sapone, ma altrettanto fragile, giocare con i colori che possono essere estratti dagli avanzi di frutta e verdura, costruire un mini orto in cassetta, da portarsi a casa al termine dell\u2019attivit\u00e0: questo e altro propone il Museo A come Ambiente, MAcA per gli amici. Primo museo in Europa interamente dedicato ai temi ambientali, da oltre 10 anni offre spazi creativi, exhibit, laboratori, percorsi didattici ed esperienze che incoraggiano l\u2019esplorazione e diffondono la cultura ambientale.<\/p>\n<p>Vieni a trovarci a partire dalle <strong>ore 10:00<\/strong> presso lo <strong>Spazio MRF<\/strong>, in Corso Settembrini 164, Torino.<\/p>\n","protected":false},"excerpt":{"rendered":"<p>13 e 14 maggio 2017, Torino <\/p>\n","protected":false},"author":1026,"featured_media":4574,"comment_status":"closed","ping_status":"open","sticky":false,"template":"","format":"standard","meta":{"footnotes":""},"categories":[7],"tags":[14,8,653],"class_list":["post-4572","post","type-post","status-publish","format-standard","has-post-thumbnail","hentry","category-evenements","tag-eventi","tag-le-settimane-della-scienza","tag-scienza-in-fabbrica"],"yoast_head":"<!-- This site is optimized with the Yoast SEO plugin v26.9 - https:\/\/yoast.com\/product\/yoast-seo-wordpress\/ -->\n<title>Scienza in fabbrica - Fr - MAcA - Museo A come Ambiente<\/title>\n<meta name=\"robots\" content=\"index, follow, max-snippet:-1, max-image-preview:large, max-video-preview:-1\" \/>\n<link rel=\"canonical\" href=\"https:\/\/www.acomeambiente.org\/fr\/blog\/2017\/05\/02\/scienza-in-fabbrica\/\" \/>\n<meta property=\"og:locale\" content=\"fr_FR\" \/>\n<meta property=\"og:type\" content=\"article\" \/>\n<meta property=\"og:title\" content=\"Scienza in fabbrica - Fr - MAcA - Museo A come Ambiente\" \/>\n<meta property=\"og:description\" content=\"13 e 14 maggio 2017, Torino\" \/>\n<meta property=\"og:url\" content=\"https:\/\/www.acomeambiente.org\/fr\/blog\/2017\/05\/02\/scienza-in-fabbrica\/\" \/>\n<meta property=\"og:site_name\" content=\"Fr - MAcA - Museo A come Ambiente\" \/>\n<meta property=\"article:published_time\" content=\"2017-05-02T08:12:08+00:00\" \/>\n<meta property=\"article:modified_time\" content=\"2017-05-02T08:37:09+00:00\" \/>\n<meta property=\"og:image\" content=\"https:\/\/www.acomeambiente.org\/fr\/wp-content\/uploads\/sites\/2\/2017\/04\/scienza-in-fabbrica.png\" \/>\n\t<meta property=\"og:image:width\" content=\"998\" \/>\n\t<meta property=\"og:image:height\" content=\"400\" \/>\n\t<meta property=\"og:image:type\" content=\"image\/png\" \/>\n<meta name=\"author\" content=\"Alberto Pinto\" \/>\n<meta name=\"twitter:card\" content=\"summary_large_image\" \/>\n<meta name=\"twitter:label1\" content=\"\u00c9crit par\" \/>\n\t<meta name=\"twitter:data1\" content=\"Alberto Pinto\" \/>\n\t<meta name=\"twitter:label2\" content=\"Dur\u00e9e de lecture estim\u00e9e\" \/>\n\t<meta name=\"twitter:data2\" content=\"1 minute\" \/>\n<script type=\"application\/ld+json\" class=\"yoast-schema-graph\">{\"@context\":\"https:\/\/schema.org\",\"@graph\":[{\"@type\":\"Article\",\"@id\":\"https:\/\/www.acomeambiente.org\/fr\/blog\/2017\/05\/02\/scienza-in-fabbrica\/#article\",\"isPartOf\":{\"@id\":\"https:\/\/www.acomeambiente.org\/fr\/blog\/2017\/05\/02\/scienza-in-fabbrica\/\"},\"author\":{\"name\":\"Alberto Pinto\",\"@id\":\"https:\/\/www.acomeambiente.org\/fr\/#\/schema\/person\/ab6a3aa499f2f11579162e2a29d0f2bb\"},\"headline\":\"Scienza in fabbrica\",\"datePublished\":\"2017-05-02T08:12:08+00:00\",\"dateModified\":\"2017-05-02T08:37:09+00:00\",\"mainEntityOfPage\":{\"@id\":\"https:\/\/www.acomeambiente.org\/fr\/blog\/2017\/05\/02\/scienza-in-fabbrica\/\"},\"wordCount\":188,\"image\":{\"@id\":\"https:\/\/www.acomeambiente.org\/fr\/blog\/2017\/05\/02\/scienza-in-fabbrica\/#primaryimage\"},\"thumbnailUrl\":\"https:\/\/www.acomeambiente.org\/fr\/wp-content\/uploads\/sites\/2\/2017\/04\/scienza-in-fabbrica.png\",\"keywords\":[\"Eventi\",\"Le Settimane della Scienza\",\"Scienza in fabbrica\"],\"articleSection\":[\"\u00c9v\u00e9nements\"],\"inLanguage\":\"fr-FR\"},{\"@type\":\"WebPage\",\"@id\":\"https:\/\/www.acomeambiente.org\/fr\/blog\/2017\/05\/02\/scienza-in-fabbrica\/\",\"url\":\"https:\/\/www.acomeambiente.org\/fr\/blog\/2017\/05\/02\/scienza-in-fabbrica\/\",\"name\":\"Scienza in fabbrica - Fr - MAcA - Museo A come Ambiente\",\"isPartOf\":{\"@id\":\"https:\/\/www.acomeambiente.org\/fr\/#website\"},\"primaryImageOfPage\":{\"@id\":\"https:\/\/www.acomeambiente.org\/fr\/blog\/2017\/05\/02\/scienza-in-fabbrica\/#primaryimage\"},\"image\":{\"@id\":\"https:\/\/www.acomeambiente.org\/fr\/blog\/2017\/05\/02\/scienza-in-fabbrica\/#primaryimage\"},\"thumbnailUrl\":\"https:\/\/www.acomeambiente.org\/fr\/wp-content\/uploads\/sites\/2\/2017\/04\/scienza-in-fabbrica.png\",\"datePublished\":\"2017-05-02T08:12:08+00:00\",\"dateModified\":\"2017-05-02T08:37:09+00:00\",\"author\":{\"@id\":\"https:\/\/www.acomeambiente.org\/fr\/#\/schema\/person\/ab6a3aa499f2f11579162e2a29d0f2bb\"},\"breadcrumb\":{\"@id\":\"https:\/\/www.acomeambiente.org\/fr\/blog\/2017\/05\/02\/scienza-in-fabbrica\/#breadcrumb\"},\"inLanguage\":\"fr-FR\",\"potentialAction\":[{\"@type\":\"ReadAction\",\"target\":[\"https:\/\/www.acomeambiente.org\/fr\/blog\/2017\/05\/02\/scienza-in-fabbrica\/\"]}]},{\"@type\":\"ImageObject\",\"inLanguage\":\"fr-FR\",\"@id\":\"https:\/\/www.acomeambiente.org\/fr\/blog\/2017\/05\/02\/scienza-in-fabbrica\/#primaryimage\",\"url\":\"https:\/\/www.acomeambiente.org\/fr\/wp-content\/uploads\/sites\/2\/2017\/04\/scienza-in-fabbrica.png\",\"contentUrl\":\"https:\/\/www.acomeambiente.org\/fr\/wp-content\/uploads\/sites\/2\/2017\/04\/scienza-in-fabbrica.png\",\"width\":\"998\",\"height\":\"400\"},{\"@type\":\"BreadcrumbList\",\"@id\":\"https:\/\/www.acomeambiente.org\/fr\/blog\/2017\/05\/02\/scienza-in-fabbrica\/#breadcrumb\",\"itemListElement\":[{\"@type\":\"ListItem\",\"position\":1,\"name\":\"Home\",\"item\":\"https:\/\/www.acomeambiente.org\/fr\/\"},{\"@type\":\"ListItem\",\"position\":2,\"name\":\"Scienza in fabbrica\"}]},{\"@type\":\"WebSite\",\"@id\":\"https:\/\/www.acomeambiente.org\/fr\/#website\",\"url\":\"https:\/\/www.acomeambiente.org\/fr\/\",\"name\":\"Fr - MAcA - Museo A come Ambiente\",\"description\":\"Passa al MAcA, costruiamo insieme un mondo pi\u00f9 sostenibile\",\"potentialAction\":[{\"@type\":\"SearchAction\",\"target\":{\"@type\":\"EntryPoint\",\"urlTemplate\":\"https:\/\/www.acomeambiente.org\/fr\/?s={search_term_string}\"},\"query-input\":{\"@type\":\"PropertyValueSpecification\",\"valueRequired\":true,\"valueName\":\"search_term_string\"}}],\"inLanguage\":\"fr-FR\"},{\"@type\":\"Person\",\"@id\":\"https:\/\/www.acomeambiente.org\/fr\/#\/schema\/person\/ab6a3aa499f2f11579162e2a29d0f2bb\",\"name\":\"Alberto Pinto\",\"image\":{\"@type\":\"ImageObject\",\"inLanguage\":\"fr-FR\",\"@id\":\"https:\/\/www.acomeambiente.org\/fr\/#\/schema\/person\/image\/\",\"url\":\"https:\/\/secure.gravatar.com\/avatar\/6be8fe355379e3f4707a96c378ea6193eddbd58461b7984364b1da5632ef922d?s=96&d=mm&r=g\",\"contentUrl\":\"https:\/\/secure.gravatar.com\/avatar\/6be8fe355379e3f4707a96c378ea6193eddbd58461b7984364b1da5632ef922d?s=96&d=mm&r=g\",\"caption\":\"Alberto Pinto\"},\"url\":\"https:\/\/www.acomeambiente.org\/fr\/blog\/author\/alberto-pinto\/\"}]}<\/script>\n<!-- \/ Yoast SEO plugin. -->","yoast_head_json":{"title":"Scienza in fabbrica - Fr - MAcA - Museo A come Ambiente","robots":{"index":"index","follow":"follow","max-snippet":"max-snippet:-1","max-image-preview":"max-image-preview:large","max-video-preview":"max-video-preview:-1"},"canonical":"https:\/\/www.acomeambiente.org\/fr\/blog\/2017\/05\/02\/scienza-in-fabbrica\/","og_locale":"fr_FR","og_type":"article","og_title":"Scienza in fabbrica - Fr - MAcA - Museo A come Ambiente","og_description":"13 e 14 maggio 2017, Torino","og_url":"https:\/\/www.acomeambiente.org\/fr\/blog\/2017\/05\/02\/scienza-in-fabbrica\/","og_site_name":"Fr - MAcA - Museo A come Ambiente","article_published_time":"2017-05-02T08:12:08+00:00","article_modified_time":"2017-05-02T08:37:09+00:00","og_image":[{"width":998,"height":400,"url":"https:\/\/www.acomeambiente.org\/fr\/wp-content\/uploads\/sites\/2\/2017\/04\/scienza-in-fabbrica.png","type":"image\/png"}],"author":"Alberto Pinto","twitter_card":"summary_large_image","twitter_misc":{"\u00c9crit par":"Alberto Pinto","Dur\u00e9e de lecture estim\u00e9e":"1 minute"},"schema":{"@context":"https:\/\/schema.org","@graph":[{"@type":"Article","@id":"https:\/\/www.acomeambiente.org\/fr\/blog\/2017\/05\/02\/scienza-in-fabbrica\/#article","isPartOf":{"@id":"https:\/\/www.acomeambiente.org\/fr\/blog\/2017\/05\/02\/scienza-in-fabbrica\/"},"author":{"name":"Alberto Pinto","@id":"https:\/\/www.acomeambiente.org\/fr\/#\/schema\/person\/ab6a3aa499f2f11579162e2a29d0f2bb"},"headline":"Scienza in fabbrica","datePublished":"2017-05-02T08:12:08+00:00","dateModified":"2017-05-02T08:37:09+00:00","mainEntityOfPage":{"@id":"https:\/\/www.acomeambiente.org\/fr\/blog\/2017\/05\/02\/scienza-in-fabbrica\/"},"wordCount":188,"image":{"@id":"https:\/\/www.acomeambiente.org\/fr\/blog\/2017\/05\/02\/scienza-in-fabbrica\/#primaryimage"},"thumbnailUrl":"https:\/\/www.acomeambiente.org\/fr\/wp-content\/uploads\/sites\/2\/2017\/04\/scienza-in-fabbrica.png","keywords":["Eventi","Le Settimane della Scienza","Scienza in fabbrica"],"articleSection":["\u00c9v\u00e9nements"],"inLanguage":"fr-FR"},{"@type":"WebPage","@id":"https:\/\/www.acomeambiente.org\/fr\/blog\/2017\/05\/02\/scienza-in-fabbrica\/","url":"https:\/\/www.acomeambiente.org\/fr\/blog\/2017\/05\/02\/scienza-in-fabbrica\/","name":"Scienza in fabbrica - Fr - MAcA - Museo A come Ambiente","isPartOf":{"@id":"https:\/\/www.acomeambiente.org\/fr\/#website"},"primaryImageOfPage":{"@id":"https:\/\/www.acomeambiente.org\/fr\/blog\/2017\/05\/02\/scienza-in-fabbrica\/#primaryimage"},"image":{"@id":"https:\/\/www.acomeambiente.org\/fr\/blog\/2017\/05\/02\/scienza-in-fabbrica\/#primaryimage"},"thumbnailUrl":"https:\/\/www.acomeambiente.org\/fr\/wp-content\/uploads\/sites\/2\/2017\/04\/scienza-in-fabbrica.png","datePublished":"2017-05-02T08:12:08+00:00","dateModified":"2017-05-02T08:37:09+00:00","author":{"@id":"https:\/\/www.acomeambiente.org\/fr\/#\/schema\/person\/ab6a3aa499f2f11579162e2a29d0f2bb"},"breadcrumb":{"@id":"https:\/\/www.acomeambiente.org\/fr\/blog\/2017\/05\/02\/scienza-in-fabbrica\/#breadcrumb"},"inLanguage":"fr-FR","potentialAction":[{"@type":"ReadAction","target":["https:\/\/www.acomeambiente.org\/fr\/blog\/2017\/05\/02\/scienza-in-fabbrica\/"]}]},{"@type":"ImageObject","inLanguage":"fr-FR","@id":"https:\/\/www.acomeambiente.org\/fr\/blog\/2017\/05\/02\/scienza-in-fabbrica\/#primaryimage","url":"https:\/\/www.acomeambiente.org\/fr\/wp-content\/uploads\/sites\/2\/2017\/04\/scienza-in-fabbrica.png","contentUrl":"https:\/\/www.acomeambiente.org\/fr\/wp-content\/uploads\/sites\/2\/2017\/04\/scienza-in-fabbrica.png","width":"998","height":"400"},{"@type":"BreadcrumbList","@id":"https:\/\/www.acomeambiente.org\/fr\/blog\/2017\/05\/02\/scienza-in-fabbrica\/#breadcrumb","itemListElement":[{"@type":"ListItem","position":1,"name":"Home","item":"https:\/\/www.acomeambiente.org\/fr\/"},{"@type":"ListItem","position":2,"name":"Scienza in fabbrica"}]},{"@type":"WebSite","@id":"https:\/\/www.acomeambiente.org\/fr\/#website","url":"https:\/\/www.acomeambiente.org\/fr\/","name":"Fr - MAcA - Museo A come Ambiente","description":"Passa al MAcA, costruiamo insieme un mondo pi\u00f9 sostenibile","potentialAction":[{"@type":"SearchAction","target":{"@type":"EntryPoint","urlTemplate":"https:\/\/www.acomeambiente.org\/fr\/?s={search_term_string}"},"query-input":{"@type":"PropertyValueSpecification","valueRequired":true,"valueName":"search_term_string"}}],"inLanguage":"fr-FR"},{"@type":"Person","@id":"https:\/\/www.acomeambiente.org\/fr\/#\/schema\/person\/ab6a3aa499f2f11579162e2a29d0f2bb","name":"Alberto Pinto","image":{"@type":"ImageObject","inLanguage":"fr-FR","@id":"https:\/\/www.acomeambiente.org\/fr\/#\/schema\/person\/image\/","url":"https:\/\/secure.gravatar.com\/avatar\/6be8fe355379e3f4707a96c378ea6193eddbd58461b7984364b1da5632ef922d?s=96&d=mm&r=g","contentUrl":"https:\/\/secure.gravatar.com\/avatar\/6be8fe355379e3f4707a96c378ea6193eddbd58461b7984364b1da5632ef922d?s=96&d=mm&r=g","caption":"Alberto Pinto"},"url":"https:\/\/www.acomeambiente.org\/fr\/blog\/author\/alberto-pinto\/"}]}},"_links":{"self":[{"href":"https:\/\/www.acomeambiente.org\/fr\/wp-json\/wp\/v2\/posts\/4572","targetHints":{"allow":["GET"]}}],"collection":[{"href":"https:\/\/www.acomeambiente.org\/fr\/wp-json\/wp\/v2\/posts"}],"about":[{"href":"https:\/\/www.acomeambiente.org\/fr\/wp-json\/wp\/v2\/types\/post"}],"author":[{"embeddable":true,"href":"https:\/\/www.acomeambiente.org\/fr\/wp-json\/wp\/v2\/users\/1026"}],"replies":[{"embeddable":true,"href":"https:\/\/www.acomeambiente.org\/fr\/wp-json\/wp\/v2\/comments?post=4572"}],"version-history":[{"count":3,"href":"https:\/\/www.acomeambiente.org\/fr\/wp-json\/wp\/v2\/posts\/4572\/revisions"}],"predecessor-version":[{"id":4589,"href":"https:\/\/www.acomeambiente.org\/fr\/wp-json\/wp\/v2\/posts\/4572\/revisions\/4589"}],"wp:featuredmedia":[{"embeddable":true,"href":"https:\/\/www.acomeambiente.org\/fr\/wp-json\/wp\/v2\/media\/4574"}],"wp:attachment":[{"href":"https:\/\/www.acomeambiente.org\/fr\/wp-json\/wp\/v2\/media?parent=4572"}],"wp:term":[{"taxonomy":"category","embeddable":true,"href":"https:\/\/www.acomeambiente.org\/fr\/wp-json\/wp\/v2\/categories?post=4572"},{"taxonomy":"post_tag","embeddable":true,"href":"https:\/\/www.acomeambiente.org\/fr\/wp-json\/wp\/v2\/tags?post=4572"}],"curies":[{"name":"wp","href":"https:\/\/api.w.org\/{rel}","templated":true}]}}