{"id":4312,"date":"2017-03-30T07:02:54","date_gmt":"2017-03-30T07:02:54","guid":{"rendered":"http:\/\/www.acomeambiente.org\/fr\/?p=4312"},"modified":"2017-04-11T08:38:27","modified_gmt":"2017-04-11T08:38:27","slug":"lambiente-si-dolce-festeggia-la-pasquetta-al-maca","status":"publish","type":"post","link":"https:\/\/www.acomeambiente.org\/fr\/blog\/2017\/03\/30\/lambiente-si-dolce-festeggia-la-pasquetta-al-maca\/","title":{"rendered":"L\u2019Ambiente si fa dolce: festeggia la Pasquetta al MAcA!"},"content":{"rendered":"<h1 class=\"entry-title\" style=\"text-align: justify;\">L\u2019Ambiente si fa dolce: festeggia la Pasquetta al MAcA!<\/h1>\n<div class=\"fusion-fullwidth fullwidth-box fusion-builder-row-1 hundred-percent-fullwidth non-hundred-percent-height-scrolling\" style=\"--awb-border-radius-top-left:0px;--awb-border-radius-top-right:0px;--awb-border-radius-bottom-right:0px;--awb-border-radius-bottom-left:0px;--awb-overflow:visible;--awb-flex-wrap:wrap;\" ><div class=\"fusion-builder-row fusion-row\"><div class=\"fusion-layout-column fusion_builder_column fusion-builder-column-0 fusion_builder_column_1_1 1_1 fusion-one-full fusion-column-first fusion-column-last fusion-column-no-min-height\" style=\"--awb-bg-size:cover;--awb-margin-bottom:0px;\"><div class=\"fusion-column-wrapper fusion-flex-column-wrapper-legacy\"><div id=\"attachment_4313\" style=\"width: 991px\" class=\"wp-caption aligncenter\"><img decoding=\"async\" aria-describedby=\"caption-attachment-4313\" class=\"wp-image-4313 \" src=\"http:\/\/www.acomeambiente.org\/wp-content\/uploads\/sites\/2\/2017\/03\/Schermata-2016-03-24-alle-15.51.21-1024x527.png\" width=\"981\" height=\"505\" srcset=\"https:\/\/www.acomeambiente.org\/fr\/wp-content\/uploads\/sites\/2\/2017\/03\/Schermata-2016-03-24-alle-15.51.21-200x103.png 200w, https:\/\/www.acomeambiente.org\/fr\/wp-content\/uploads\/sites\/2\/2017\/03\/Schermata-2016-03-24-alle-15.51.21-300x155.png 300w, https:\/\/www.acomeambiente.org\/fr\/wp-content\/uploads\/sites\/2\/2017\/03\/Schermata-2016-03-24-alle-15.51.21-400x206.png 400w, https:\/\/www.acomeambiente.org\/fr\/wp-content\/uploads\/sites\/2\/2017\/03\/Schermata-2016-03-24-alle-15.51.21-600x309.png 600w, https:\/\/www.acomeambiente.org\/fr\/wp-content\/uploads\/sites\/2\/2017\/03\/Schermata-2016-03-24-alle-15.51.21-768x396.png 768w, https:\/\/www.acomeambiente.org\/fr\/wp-content\/uploads\/sites\/2\/2017\/03\/Schermata-2016-03-24-alle-15.51.21-800x412.png 800w, https:\/\/www.acomeambiente.org\/fr\/wp-content\/uploads\/sites\/2\/2017\/03\/Schermata-2016-03-24-alle-15.51.21-1024x527.png 1024w, https:\/\/www.acomeambiente.org\/fr\/wp-content\/uploads\/sites\/2\/2017\/03\/Schermata-2016-03-24-alle-15.51.21-1200x618.png 1200w, https:\/\/www.acomeambiente.org\/fr\/wp-content\/uploads\/sites\/2\/2017\/03\/Schermata-2016-03-24-alle-15.51.21.png 2184w\" sizes=\"(max-width: 981px) 100vw, 981px\" \/><p id=\"caption-attachment-4313\" class=\"wp-caption-text\">Foto: COMIECO<\/p><\/div>\n<p>Anche noi del MAcA ci stiamo preparando per festeggiare la <strong>Pasquetta<\/strong> in maniera davvero speciale.<\/p>\n<p><strong>Luned\u00ec 17 aprile<\/strong> non perdere il laboratorio \u201c<strong>L\u2019Ambiente si fa dolce<\/strong>\u201d. A partire dai materiali di recupero costruiremo insieme dei simpatici <strong>porta ovetti di cioccolato<\/strong>.<\/p>\n<p>Un vecchio rotolo di carta igienica e un contenitore di cartone per le uova basteranno per liberare la fantasia e per dare nuova vita agli imballaggi. Una <strong>gallina<\/strong> e un <strong>coniglietto<\/strong> (<strong>senza dimenticare il cioccolato!<\/strong>) potranno essere portati a casa dai partecipanti.<\/p>\n<p>Il laboratorio si svolger\u00e0 alle <strong>ore 16:00<\/strong> (durata: 2 ore) e avr\u00e0 un costo di partecipazione di <strong>5 euro<\/strong> (1 accompagnatore gratis).<\/p>\n<p><strong>Il MAcA rester\u00e0 chiuso nelle giornate di sabato 15 e domenica 16 aprile 2017<\/strong>.<\/p>\n<p>Info e prenotazioni:<br \/>\n<a href=\"mailto:info@acomeambiente.org\">info@acomeambiente.org<br \/>\n<\/a>Tel. 011 070.25.35<div class=\"fusion-clearfix\"><\/div><\/div><\/div><\/div><\/div>\n","protected":false},"excerpt":{"rendered":"<p>17 aprile 2017, Torino <\/p>\n","protected":false},"author":1026,"featured_media":4313,"comment_status":"closed","ping_status":"open","sticky":false,"template":"","format":"standard","meta":{"footnotes":""},"categories":[7],"tags":[404,14,630,42,403,629,186],"class_list":["post-4312","post","type-post","status-publish","format-standard","has-post-thumbnail","hentry","category-evenements","tag-cioccolato","tag-eventi","tag-lambiente-si-fa-dolce","tag-laboratorio","tag-pasquetta","tag-recupero-dei-materiali","tag-riciclo"],"yoast_head":"<!-- This site is optimized with the Yoast SEO plugin v26.9 - https:\/\/yoast.com\/product\/yoast-seo-wordpress\/ -->\n<title>L\u2019Ambiente si fa dolce: festeggia la Pasquetta al MAcA! - Fr - MAcA - Museo A come Ambiente<\/title>\n<meta name=\"robots\" content=\"index, follow, max-snippet:-1, max-image-preview:large, max-video-preview:-1\" \/>\n<link rel=\"canonical\" href=\"https:\/\/www.acomeambiente.org\/fr\/blog\/2017\/03\/30\/lambiente-si-dolce-festeggia-la-pasquetta-al-maca\/\" \/>\n<meta property=\"og:locale\" content=\"fr_FR\" \/>\n<meta property=\"og:type\" content=\"article\" \/>\n<meta property=\"og:title\" content=\"L\u2019Ambiente si fa dolce: festeggia la Pasquetta al MAcA! - Fr - MAcA - Museo A come Ambiente\" \/>\n<meta property=\"og:description\" content=\"17 aprile 2017, Torino\" \/>\n<meta property=\"og:url\" content=\"https:\/\/www.acomeambiente.org\/fr\/blog\/2017\/03\/30\/lambiente-si-dolce-festeggia-la-pasquetta-al-maca\/\" \/>\n<meta property=\"og:site_name\" content=\"Fr - MAcA - Museo A come Ambiente\" \/>\n<meta property=\"article:published_time\" content=\"2017-03-30T07:02:54+00:00\" \/>\n<meta property=\"article:modified_time\" content=\"2017-04-11T08:38:27+00:00\" \/>\n<meta property=\"og:image\" content=\"https:\/\/www.acomeambiente.org\/fr\/wp-content\/uploads\/sites\/2\/2017\/03\/Schermata-2016-03-24-alle-15.51.21.png\" \/>\n\t<meta property=\"og:image:width\" content=\"2184\" \/>\n\t<meta property=\"og:image:height\" content=\"1125\" \/>\n\t<meta property=\"og:image:type\" content=\"image\/png\" \/>\n<meta name=\"author\" content=\"Alberto Pinto\" \/>\n<meta name=\"twitter:card\" content=\"summary_large_image\" \/>\n<meta name=\"twitter:label1\" content=\"\u00c9crit par\" \/>\n\t<meta name=\"twitter:data1\" content=\"Alberto Pinto\" \/>\n\t<meta name=\"twitter:label2\" content=\"Dur\u00e9e de lecture estim\u00e9e\" \/>\n\t<meta name=\"twitter:data2\" content=\"1 minute\" \/>\n<script type=\"application\/ld+json\" class=\"yoast-schema-graph\">{\"@context\":\"https:\/\/schema.org\",\"@graph\":[{\"@type\":\"Article\",\"@id\":\"https:\/\/www.acomeambiente.org\/fr\/blog\/2017\/03\/30\/lambiente-si-dolce-festeggia-la-pasquetta-al-maca\/#article\",\"isPartOf\":{\"@id\":\"https:\/\/www.acomeambiente.org\/fr\/blog\/2017\/03\/30\/lambiente-si-dolce-festeggia-la-pasquetta-al-maca\/\"},\"author\":{\"name\":\"Alberto Pinto\",\"@id\":\"https:\/\/www.acomeambiente.org\/fr\/#\/schema\/person\/ab6a3aa499f2f11579162e2a29d0f2bb\"},\"headline\":\"L\u2019Ambiente si fa dolce: festeggia la Pasquetta al MAcA!\",\"datePublished\":\"2017-03-30T07:02:54+00:00\",\"dateModified\":\"2017-04-11T08:38:27+00:00\",\"mainEntityOfPage\":{\"@id\":\"https:\/\/www.acomeambiente.org\/fr\/blog\/2017\/03\/30\/lambiente-si-dolce-festeggia-la-pasquetta-al-maca\/\"},\"wordCount\":217,\"image\":{\"@id\":\"https:\/\/www.acomeambiente.org\/fr\/blog\/2017\/03\/30\/lambiente-si-dolce-festeggia-la-pasquetta-al-maca\/#primaryimage\"},\"thumbnailUrl\":\"https:\/\/www.acomeambiente.org\/fr\/wp-content\/uploads\/sites\/2\/2017\/03\/Schermata-2016-03-24-alle-15.51.21.png\",\"keywords\":[\"cioccolato\",\"Eventi\",\"L'ambiente si fa dolce\",\"laboratorio\",\"Pasquetta\",\"recupero dei materiali\",\"riciclo\"],\"articleSection\":[\"\u00c9v\u00e9nements\"],\"inLanguage\":\"fr-FR\"},{\"@type\":\"WebPage\",\"@id\":\"https:\/\/www.acomeambiente.org\/fr\/blog\/2017\/03\/30\/lambiente-si-dolce-festeggia-la-pasquetta-al-maca\/\",\"url\":\"https:\/\/www.acomeambiente.org\/fr\/blog\/2017\/03\/30\/lambiente-si-dolce-festeggia-la-pasquetta-al-maca\/\",\"name\":\"L\u2019Ambiente si fa dolce: festeggia la Pasquetta al MAcA! - Fr - MAcA - Museo A come Ambiente\",\"isPartOf\":{\"@id\":\"https:\/\/www.acomeambiente.org\/fr\/#website\"},\"primaryImageOfPage\":{\"@id\":\"https:\/\/www.acomeambiente.org\/fr\/blog\/2017\/03\/30\/lambiente-si-dolce-festeggia-la-pasquetta-al-maca\/#primaryimage\"},\"image\":{\"@id\":\"https:\/\/www.acomeambiente.org\/fr\/blog\/2017\/03\/30\/lambiente-si-dolce-festeggia-la-pasquetta-al-maca\/#primaryimage\"},\"thumbnailUrl\":\"https:\/\/www.acomeambiente.org\/fr\/wp-content\/uploads\/sites\/2\/2017\/03\/Schermata-2016-03-24-alle-15.51.21.png\",\"datePublished\":\"2017-03-30T07:02:54+00:00\",\"dateModified\":\"2017-04-11T08:38:27+00:00\",\"author\":{\"@id\":\"https:\/\/www.acomeambiente.org\/fr\/#\/schema\/person\/ab6a3aa499f2f11579162e2a29d0f2bb\"},\"breadcrumb\":{\"@id\":\"https:\/\/www.acomeambiente.org\/fr\/blog\/2017\/03\/30\/lambiente-si-dolce-festeggia-la-pasquetta-al-maca\/#breadcrumb\"},\"inLanguage\":\"fr-FR\",\"potentialAction\":[{\"@type\":\"ReadAction\",\"target\":[\"https:\/\/www.acomeambiente.org\/fr\/blog\/2017\/03\/30\/lambiente-si-dolce-festeggia-la-pasquetta-al-maca\/\"]}]},{\"@type\":\"ImageObject\",\"inLanguage\":\"fr-FR\",\"@id\":\"https:\/\/www.acomeambiente.org\/fr\/blog\/2017\/03\/30\/lambiente-si-dolce-festeggia-la-pasquetta-al-maca\/#primaryimage\",\"url\":\"https:\/\/www.acomeambiente.org\/fr\/wp-content\/uploads\/sites\/2\/2017\/03\/Schermata-2016-03-24-alle-15.51.21.png\",\"contentUrl\":\"https:\/\/www.acomeambiente.org\/fr\/wp-content\/uploads\/sites\/2\/2017\/03\/Schermata-2016-03-24-alle-15.51.21.png\",\"width\":2184,\"height\":1125,\"caption\":\"Foto: COMIECO\"},{\"@type\":\"BreadcrumbList\",\"@id\":\"https:\/\/www.acomeambiente.org\/fr\/blog\/2017\/03\/30\/lambiente-si-dolce-festeggia-la-pasquetta-al-maca\/#breadcrumb\",\"itemListElement\":[{\"@type\":\"ListItem\",\"position\":1,\"name\":\"Home\",\"item\":\"https:\/\/www.acomeambiente.org\/fr\/\"},{\"@type\":\"ListItem\",\"position\":2,\"name\":\"L\u2019Ambiente si fa dolce: festeggia la Pasquetta al MAcA!\"}]},{\"@type\":\"WebSite\",\"@id\":\"https:\/\/www.acomeambiente.org\/fr\/#website\",\"url\":\"https:\/\/www.acomeambiente.org\/fr\/\",\"name\":\"Fr - MAcA - Museo A come Ambiente\",\"description\":\"Passa al MAcA, costruiamo insieme un mondo pi\u00f9 sostenibile\",\"potentialAction\":[{\"@type\":\"SearchAction\",\"target\":{\"@type\":\"EntryPoint\",\"urlTemplate\":\"https:\/\/www.acomeambiente.org\/fr\/?s={search_term_string}\"},\"query-input\":{\"@type\":\"PropertyValueSpecification\",\"valueRequired\":true,\"valueName\":\"search_term_string\"}}],\"inLanguage\":\"fr-FR\"},{\"@type\":\"Person\",\"@id\":\"https:\/\/www.acomeambiente.org\/fr\/#\/schema\/person\/ab6a3aa499f2f11579162e2a29d0f2bb\",\"name\":\"Alberto Pinto\",\"image\":{\"@type\":\"ImageObject\",\"inLanguage\":\"fr-FR\",\"@id\":\"https:\/\/www.acomeambiente.org\/fr\/#\/schema\/person\/image\/\",\"url\":\"https:\/\/secure.gravatar.com\/avatar\/6be8fe355379e3f4707a96c378ea6193eddbd58461b7984364b1da5632ef922d?s=96&d=mm&r=g\",\"contentUrl\":\"https:\/\/secure.gravatar.com\/avatar\/6be8fe355379e3f4707a96c378ea6193eddbd58461b7984364b1da5632ef922d?s=96&d=mm&r=g\",\"caption\":\"Alberto Pinto\"},\"url\":\"https:\/\/www.acomeambiente.org\/fr\/blog\/author\/alberto-pinto\/\"}]}<\/script>\n<!-- \/ Yoast SEO plugin. -->","yoast_head_json":{"title":"L\u2019Ambiente si fa dolce: festeggia la Pasquetta al MAcA! - Fr - MAcA - Museo A come Ambiente","robots":{"index":"index","follow":"follow","max-snippet":"max-snippet:-1","max-image-preview":"max-image-preview:large","max-video-preview":"max-video-preview:-1"},"canonical":"https:\/\/www.acomeambiente.org\/fr\/blog\/2017\/03\/30\/lambiente-si-dolce-festeggia-la-pasquetta-al-maca\/","og_locale":"fr_FR","og_type":"article","og_title":"L\u2019Ambiente si fa dolce: festeggia la Pasquetta al MAcA! - Fr - MAcA - Museo A come Ambiente","og_description":"17 aprile 2017, Torino","og_url":"https:\/\/www.acomeambiente.org\/fr\/blog\/2017\/03\/30\/lambiente-si-dolce-festeggia-la-pasquetta-al-maca\/","og_site_name":"Fr - MAcA - Museo A come Ambiente","article_published_time":"2017-03-30T07:02:54+00:00","article_modified_time":"2017-04-11T08:38:27+00:00","og_image":[{"width":2184,"height":1125,"url":"https:\/\/www.acomeambiente.org\/fr\/wp-content\/uploads\/sites\/2\/2017\/03\/Schermata-2016-03-24-alle-15.51.21.png","type":"image\/png"}],"author":"Alberto Pinto","twitter_card":"summary_large_image","twitter_misc":{"\u00c9crit par":"Alberto Pinto","Dur\u00e9e de lecture estim\u00e9e":"1 minute"},"schema":{"@context":"https:\/\/schema.org","@graph":[{"@type":"Article","@id":"https:\/\/www.acomeambiente.org\/fr\/blog\/2017\/03\/30\/lambiente-si-dolce-festeggia-la-pasquetta-al-maca\/#article","isPartOf":{"@id":"https:\/\/www.acomeambiente.org\/fr\/blog\/2017\/03\/30\/lambiente-si-dolce-festeggia-la-pasquetta-al-maca\/"},"author":{"name":"Alberto Pinto","@id":"https:\/\/www.acomeambiente.org\/fr\/#\/schema\/person\/ab6a3aa499f2f11579162e2a29d0f2bb"},"headline":"L\u2019Ambiente si fa dolce: festeggia la Pasquetta al MAcA!","datePublished":"2017-03-30T07:02:54+00:00","dateModified":"2017-04-11T08:38:27+00:00","mainEntityOfPage":{"@id":"https:\/\/www.acomeambiente.org\/fr\/blog\/2017\/03\/30\/lambiente-si-dolce-festeggia-la-pasquetta-al-maca\/"},"wordCount":217,"image":{"@id":"https:\/\/www.acomeambiente.org\/fr\/blog\/2017\/03\/30\/lambiente-si-dolce-festeggia-la-pasquetta-al-maca\/#primaryimage"},"thumbnailUrl":"https:\/\/www.acomeambiente.org\/fr\/wp-content\/uploads\/sites\/2\/2017\/03\/Schermata-2016-03-24-alle-15.51.21.png","keywords":["cioccolato","Eventi","L'ambiente si fa dolce","laboratorio","Pasquetta","recupero dei materiali","riciclo"],"articleSection":["\u00c9v\u00e9nements"],"inLanguage":"fr-FR"},{"@type":"WebPage","@id":"https:\/\/www.acomeambiente.org\/fr\/blog\/2017\/03\/30\/lambiente-si-dolce-festeggia-la-pasquetta-al-maca\/","url":"https:\/\/www.acomeambiente.org\/fr\/blog\/2017\/03\/30\/lambiente-si-dolce-festeggia-la-pasquetta-al-maca\/","name":"L\u2019Ambiente si fa dolce: festeggia la Pasquetta al MAcA! - Fr - MAcA - Museo A come Ambiente","isPartOf":{"@id":"https:\/\/www.acomeambiente.org\/fr\/#website"},"primaryImageOfPage":{"@id":"https:\/\/www.acomeambiente.org\/fr\/blog\/2017\/03\/30\/lambiente-si-dolce-festeggia-la-pasquetta-al-maca\/#primaryimage"},"image":{"@id":"https:\/\/www.acomeambiente.org\/fr\/blog\/2017\/03\/30\/lambiente-si-dolce-festeggia-la-pasquetta-al-maca\/#primaryimage"},"thumbnailUrl":"https:\/\/www.acomeambiente.org\/fr\/wp-content\/uploads\/sites\/2\/2017\/03\/Schermata-2016-03-24-alle-15.51.21.png","datePublished":"2017-03-30T07:02:54+00:00","dateModified":"2017-04-11T08:38:27+00:00","author":{"@id":"https:\/\/www.acomeambiente.org\/fr\/#\/schema\/person\/ab6a3aa499f2f11579162e2a29d0f2bb"},"breadcrumb":{"@id":"https:\/\/www.acomeambiente.org\/fr\/blog\/2017\/03\/30\/lambiente-si-dolce-festeggia-la-pasquetta-al-maca\/#breadcrumb"},"inLanguage":"fr-FR","potentialAction":[{"@type":"ReadAction","target":["https:\/\/www.acomeambiente.org\/fr\/blog\/2017\/03\/30\/lambiente-si-dolce-festeggia-la-pasquetta-al-maca\/"]}]},{"@type":"ImageObject","inLanguage":"fr-FR","@id":"https:\/\/www.acomeambiente.org\/fr\/blog\/2017\/03\/30\/lambiente-si-dolce-festeggia-la-pasquetta-al-maca\/#primaryimage","url":"https:\/\/www.acomeambiente.org\/fr\/wp-content\/uploads\/sites\/2\/2017\/03\/Schermata-2016-03-24-alle-15.51.21.png","contentUrl":"https:\/\/www.acomeambiente.org\/fr\/wp-content\/uploads\/sites\/2\/2017\/03\/Schermata-2016-03-24-alle-15.51.21.png","width":2184,"height":1125,"caption":"Foto: COMIECO"},{"@type":"BreadcrumbList","@id":"https:\/\/www.acomeambiente.org\/fr\/blog\/2017\/03\/30\/lambiente-si-dolce-festeggia-la-pasquetta-al-maca\/#breadcrumb","itemListElement":[{"@type":"ListItem","position":1,"name":"Home","item":"https:\/\/www.acomeambiente.org\/fr\/"},{"@type":"ListItem","position":2,"name":"L\u2019Ambiente si fa dolce: festeggia la Pasquetta al MAcA!"}]},{"@type":"WebSite","@id":"https:\/\/www.acomeambiente.org\/fr\/#website","url":"https:\/\/www.acomeambiente.org\/fr\/","name":"Fr - MAcA - Museo A come Ambiente","description":"Passa al MAcA, costruiamo insieme un mondo pi\u00f9 sostenibile","potentialAction":[{"@type":"SearchAction","target":{"@type":"EntryPoint","urlTemplate":"https:\/\/www.acomeambiente.org\/fr\/?s={search_term_string}"},"query-input":{"@type":"PropertyValueSpecification","valueRequired":true,"valueName":"search_term_string"}}],"inLanguage":"fr-FR"},{"@type":"Person","@id":"https:\/\/www.acomeambiente.org\/fr\/#\/schema\/person\/ab6a3aa499f2f11579162e2a29d0f2bb","name":"Alberto Pinto","image":{"@type":"ImageObject","inLanguage":"fr-FR","@id":"https:\/\/www.acomeambiente.org\/fr\/#\/schema\/person\/image\/","url":"https:\/\/secure.gravatar.com\/avatar\/6be8fe355379e3f4707a96c378ea6193eddbd58461b7984364b1da5632ef922d?s=96&d=mm&r=g","contentUrl":"https:\/\/secure.gravatar.com\/avatar\/6be8fe355379e3f4707a96c378ea6193eddbd58461b7984364b1da5632ef922d?s=96&d=mm&r=g","caption":"Alberto Pinto"},"url":"https:\/\/www.acomeambiente.org\/fr\/blog\/author\/alberto-pinto\/"}]}},"_links":{"self":[{"href":"https:\/\/www.acomeambiente.org\/fr\/wp-json\/wp\/v2\/posts\/4312","targetHints":{"allow":["GET"]}}],"collection":[{"href":"https:\/\/www.acomeambiente.org\/fr\/wp-json\/wp\/v2\/posts"}],"about":[{"href":"https:\/\/www.acomeambiente.org\/fr\/wp-json\/wp\/v2\/types\/post"}],"author":[{"embeddable":true,"href":"https:\/\/www.acomeambiente.org\/fr\/wp-json\/wp\/v2\/users\/1026"}],"replies":[{"embeddable":true,"href":"https:\/\/www.acomeambiente.org\/fr\/wp-json\/wp\/v2\/comments?post=4312"}],"version-history":[{"count":4,"href":"https:\/\/www.acomeambiente.org\/fr\/wp-json\/wp\/v2\/posts\/4312\/revisions"}],"predecessor-version":[{"id":4428,"href":"https:\/\/www.acomeambiente.org\/fr\/wp-json\/wp\/v2\/posts\/4312\/revisions\/4428"}],"wp:featuredmedia":[{"embeddable":true,"href":"https:\/\/www.acomeambiente.org\/fr\/wp-json\/wp\/v2\/media\/4313"}],"wp:attachment":[{"href":"https:\/\/www.acomeambiente.org\/fr\/wp-json\/wp\/v2\/media?parent=4312"}],"wp:term":[{"taxonomy":"category","embeddable":true,"href":"https:\/\/www.acomeambiente.org\/fr\/wp-json\/wp\/v2\/categories?post=4312"},{"taxonomy":"post_tag","embeddable":true,"href":"https:\/\/www.acomeambiente.org\/fr\/wp-json\/wp\/v2\/tags?post=4312"}],"curies":[{"name":"wp","href":"https:\/\/api.w.org\/{rel}","templated":true}]}}