{"id":4230,"date":"2017-03-03T13:39:42","date_gmt":"2017-03-03T13:39:42","guid":{"rendered":"http:\/\/www.acomeambiente.org\/fr\/?p=4230"},"modified":"2017-04-11T08:38:28","modified_gmt":"2017-04-11T08:38:28","slug":"maca-ospita-le-finali-torinesi-famelab-2017","status":"publish","type":"post","link":"https:\/\/www.acomeambiente.org\/fr\/blog\/2017\/03\/03\/maca-ospita-le-finali-torinesi-famelab-2017\/","title":{"rendered":"Il MAcA ospita le finali torinesi di FameLab 2017"},"content":{"rendered":"<h1 class=\"entry-title\" style=\"text-align: justify;\">Il MAcA ospita le finali torinesi di FameLab 2017<\/h1>\n<p><img decoding=\"async\" class=\"wp-image-4266  aligncenter\" src=\"http:\/\/www.acomeambiente.org\/wp-content\/uploads\/sites\/2\/2015\/02\/Copertina-FB_FameLab-2017-1024x576.jpg\" width=\"711\" height=\"400\" srcset=\"https:\/\/www.acomeambiente.org\/fr\/wp-content\/uploads\/sites\/2\/2015\/02\/Copertina-FB_FameLab-2017-200x113.jpg 200w, https:\/\/www.acomeambiente.org\/fr\/wp-content\/uploads\/sites\/2\/2015\/02\/Copertina-FB_FameLab-2017-300x169.jpg 300w, https:\/\/www.acomeambiente.org\/fr\/wp-content\/uploads\/sites\/2\/2015\/02\/Copertina-FB_FameLab-2017-400x225.jpg 400w, https:\/\/www.acomeambiente.org\/fr\/wp-content\/uploads\/sites\/2\/2015\/02\/Copertina-FB_FameLab-2017-600x338.jpg 600w, https:\/\/www.acomeambiente.org\/fr\/wp-content\/uploads\/sites\/2\/2015\/02\/Copertina-FB_FameLab-2017-768x432.jpg 768w, https:\/\/www.acomeambiente.org\/fr\/wp-content\/uploads\/sites\/2\/2015\/02\/Copertina-FB_FameLab-2017-800x450.jpg 800w, https:\/\/www.acomeambiente.org\/fr\/wp-content\/uploads\/sites\/2\/2015\/02\/Copertina-FB_FameLab-2017-1024x576.jpg 1024w, https:\/\/www.acomeambiente.org\/fr\/wp-content\/uploads\/sites\/2\/2015\/02\/Copertina-FB_FameLab-2017-1200x675.jpg 1200w, https:\/\/www.acomeambiente.org\/fr\/wp-content\/uploads\/sites\/2\/2015\/02\/Copertina-FB_FameLab-2017.jpg 1920w\" sizes=\"(max-width: 711px) 100vw, 711px\" \/><\/p>\n<p>Anche quest\u2019anno <strong>FameLab<\/strong>, il talent show internazionale della scienza, fa tappa nella citt\u00e0 di Torino per reclutare studenti e ricercatori tra i 18 e i 40 anni con la passione per la divulgazione scientifica.<\/p>\n<p>Sar\u00e0 il <strong><em>Museo A come Ambiente <\/em><\/strong>ad avere l\u2019onore di ospitare le selezioni cittadine, <strong>venerd\u00ec 17 marzo 2017<\/strong>, in un\u2019entusiasmante giornata di sfide che partir\u00e0 alle <strong>ore 9:30<\/strong> con le pre-selezioni e proseguir\u00e0 alle <strong>12:30<\/strong> con la finale.<\/p>\n<p>FameLab invita i partecipanti a raccontare in <strong>soli 3 minuti<\/strong> l\u2019oggetto dei propri studi o un argomento che li appassiona, mettendo a loro disposizione un palcoscenico di grande prestigio. Non ci saranno supporti grafici, ma soltanto la potenza della ricerca scientifica e la bravura nell\u2019esporre al pubblico il proprio speech.<\/p>\n<p>Al termine delle selezioni saranno scelti i <strong>due finalisti<\/strong> che, insieme ai finalisti delle altre citt\u00e0, accederanno alla <strong>finale nazionale<\/strong> di maggio e alla facoltosa <strong>FameLab Masterclass<\/strong>. Il vincitore di <strong>FameLab Italia 2017<\/strong> conquister\u00e0 il passaggio alla <strong>finale internazionale<\/strong> di <em>Cheltenham, a<\/em> \u00a0<strong>giugno 2017<\/strong>.<\/p>\n<p>La selezione torinese di\u00a0<em>FameLab<\/em>\u00a0\u00e8 organizzata dall\u2019<a href=\"http:\/\/www.centroscienza.it\/\" target=\"_blank\"><strong>Associazione Centro Scienza Onlus<\/strong><\/a>,\u00a0<a href=\"http:\/\/www.laboratoriocuriosita.it\/\" target=\"_blank\"><strong>Xk\u00e9? Il laboratorio della curiosit\u00e0<\/strong><\/a>,\u00a0<a href=\"http:\/\/www.acomeambiente.org\/fr\/\" target=\"_blank\"><strong>MAcA Museo A come Ambiente<\/strong><\/a>, in collaborazione con l\u2019<a href=\"http:\/\/www.unito.it\/\" target=\"_blank\"><strong>Universit\u00e0 degli Studi di Torino<\/strong><strong>\u00a0<\/strong><\/a>e\u00a0<a href=\"http:\/\/www.polito.it\/\" target=\"_blank\"><strong>Politecnico di Torino<\/strong><\/a>.<\/p>\n<p><a href=\"https:\/\/docs.google.com\/forms\/d\/e\/1FAIpQLSc9l19AJeusliqBcCd2v4lS96XH7OZMmmEzV2UNSKTvTUgUaw\/viewform?c=0&amp;w=1\"><strong>ATTENZIONE! Per iscriversi c&rsquo;\u00e8 tempo fino alle ore 12 di luned\u00ec 13\u00a0marzo 2017.<\/strong><\/a><\/p>\n<p>Scarica il\u00a0<a href=\"http:\/\/www.acomeambiente.org\/wp-content\/uploads\/sites\/2\/2017\/02\/FameLab2017_bando.pdf\" target=\"_blank\"><strong>bando di partecipazione<\/strong><\/a>\u00a0(<a href=\"http:\/\/www.acomeambiente.org\/wp-content\/uploads\/sites\/2\/2017\/02\/FameLab2017_bandoENG.pdf\" target=\"_blank\"><strong>ENG<\/strong><\/a>) e il\u00a0<a href=\"http:\/\/www.acomeambiente.org\/wp-content\/uploads\/sites\/2\/2017\/02\/FameLab2017_Regolamento.pdf\" target=\"_blank\"><strong>regolamento<\/strong><\/a>\u00a0(<a href=\"http:\/\/www.acomeambiente.org\/wp-content\/uploads\/sites\/2\/2017\/02\/FameLab2017_rules.pdf\" target=\"_blank\"><strong>ENG<\/strong><\/a>) per inviare la tua candidatura, compilando l\u2019apposito <a href=\"https:\/\/docs.google.com\/forms\/d\/e\/1FAIpQLSc9l19AJeusliqBcCd2v4lS96XH7OZMmmEzV2UNSKTvTUgUaw\/viewform?c=0&amp;w=1\" target=\"_blank\"><strong>modulo di iscrizione<\/strong><\/a>.<\/p>\n<p><strong>Per maggiori informazioni<\/strong><\/p>\n<p>Tel: 011 8129786<br \/>\ntorino@famelab-italy.it<br \/>\nwww.centroscienza.it<\/p>\n","protected":false},"excerpt":{"rendered":"<p>Il MAcA ospita le finali torinesi di FameLab 2017 Anche quest\u2019anno FameLab, il talent show internazionale della scienza, fa tappa nella citt\u00e0 di Torino per reclutare studenti e ricercatori tra  [&#8230;]<\/p>\n","protected":false},"author":1026,"featured_media":4262,"comment_status":"closed","ping_status":"open","sticky":false,"template":"","format":"standard","meta":{"footnotes":""},"categories":[61],"tags":[477,283,351,352,23,226,276,279,357],"class_list":["post-4230","post","type-post","status-publish","format-standard","has-post-thumbnail","hentry","category-news","tag-centroscienza-onlus","tag-divulgazione-scientifica","tag-famelab","tag-famelab-italia","tag-news","tag-politecnico-di-torino","tag-scienza","tag-universita-degli-studi-di-torino","tag-xke-il-laboratorio-della-curiosita"],"yoast_head":"<!-- This site is optimized with the Yoast SEO plugin v26.9 - https:\/\/yoast.com\/product\/yoast-seo-wordpress\/ -->\n<title>Il MAcA ospita le finali torinesi di FameLab 2017 - Fr - MAcA - Museo A come Ambiente<\/title>\n<meta name=\"robots\" content=\"index, follow, max-snippet:-1, max-image-preview:large, max-video-preview:-1\" \/>\n<link rel=\"canonical\" href=\"https:\/\/www.acomeambiente.org\/fr\/blog\/2017\/03\/03\/maca-ospita-le-finali-torinesi-famelab-2017\/\" \/>\n<meta property=\"og:locale\" content=\"fr_FR\" \/>\n<meta property=\"og:type\" content=\"article\" \/>\n<meta property=\"og:title\" content=\"Il MAcA ospita le finali torinesi di FameLab 2017 - Fr - MAcA - Museo A come Ambiente\" \/>\n<meta property=\"og:description\" content=\"Il MAcA ospita le finali torinesi di FameLab 2017 Anche quest\u2019anno FameLab, il talent show internazionale della scienza, fa tappa nella citt\u00e0 di Torino per reclutare studenti e ricercatori tra [...]\" \/>\n<meta property=\"og:url\" content=\"https:\/\/www.acomeambiente.org\/fr\/blog\/2017\/03\/03\/maca-ospita-le-finali-torinesi-famelab-2017\/\" \/>\n<meta property=\"og:site_name\" content=\"Fr - MAcA - Museo A come Ambiente\" \/>\n<meta property=\"article:published_time\" content=\"2017-03-03T13:39:42+00:00\" \/>\n<meta property=\"article:modified_time\" content=\"2017-04-11T08:38:28+00:00\" \/>\n<meta property=\"og:image\" content=\"https:\/\/www.acomeambiente.org\/fr\/wp-content\/uploads\/sites\/2\/2017\/03\/fl.png\" \/>\n\t<meta property=\"og:image:width\" content=\"627\" \/>\n\t<meta property=\"og:image:height\" content=\"285\" \/>\n\t<meta property=\"og:image:type\" content=\"image\/png\" \/>\n<meta name=\"author\" content=\"Alberto Pinto\" \/>\n<meta name=\"twitter:card\" content=\"summary_large_image\" \/>\n<meta name=\"twitter:label1\" content=\"\u00c9crit par\" \/>\n\t<meta name=\"twitter:data1\" content=\"Alberto Pinto\" \/>\n\t<meta name=\"twitter:label2\" content=\"Dur\u00e9e de lecture estim\u00e9e\" \/>\n\t<meta name=\"twitter:data2\" content=\"1 minute\" \/>\n<script type=\"application\/ld+json\" class=\"yoast-schema-graph\">{\"@context\":\"https:\/\/schema.org\",\"@graph\":[{\"@type\":\"Article\",\"@id\":\"https:\/\/www.acomeambiente.org\/fr\/blog\/2017\/03\/03\/maca-ospita-le-finali-torinesi-famelab-2017\/#article\",\"isPartOf\":{\"@id\":\"https:\/\/www.acomeambiente.org\/fr\/blog\/2017\/03\/03\/maca-ospita-le-finali-torinesi-famelab-2017\/\"},\"author\":{\"name\":\"Alberto Pinto\",\"@id\":\"https:\/\/www.acomeambiente.org\/fr\/#\/schema\/person\/ab6a3aa499f2f11579162e2a29d0f2bb\"},\"headline\":\"Il MAcA ospita le finali torinesi di FameLab 2017\",\"datePublished\":\"2017-03-03T13:39:42+00:00\",\"dateModified\":\"2017-04-11T08:38:28+00:00\",\"mainEntityOfPage\":{\"@id\":\"https:\/\/www.acomeambiente.org\/fr\/blog\/2017\/03\/03\/maca-ospita-le-finali-torinesi-famelab-2017\/\"},\"wordCount\":254,\"image\":{\"@id\":\"https:\/\/www.acomeambiente.org\/fr\/blog\/2017\/03\/03\/maca-ospita-le-finali-torinesi-famelab-2017\/#primaryimage\"},\"thumbnailUrl\":\"https:\/\/www.acomeambiente.org\/fr\/wp-content\/uploads\/sites\/2\/2017\/03\/fl.png\",\"keywords\":[\"CentroScienza Onlus\",\"divulgazione scientifica\",\"FameLab\",\"FameLab Italia\",\"news\",\"Politecnico di Torino\",\"scienza\",\"Universit\u00e0 degli Studi di Torino\",\"Xk\u00e9? Il laboratorio della curiosit\u00e0\"],\"articleSection\":[\"News\"],\"inLanguage\":\"fr-FR\"},{\"@type\":\"WebPage\",\"@id\":\"https:\/\/www.acomeambiente.org\/fr\/blog\/2017\/03\/03\/maca-ospita-le-finali-torinesi-famelab-2017\/\",\"url\":\"https:\/\/www.acomeambiente.org\/fr\/blog\/2017\/03\/03\/maca-ospita-le-finali-torinesi-famelab-2017\/\",\"name\":\"Il MAcA ospita le finali torinesi di FameLab 2017 - Fr - MAcA - Museo A come Ambiente\",\"isPartOf\":{\"@id\":\"https:\/\/www.acomeambiente.org\/fr\/#website\"},\"primaryImageOfPage\":{\"@id\":\"https:\/\/www.acomeambiente.org\/fr\/blog\/2017\/03\/03\/maca-ospita-le-finali-torinesi-famelab-2017\/#primaryimage\"},\"image\":{\"@id\":\"https:\/\/www.acomeambiente.org\/fr\/blog\/2017\/03\/03\/maca-ospita-le-finali-torinesi-famelab-2017\/#primaryimage\"},\"thumbnailUrl\":\"https:\/\/www.acomeambiente.org\/fr\/wp-content\/uploads\/sites\/2\/2017\/03\/fl.png\",\"datePublished\":\"2017-03-03T13:39:42+00:00\",\"dateModified\":\"2017-04-11T08:38:28+00:00\",\"author\":{\"@id\":\"https:\/\/www.acomeambiente.org\/fr\/#\/schema\/person\/ab6a3aa499f2f11579162e2a29d0f2bb\"},\"breadcrumb\":{\"@id\":\"https:\/\/www.acomeambiente.org\/fr\/blog\/2017\/03\/03\/maca-ospita-le-finali-torinesi-famelab-2017\/#breadcrumb\"},\"inLanguage\":\"fr-FR\",\"potentialAction\":[{\"@type\":\"ReadAction\",\"target\":[\"https:\/\/www.acomeambiente.org\/fr\/blog\/2017\/03\/03\/maca-ospita-le-finali-torinesi-famelab-2017\/\"]}]},{\"@type\":\"ImageObject\",\"inLanguage\":\"fr-FR\",\"@id\":\"https:\/\/www.acomeambiente.org\/fr\/blog\/2017\/03\/03\/maca-ospita-le-finali-torinesi-famelab-2017\/#primaryimage\",\"url\":\"https:\/\/www.acomeambiente.org\/fr\/wp-content\/uploads\/sites\/2\/2017\/03\/fl.png\",\"contentUrl\":\"https:\/\/www.acomeambiente.org\/fr\/wp-content\/uploads\/sites\/2\/2017\/03\/fl.png\",\"width\":627,\"height\":285},{\"@type\":\"BreadcrumbList\",\"@id\":\"https:\/\/www.acomeambiente.org\/fr\/blog\/2017\/03\/03\/maca-ospita-le-finali-torinesi-famelab-2017\/#breadcrumb\",\"itemListElement\":[{\"@type\":\"ListItem\",\"position\":1,\"name\":\"Home\",\"item\":\"https:\/\/www.acomeambiente.org\/fr\/\"},{\"@type\":\"ListItem\",\"position\":2,\"name\":\"Il MAcA ospita le finali torinesi di FameLab 2017\"}]},{\"@type\":\"WebSite\",\"@id\":\"https:\/\/www.acomeambiente.org\/fr\/#website\",\"url\":\"https:\/\/www.acomeambiente.org\/fr\/\",\"name\":\"Fr - MAcA - Museo A come Ambiente\",\"description\":\"Passa al MAcA, costruiamo insieme un mondo pi\u00f9 sostenibile\",\"potentialAction\":[{\"@type\":\"SearchAction\",\"target\":{\"@type\":\"EntryPoint\",\"urlTemplate\":\"https:\/\/www.acomeambiente.org\/fr\/?s={search_term_string}\"},\"query-input\":{\"@type\":\"PropertyValueSpecification\",\"valueRequired\":true,\"valueName\":\"search_term_string\"}}],\"inLanguage\":\"fr-FR\"},{\"@type\":\"Person\",\"@id\":\"https:\/\/www.acomeambiente.org\/fr\/#\/schema\/person\/ab6a3aa499f2f11579162e2a29d0f2bb\",\"name\":\"Alberto Pinto\",\"image\":{\"@type\":\"ImageObject\",\"inLanguage\":\"fr-FR\",\"@id\":\"https:\/\/www.acomeambiente.org\/fr\/#\/schema\/person\/image\/\",\"url\":\"https:\/\/secure.gravatar.com\/avatar\/6be8fe355379e3f4707a96c378ea6193eddbd58461b7984364b1da5632ef922d?s=96&d=mm&r=g\",\"contentUrl\":\"https:\/\/secure.gravatar.com\/avatar\/6be8fe355379e3f4707a96c378ea6193eddbd58461b7984364b1da5632ef922d?s=96&d=mm&r=g\",\"caption\":\"Alberto Pinto\"},\"url\":\"https:\/\/www.acomeambiente.org\/fr\/blog\/author\/alberto-pinto\/\"}]}<\/script>\n<!-- \/ Yoast SEO plugin. -->","yoast_head_json":{"title":"Il MAcA ospita le finali torinesi di FameLab 2017 - Fr - MAcA - Museo A come Ambiente","robots":{"index":"index","follow":"follow","max-snippet":"max-snippet:-1","max-image-preview":"max-image-preview:large","max-video-preview":"max-video-preview:-1"},"canonical":"https:\/\/www.acomeambiente.org\/fr\/blog\/2017\/03\/03\/maca-ospita-le-finali-torinesi-famelab-2017\/","og_locale":"fr_FR","og_type":"article","og_title":"Il MAcA ospita le finali torinesi di FameLab 2017 - Fr - MAcA - Museo A come Ambiente","og_description":"Il MAcA ospita le finali torinesi di FameLab 2017 Anche quest\u2019anno FameLab, il talent show internazionale della scienza, fa tappa nella citt\u00e0 di Torino per reclutare studenti e ricercatori tra [...]","og_url":"https:\/\/www.acomeambiente.org\/fr\/blog\/2017\/03\/03\/maca-ospita-le-finali-torinesi-famelab-2017\/","og_site_name":"Fr - MAcA - Museo A come Ambiente","article_published_time":"2017-03-03T13:39:42+00:00","article_modified_time":"2017-04-11T08:38:28+00:00","og_image":[{"width":627,"height":285,"url":"https:\/\/www.acomeambiente.org\/fr\/wp-content\/uploads\/sites\/2\/2017\/03\/fl.png","type":"image\/png"}],"author":"Alberto Pinto","twitter_card":"summary_large_image","twitter_misc":{"\u00c9crit par":"Alberto Pinto","Dur\u00e9e de lecture estim\u00e9e":"1 minute"},"schema":{"@context":"https:\/\/schema.org","@graph":[{"@type":"Article","@id":"https:\/\/www.acomeambiente.org\/fr\/blog\/2017\/03\/03\/maca-ospita-le-finali-torinesi-famelab-2017\/#article","isPartOf":{"@id":"https:\/\/www.acomeambiente.org\/fr\/blog\/2017\/03\/03\/maca-ospita-le-finali-torinesi-famelab-2017\/"},"author":{"name":"Alberto Pinto","@id":"https:\/\/www.acomeambiente.org\/fr\/#\/schema\/person\/ab6a3aa499f2f11579162e2a29d0f2bb"},"headline":"Il MAcA ospita le finali torinesi di FameLab 2017","datePublished":"2017-03-03T13:39:42+00:00","dateModified":"2017-04-11T08:38:28+00:00","mainEntityOfPage":{"@id":"https:\/\/www.acomeambiente.org\/fr\/blog\/2017\/03\/03\/maca-ospita-le-finali-torinesi-famelab-2017\/"},"wordCount":254,"image":{"@id":"https:\/\/www.acomeambiente.org\/fr\/blog\/2017\/03\/03\/maca-ospita-le-finali-torinesi-famelab-2017\/#primaryimage"},"thumbnailUrl":"https:\/\/www.acomeambiente.org\/fr\/wp-content\/uploads\/sites\/2\/2017\/03\/fl.png","keywords":["CentroScienza Onlus","divulgazione scientifica","FameLab","FameLab Italia","news","Politecnico di Torino","scienza","Universit\u00e0 degli Studi di Torino","Xk\u00e9? Il laboratorio della curiosit\u00e0"],"articleSection":["News"],"inLanguage":"fr-FR"},{"@type":"WebPage","@id":"https:\/\/www.acomeambiente.org\/fr\/blog\/2017\/03\/03\/maca-ospita-le-finali-torinesi-famelab-2017\/","url":"https:\/\/www.acomeambiente.org\/fr\/blog\/2017\/03\/03\/maca-ospita-le-finali-torinesi-famelab-2017\/","name":"Il MAcA ospita le finali torinesi di FameLab 2017 - Fr - MAcA - Museo A come Ambiente","isPartOf":{"@id":"https:\/\/www.acomeambiente.org\/fr\/#website"},"primaryImageOfPage":{"@id":"https:\/\/www.acomeambiente.org\/fr\/blog\/2017\/03\/03\/maca-ospita-le-finali-torinesi-famelab-2017\/#primaryimage"},"image":{"@id":"https:\/\/www.acomeambiente.org\/fr\/blog\/2017\/03\/03\/maca-ospita-le-finali-torinesi-famelab-2017\/#primaryimage"},"thumbnailUrl":"https:\/\/www.acomeambiente.org\/fr\/wp-content\/uploads\/sites\/2\/2017\/03\/fl.png","datePublished":"2017-03-03T13:39:42+00:00","dateModified":"2017-04-11T08:38:28+00:00","author":{"@id":"https:\/\/www.acomeambiente.org\/fr\/#\/schema\/person\/ab6a3aa499f2f11579162e2a29d0f2bb"},"breadcrumb":{"@id":"https:\/\/www.acomeambiente.org\/fr\/blog\/2017\/03\/03\/maca-ospita-le-finali-torinesi-famelab-2017\/#breadcrumb"},"inLanguage":"fr-FR","potentialAction":[{"@type":"ReadAction","target":["https:\/\/www.acomeambiente.org\/fr\/blog\/2017\/03\/03\/maca-ospita-le-finali-torinesi-famelab-2017\/"]}]},{"@type":"ImageObject","inLanguage":"fr-FR","@id":"https:\/\/www.acomeambiente.org\/fr\/blog\/2017\/03\/03\/maca-ospita-le-finali-torinesi-famelab-2017\/#primaryimage","url":"https:\/\/www.acomeambiente.org\/fr\/wp-content\/uploads\/sites\/2\/2017\/03\/fl.png","contentUrl":"https:\/\/www.acomeambiente.org\/fr\/wp-content\/uploads\/sites\/2\/2017\/03\/fl.png","width":627,"height":285},{"@type":"BreadcrumbList","@id":"https:\/\/www.acomeambiente.org\/fr\/blog\/2017\/03\/03\/maca-ospita-le-finali-torinesi-famelab-2017\/#breadcrumb","itemListElement":[{"@type":"ListItem","position":1,"name":"Home","item":"https:\/\/www.acomeambiente.org\/fr\/"},{"@type":"ListItem","position":2,"name":"Il MAcA ospita le finali torinesi di FameLab 2017"}]},{"@type":"WebSite","@id":"https:\/\/www.acomeambiente.org\/fr\/#website","url":"https:\/\/www.acomeambiente.org\/fr\/","name":"Fr - MAcA - Museo A come Ambiente","description":"Passa al MAcA, costruiamo insieme un mondo pi\u00f9 sostenibile","potentialAction":[{"@type":"SearchAction","target":{"@type":"EntryPoint","urlTemplate":"https:\/\/www.acomeambiente.org\/fr\/?s={search_term_string}"},"query-input":{"@type":"PropertyValueSpecification","valueRequired":true,"valueName":"search_term_string"}}],"inLanguage":"fr-FR"},{"@type":"Person","@id":"https:\/\/www.acomeambiente.org\/fr\/#\/schema\/person\/ab6a3aa499f2f11579162e2a29d0f2bb","name":"Alberto Pinto","image":{"@type":"ImageObject","inLanguage":"fr-FR","@id":"https:\/\/www.acomeambiente.org\/fr\/#\/schema\/person\/image\/","url":"https:\/\/secure.gravatar.com\/avatar\/6be8fe355379e3f4707a96c378ea6193eddbd58461b7984364b1da5632ef922d?s=96&d=mm&r=g","contentUrl":"https:\/\/secure.gravatar.com\/avatar\/6be8fe355379e3f4707a96c378ea6193eddbd58461b7984364b1da5632ef922d?s=96&d=mm&r=g","caption":"Alberto Pinto"},"url":"https:\/\/www.acomeambiente.org\/fr\/blog\/author\/alberto-pinto\/"}]}},"_links":{"self":[{"href":"https:\/\/www.acomeambiente.org\/fr\/wp-json\/wp\/v2\/posts\/4230","targetHints":{"allow":["GET"]}}],"collection":[{"href":"https:\/\/www.acomeambiente.org\/fr\/wp-json\/wp\/v2\/posts"}],"about":[{"href":"https:\/\/www.acomeambiente.org\/fr\/wp-json\/wp\/v2\/types\/post"}],"author":[{"embeddable":true,"href":"https:\/\/www.acomeambiente.org\/fr\/wp-json\/wp\/v2\/users\/1026"}],"replies":[{"embeddable":true,"href":"https:\/\/www.acomeambiente.org\/fr\/wp-json\/wp\/v2\/comments?post=4230"}],"version-history":[{"count":7,"href":"https:\/\/www.acomeambiente.org\/fr\/wp-json\/wp\/v2\/posts\/4230\/revisions"}],"predecessor-version":[{"id":4268,"href":"https:\/\/www.acomeambiente.org\/fr\/wp-json\/wp\/v2\/posts\/4230\/revisions\/4268"}],"wp:featuredmedia":[{"embeddable":true,"href":"https:\/\/www.acomeambiente.org\/fr\/wp-json\/wp\/v2\/media\/4262"}],"wp:attachment":[{"href":"https:\/\/www.acomeambiente.org\/fr\/wp-json\/wp\/v2\/media?parent=4230"}],"wp:term":[{"taxonomy":"category","embeddable":true,"href":"https:\/\/www.acomeambiente.org\/fr\/wp-json\/wp\/v2\/categories?post=4230"},{"taxonomy":"post_tag","embeddable":true,"href":"https:\/\/www.acomeambiente.org\/fr\/wp-json\/wp\/v2\/tags?post=4230"}],"curies":[{"name":"wp","href":"https:\/\/api.w.org\/{rel}","templated":true}]}}