{"id":4000,"date":"2017-01-04T09:41:19","date_gmt":"2017-01-04T09:41:19","guid":{"rendered":"http:\/\/www.acomeambiente.org\/fr\/?p=4000"},"modified":"2017-04-18T09:32:04","modified_gmt":"2017-04-18T09:32:04","slug":"scuola-organizza-la-tua-visita-al-maca","status":"publish","type":"post","link":"https:\/\/www.acomeambiente.org\/fr\/blog\/2017\/01\/04\/scuola-organizza-la-tua-visita-al-maca\/","title":{"rendered":"A come Scuola: organizza la tua visita al MAcA"},"content":{"rendered":"<h1 class=\"entry-title\" style=\"text-align: justify;\">A come Scuola: organizza la tua visita al MAcA<\/h1>\n<p><a href=\"http:\/\/www.acomeambiente.org\/wp-content\/uploads\/sites\/2\/2015\/11\/MAcA_scuola_LOW_pagine-singole.pdf\"><img decoding=\"async\" class=\"alignnone wp-image-4001\" src=\"http:\/\/www.acomeambiente.org\/wp-content\/uploads\/sites\/2\/2017\/01\/Maca_proposte.png\" alt=\"maca_proposte\" width=\"320\" height=\"274\" srcset=\"https:\/\/www.acomeambiente.org\/fr\/wp-content\/uploads\/sites\/2\/2017\/01\/Maca_proposte-200x171.png 200w, https:\/\/www.acomeambiente.org\/fr\/wp-content\/uploads\/sites\/2\/2017\/01\/Maca_proposte.png 280w\" sizes=\"(max-width: 320px) 100vw, 320px\" \/><\/a><\/p>\n<p>Anche quest\u2019anno, il <em>Museo A come Ambiente<\/em> di Torino offre alle scuole l\u2019opportunit\u00e0 di approfondire i principali temi ambientali in modo originale e partecipativo, tramite i percorsi guidati nelle sue aree espositive.<\/p>\n<p>La proposta didattica del MAcA per l\u2019anno scolastico 2016\/2017 comprende 30 laboratori rivolti a tutte le fasce d\u2019et\u00e0 dedicati ad\u00a0<strong>Acqua<\/strong>, <strong>Scarti<\/strong>, <strong>Energia<\/strong>, <strong>Alimentazione<\/strong> e <strong>Trasporti<\/strong>. In pi\u00f9 exhibit, attivit\u00e0 scientifiche e di manualit\u00e0 e visite guidate presso i centri di ricerca e gli impianti dei soci.<\/p>\n<p>Un\u2019occasione unica e divertente per aiutare gli studenti ad avvicinarsi al discorso ambientale in spazi moderni e stimolanti.<\/p>\n<p>Organizza la visita al MAcA consultando il <a href=\"http:\/\/www.acomeambiente.org\/wp-content\/uploads\/sites\/2\/2015\/02\/libretto_scuole_maca_web.pdf\">Libretto didattico 2016\/17<\/a>\u00a0e accompagna la tua classe nella straordinaria avventura della scoperta.<\/p>\n<p>Per info e prenotazioni:<br \/>\n<a href=\"mailto:info@acomeambiente.org\" target=\"_blank\">info@acomeambiente.org<\/a><br \/>\nTel 011 070.25.35<\/p>\n","protected":false},"excerpt":{"rendered":"<p>A come Scuola: organizza la tua visita al MAcA Anche quest\u2019anno, il Museo A come Ambiente di Torino offre alle scuole l\u2019opportunit\u00e0 di approfondire i principali temi ambientali in modo  [&#8230;]<\/p>\n","protected":false},"author":1026,"featured_media":4001,"comment_status":"closed","ping_status":"open","sticky":false,"template":"","format":"standard","meta":{"footnotes":""},"categories":[61],"tags":[596,47,19,464,214],"class_list":["post-4000","post","type-post","status-publish","format-standard","has-post-thumbnail","hentry","category-news","tag-anno-scolastico","tag-laboratori","tag-maca","tag-offerta-didattica","tag-scuole"],"yoast_head":"<!-- This site is optimized with the Yoast SEO plugin v26.9 - https:\/\/yoast.com\/product\/yoast-seo-wordpress\/ -->\n<title>A come Scuola: organizza la tua visita al MAcA - Fr - MAcA - Museo A come Ambiente<\/title>\n<meta name=\"robots\" content=\"index, follow, max-snippet:-1, max-image-preview:large, max-video-preview:-1\" \/>\n<link rel=\"canonical\" href=\"https:\/\/www.acomeambiente.org\/fr\/blog\/2017\/01\/04\/scuola-organizza-la-tua-visita-al-maca\/\" \/>\n<meta property=\"og:locale\" content=\"fr_FR\" \/>\n<meta property=\"og:type\" content=\"article\" \/>\n<meta property=\"og:title\" content=\"A come Scuola: organizza la tua visita al MAcA - Fr - MAcA - Museo A come Ambiente\" \/>\n<meta property=\"og:description\" content=\"A come Scuola: organizza la tua visita al MAcA Anche quest\u2019anno, il Museo A come Ambiente di Torino offre alle scuole l\u2019opportunit\u00e0 di approfondire i principali temi ambientali in modo [...]\" \/>\n<meta property=\"og:url\" content=\"https:\/\/www.acomeambiente.org\/fr\/blog\/2017\/01\/04\/scuola-organizza-la-tua-visita-al-maca\/\" \/>\n<meta property=\"og:site_name\" content=\"Fr - MAcA - Museo A come Ambiente\" \/>\n<meta property=\"article:published_time\" content=\"2017-01-04T09:41:19+00:00\" \/>\n<meta property=\"article:modified_time\" content=\"2017-04-18T09:32:04+00:00\" \/>\n<meta property=\"og:image\" content=\"https:\/\/www.acomeambiente.org\/fr\/wp-content\/uploads\/sites\/2\/2017\/01\/Maca_proposte.png\" \/>\n\t<meta property=\"og:image:width\" content=\"280\" \/>\n\t<meta property=\"og:image:height\" content=\"240\" \/>\n\t<meta property=\"og:image:type\" content=\"image\/png\" \/>\n<meta name=\"author\" content=\"Alberto Pinto\" \/>\n<meta name=\"twitter:card\" content=\"summary_large_image\" \/>\n<meta name=\"twitter:label1\" content=\"\u00c9crit par\" \/>\n\t<meta name=\"twitter:data1\" content=\"Alberto Pinto\" \/>\n\t<meta name=\"twitter:label2\" content=\"Dur\u00e9e de lecture estim\u00e9e\" \/>\n\t<meta name=\"twitter:data2\" content=\"1 minute\" \/>\n<script type=\"application\/ld+json\" class=\"yoast-schema-graph\">{\"@context\":\"https:\/\/schema.org\",\"@graph\":[{\"@type\":\"Article\",\"@id\":\"https:\/\/www.acomeambiente.org\/fr\/blog\/2017\/01\/04\/scuola-organizza-la-tua-visita-al-maca\/#article\",\"isPartOf\":{\"@id\":\"https:\/\/www.acomeambiente.org\/fr\/blog\/2017\/01\/04\/scuola-organizza-la-tua-visita-al-maca\/\"},\"author\":{\"name\":\"Alberto Pinto\",\"@id\":\"https:\/\/www.acomeambiente.org\/fr\/#\/schema\/person\/ab6a3aa499f2f11579162e2a29d0f2bb\"},\"headline\":\"A come Scuola: organizza la tua visita al MAcA\",\"datePublished\":\"2017-01-04T09:41:19+00:00\",\"dateModified\":\"2017-04-18T09:32:04+00:00\",\"mainEntityOfPage\":{\"@id\":\"https:\/\/www.acomeambiente.org\/fr\/blog\/2017\/01\/04\/scuola-organizza-la-tua-visita-al-maca\/\"},\"wordCount\":145,\"image\":{\"@id\":\"https:\/\/www.acomeambiente.org\/fr\/blog\/2017\/01\/04\/scuola-organizza-la-tua-visita-al-maca\/#primaryimage\"},\"thumbnailUrl\":\"https:\/\/www.acomeambiente.org\/fr\/wp-content\/uploads\/sites\/2\/2017\/01\/Maca_proposte.png\",\"keywords\":[\"anno scolastico\",\"laboratori\",\"MAcA\",\"offerta didattica\",\"scuole\"],\"articleSection\":[\"News\"],\"inLanguage\":\"fr-FR\"},{\"@type\":\"WebPage\",\"@id\":\"https:\/\/www.acomeambiente.org\/fr\/blog\/2017\/01\/04\/scuola-organizza-la-tua-visita-al-maca\/\",\"url\":\"https:\/\/www.acomeambiente.org\/fr\/blog\/2017\/01\/04\/scuola-organizza-la-tua-visita-al-maca\/\",\"name\":\"A come Scuola: organizza la tua visita al MAcA - Fr - MAcA - Museo A come Ambiente\",\"isPartOf\":{\"@id\":\"https:\/\/www.acomeambiente.org\/fr\/#website\"},\"primaryImageOfPage\":{\"@id\":\"https:\/\/www.acomeambiente.org\/fr\/blog\/2017\/01\/04\/scuola-organizza-la-tua-visita-al-maca\/#primaryimage\"},\"image\":{\"@id\":\"https:\/\/www.acomeambiente.org\/fr\/blog\/2017\/01\/04\/scuola-organizza-la-tua-visita-al-maca\/#primaryimage\"},\"thumbnailUrl\":\"https:\/\/www.acomeambiente.org\/fr\/wp-content\/uploads\/sites\/2\/2017\/01\/Maca_proposte.png\",\"datePublished\":\"2017-01-04T09:41:19+00:00\",\"dateModified\":\"2017-04-18T09:32:04+00:00\",\"author\":{\"@id\":\"https:\/\/www.acomeambiente.org\/fr\/#\/schema\/person\/ab6a3aa499f2f11579162e2a29d0f2bb\"},\"breadcrumb\":{\"@id\":\"https:\/\/www.acomeambiente.org\/fr\/blog\/2017\/01\/04\/scuola-organizza-la-tua-visita-al-maca\/#breadcrumb\"},\"inLanguage\":\"fr-FR\",\"potentialAction\":[{\"@type\":\"ReadAction\",\"target\":[\"https:\/\/www.acomeambiente.org\/fr\/blog\/2017\/01\/04\/scuola-organizza-la-tua-visita-al-maca\/\"]}]},{\"@type\":\"ImageObject\",\"inLanguage\":\"fr-FR\",\"@id\":\"https:\/\/www.acomeambiente.org\/fr\/blog\/2017\/01\/04\/scuola-organizza-la-tua-visita-al-maca\/#primaryimage\",\"url\":\"https:\/\/www.acomeambiente.org\/fr\/wp-content\/uploads\/sites\/2\/2017\/01\/Maca_proposte.png\",\"contentUrl\":\"https:\/\/www.acomeambiente.org\/fr\/wp-content\/uploads\/sites\/2\/2017\/01\/Maca_proposte.png\",\"width\":280,\"height\":240},{\"@type\":\"BreadcrumbList\",\"@id\":\"https:\/\/www.acomeambiente.org\/fr\/blog\/2017\/01\/04\/scuola-organizza-la-tua-visita-al-maca\/#breadcrumb\",\"itemListElement\":[{\"@type\":\"ListItem\",\"position\":1,\"name\":\"Home\",\"item\":\"https:\/\/www.acomeambiente.org\/fr\/\"},{\"@type\":\"ListItem\",\"position\":2,\"name\":\"A come Scuola: organizza la tua visita al MAcA\"}]},{\"@type\":\"WebSite\",\"@id\":\"https:\/\/www.acomeambiente.org\/fr\/#website\",\"url\":\"https:\/\/www.acomeambiente.org\/fr\/\",\"name\":\"Fr - MAcA - Museo A come Ambiente\",\"description\":\"Passa al MAcA, costruiamo insieme un mondo pi\u00f9 sostenibile\",\"potentialAction\":[{\"@type\":\"SearchAction\",\"target\":{\"@type\":\"EntryPoint\",\"urlTemplate\":\"https:\/\/www.acomeambiente.org\/fr\/?s={search_term_string}\"},\"query-input\":{\"@type\":\"PropertyValueSpecification\",\"valueRequired\":true,\"valueName\":\"search_term_string\"}}],\"inLanguage\":\"fr-FR\"},{\"@type\":\"Person\",\"@id\":\"https:\/\/www.acomeambiente.org\/fr\/#\/schema\/person\/ab6a3aa499f2f11579162e2a29d0f2bb\",\"name\":\"Alberto Pinto\",\"image\":{\"@type\":\"ImageObject\",\"inLanguage\":\"fr-FR\",\"@id\":\"https:\/\/www.acomeambiente.org\/fr\/#\/schema\/person\/image\/\",\"url\":\"https:\/\/secure.gravatar.com\/avatar\/6be8fe355379e3f4707a96c378ea6193eddbd58461b7984364b1da5632ef922d?s=96&d=mm&r=g\",\"contentUrl\":\"https:\/\/secure.gravatar.com\/avatar\/6be8fe355379e3f4707a96c378ea6193eddbd58461b7984364b1da5632ef922d?s=96&d=mm&r=g\",\"caption\":\"Alberto Pinto\"},\"url\":\"https:\/\/www.acomeambiente.org\/fr\/blog\/author\/alberto-pinto\/\"}]}<\/script>\n<!-- \/ Yoast SEO plugin. -->","yoast_head_json":{"title":"A come Scuola: organizza la tua visita al MAcA - Fr - MAcA - Museo A come Ambiente","robots":{"index":"index","follow":"follow","max-snippet":"max-snippet:-1","max-image-preview":"max-image-preview:large","max-video-preview":"max-video-preview:-1"},"canonical":"https:\/\/www.acomeambiente.org\/fr\/blog\/2017\/01\/04\/scuola-organizza-la-tua-visita-al-maca\/","og_locale":"fr_FR","og_type":"article","og_title":"A come Scuola: organizza la tua visita al MAcA - Fr - MAcA - Museo A come Ambiente","og_description":"A come Scuola: organizza la tua visita al MAcA Anche quest\u2019anno, il Museo A come Ambiente di Torino offre alle scuole l\u2019opportunit\u00e0 di approfondire i principali temi ambientali in modo [...]","og_url":"https:\/\/www.acomeambiente.org\/fr\/blog\/2017\/01\/04\/scuola-organizza-la-tua-visita-al-maca\/","og_site_name":"Fr - MAcA - Museo A come Ambiente","article_published_time":"2017-01-04T09:41:19+00:00","article_modified_time":"2017-04-18T09:32:04+00:00","og_image":[{"width":280,"height":240,"url":"https:\/\/www.acomeambiente.org\/fr\/wp-content\/uploads\/sites\/2\/2017\/01\/Maca_proposte.png","type":"image\/png"}],"author":"Alberto Pinto","twitter_card":"summary_large_image","twitter_misc":{"\u00c9crit par":"Alberto Pinto","Dur\u00e9e de lecture estim\u00e9e":"1 minute"},"schema":{"@context":"https:\/\/schema.org","@graph":[{"@type":"Article","@id":"https:\/\/www.acomeambiente.org\/fr\/blog\/2017\/01\/04\/scuola-organizza-la-tua-visita-al-maca\/#article","isPartOf":{"@id":"https:\/\/www.acomeambiente.org\/fr\/blog\/2017\/01\/04\/scuola-organizza-la-tua-visita-al-maca\/"},"author":{"name":"Alberto Pinto","@id":"https:\/\/www.acomeambiente.org\/fr\/#\/schema\/person\/ab6a3aa499f2f11579162e2a29d0f2bb"},"headline":"A come Scuola: organizza la tua visita al MAcA","datePublished":"2017-01-04T09:41:19+00:00","dateModified":"2017-04-18T09:32:04+00:00","mainEntityOfPage":{"@id":"https:\/\/www.acomeambiente.org\/fr\/blog\/2017\/01\/04\/scuola-organizza-la-tua-visita-al-maca\/"},"wordCount":145,"image":{"@id":"https:\/\/www.acomeambiente.org\/fr\/blog\/2017\/01\/04\/scuola-organizza-la-tua-visita-al-maca\/#primaryimage"},"thumbnailUrl":"https:\/\/www.acomeambiente.org\/fr\/wp-content\/uploads\/sites\/2\/2017\/01\/Maca_proposte.png","keywords":["anno scolastico","laboratori","MAcA","offerta didattica","scuole"],"articleSection":["News"],"inLanguage":"fr-FR"},{"@type":"WebPage","@id":"https:\/\/www.acomeambiente.org\/fr\/blog\/2017\/01\/04\/scuola-organizza-la-tua-visita-al-maca\/","url":"https:\/\/www.acomeambiente.org\/fr\/blog\/2017\/01\/04\/scuola-organizza-la-tua-visita-al-maca\/","name":"A come Scuola: organizza la tua visita al MAcA - Fr - MAcA - Museo A come Ambiente","isPartOf":{"@id":"https:\/\/www.acomeambiente.org\/fr\/#website"},"primaryImageOfPage":{"@id":"https:\/\/www.acomeambiente.org\/fr\/blog\/2017\/01\/04\/scuola-organizza-la-tua-visita-al-maca\/#primaryimage"},"image":{"@id":"https:\/\/www.acomeambiente.org\/fr\/blog\/2017\/01\/04\/scuola-organizza-la-tua-visita-al-maca\/#primaryimage"},"thumbnailUrl":"https:\/\/www.acomeambiente.org\/fr\/wp-content\/uploads\/sites\/2\/2017\/01\/Maca_proposte.png","datePublished":"2017-01-04T09:41:19+00:00","dateModified":"2017-04-18T09:32:04+00:00","author":{"@id":"https:\/\/www.acomeambiente.org\/fr\/#\/schema\/person\/ab6a3aa499f2f11579162e2a29d0f2bb"},"breadcrumb":{"@id":"https:\/\/www.acomeambiente.org\/fr\/blog\/2017\/01\/04\/scuola-organizza-la-tua-visita-al-maca\/#breadcrumb"},"inLanguage":"fr-FR","potentialAction":[{"@type":"ReadAction","target":["https:\/\/www.acomeambiente.org\/fr\/blog\/2017\/01\/04\/scuola-organizza-la-tua-visita-al-maca\/"]}]},{"@type":"ImageObject","inLanguage":"fr-FR","@id":"https:\/\/www.acomeambiente.org\/fr\/blog\/2017\/01\/04\/scuola-organizza-la-tua-visita-al-maca\/#primaryimage","url":"https:\/\/www.acomeambiente.org\/fr\/wp-content\/uploads\/sites\/2\/2017\/01\/Maca_proposte.png","contentUrl":"https:\/\/www.acomeambiente.org\/fr\/wp-content\/uploads\/sites\/2\/2017\/01\/Maca_proposte.png","width":280,"height":240},{"@type":"BreadcrumbList","@id":"https:\/\/www.acomeambiente.org\/fr\/blog\/2017\/01\/04\/scuola-organizza-la-tua-visita-al-maca\/#breadcrumb","itemListElement":[{"@type":"ListItem","position":1,"name":"Home","item":"https:\/\/www.acomeambiente.org\/fr\/"},{"@type":"ListItem","position":2,"name":"A come Scuola: organizza la tua visita al MAcA"}]},{"@type":"WebSite","@id":"https:\/\/www.acomeambiente.org\/fr\/#website","url":"https:\/\/www.acomeambiente.org\/fr\/","name":"Fr - MAcA - Museo A come Ambiente","description":"Passa al MAcA, costruiamo insieme un mondo pi\u00f9 sostenibile","potentialAction":[{"@type":"SearchAction","target":{"@type":"EntryPoint","urlTemplate":"https:\/\/www.acomeambiente.org\/fr\/?s={search_term_string}"},"query-input":{"@type":"PropertyValueSpecification","valueRequired":true,"valueName":"search_term_string"}}],"inLanguage":"fr-FR"},{"@type":"Person","@id":"https:\/\/www.acomeambiente.org\/fr\/#\/schema\/person\/ab6a3aa499f2f11579162e2a29d0f2bb","name":"Alberto Pinto","image":{"@type":"ImageObject","inLanguage":"fr-FR","@id":"https:\/\/www.acomeambiente.org\/fr\/#\/schema\/person\/image\/","url":"https:\/\/secure.gravatar.com\/avatar\/6be8fe355379e3f4707a96c378ea6193eddbd58461b7984364b1da5632ef922d?s=96&d=mm&r=g","contentUrl":"https:\/\/secure.gravatar.com\/avatar\/6be8fe355379e3f4707a96c378ea6193eddbd58461b7984364b1da5632ef922d?s=96&d=mm&r=g","caption":"Alberto Pinto"},"url":"https:\/\/www.acomeambiente.org\/fr\/blog\/author\/alberto-pinto\/"}]}},"_links":{"self":[{"href":"https:\/\/www.acomeambiente.org\/fr\/wp-json\/wp\/v2\/posts\/4000","targetHints":{"allow":["GET"]}}],"collection":[{"href":"https:\/\/www.acomeambiente.org\/fr\/wp-json\/wp\/v2\/posts"}],"about":[{"href":"https:\/\/www.acomeambiente.org\/fr\/wp-json\/wp\/v2\/types\/post"}],"author":[{"embeddable":true,"href":"https:\/\/www.acomeambiente.org\/fr\/wp-json\/wp\/v2\/users\/1026"}],"replies":[{"embeddable":true,"href":"https:\/\/www.acomeambiente.org\/fr\/wp-json\/wp\/v2\/comments?post=4000"}],"version-history":[{"count":4,"href":"https:\/\/www.acomeambiente.org\/fr\/wp-json\/wp\/v2\/posts\/4000\/revisions"}],"predecessor-version":[{"id":4522,"href":"https:\/\/www.acomeambiente.org\/fr\/wp-json\/wp\/v2\/posts\/4000\/revisions\/4522"}],"wp:featuredmedia":[{"embeddable":true,"href":"https:\/\/www.acomeambiente.org\/fr\/wp-json\/wp\/v2\/media\/4001"}],"wp:attachment":[{"href":"https:\/\/www.acomeambiente.org\/fr\/wp-json\/wp\/v2\/media?parent=4000"}],"wp:term":[{"taxonomy":"category","embeddable":true,"href":"https:\/\/www.acomeambiente.org\/fr\/wp-json\/wp\/v2\/categories?post=4000"},{"taxonomy":"post_tag","embeddable":true,"href":"https:\/\/www.acomeambiente.org\/fr\/wp-json\/wp\/v2\/tags?post=4000"}],"curies":[{"name":"wp","href":"https:\/\/api.w.org\/{rel}","templated":true}]}}