{"id":3911,"date":"2016-11-04T10:24:33","date_gmt":"2016-11-04T10:24:33","guid":{"rendered":"http:\/\/www.acomeambiente.org\/fr\/?p=3911"},"modified":"2017-04-11T08:38:32","modified_gmt":"2017-04-11T08:38:32","slug":"festival-delleducazione-2016","status":"publish","type":"post","link":"https:\/\/www.acomeambiente.org\/fr\/blog\/2016\/11\/04\/festival-delleducazione-2016\/","title":{"rendered":"Festival dell\u2019Educazione 2016"},"content":{"rendered":"<h1 class=\"entry-title\" style=\"text-align: justify;\">Festival dell\u2019Educazione 2016<\/h1>\n<p><img decoding=\"async\" class=\" wp-image-3952 aligncenter\" src=\"http:\/\/www.acomeambiente.org\/wp-content\/uploads\/sites\/2\/2016\/11\/Schermata-2016-11-04-alle-16.04.29-1024x809.png\" alt=\"schermata-2016-11-04-alle-16-04-29\" width=\"739\" height=\"584\" srcset=\"https:\/\/www.acomeambiente.org\/fr\/wp-content\/uploads\/sites\/2\/2016\/11\/Schermata-2016-11-04-alle-16.04.29-200x158.png 200w, https:\/\/www.acomeambiente.org\/fr\/wp-content\/uploads\/sites\/2\/2016\/11\/Schermata-2016-11-04-alle-16.04.29-300x237.png 300w, https:\/\/www.acomeambiente.org\/fr\/wp-content\/uploads\/sites\/2\/2016\/11\/Schermata-2016-11-04-alle-16.04.29-400x316.png 400w, https:\/\/www.acomeambiente.org\/fr\/wp-content\/uploads\/sites\/2\/2016\/11\/Schermata-2016-11-04-alle-16.04.29-600x474.png 600w, https:\/\/www.acomeambiente.org\/fr\/wp-content\/uploads\/sites\/2\/2016\/11\/Schermata-2016-11-04-alle-16.04.29-768x607.png 768w, https:\/\/www.acomeambiente.org\/fr\/wp-content\/uploads\/sites\/2\/2016\/11\/Schermata-2016-11-04-alle-16.04.29-800x632.png 800w, https:\/\/www.acomeambiente.org\/fr\/wp-content\/uploads\/sites\/2\/2016\/11\/Schermata-2016-11-04-alle-16.04.29-1024x809.png 1024w, https:\/\/www.acomeambiente.org\/fr\/wp-content\/uploads\/sites\/2\/2016\/11\/Schermata-2016-11-04-alle-16.04.29-1200x948.png 1200w, https:\/\/www.acomeambiente.org\/fr\/wp-content\/uploads\/sites\/2\/2016\/11\/Schermata-2016-11-04-alle-16.04.29.png 1598w\" sizes=\"(max-width: 739px) 100vw, 739px\" \/><\/p>\n<p><strong>Dal 23 al 27 novembre 2016<\/strong>, la citt\u00e0 di <strong>Torin<\/strong>o ospiter\u00e0 il secondo <strong>Festival dell\u2019Educazione<\/strong>, dal titolo <strong>Connessioni educative \u2013 Il cambiamento e la costruzione della conoscenza<\/strong>.<\/p>\n<p>L\u2019evento \u00e8 promosso dalla <strong>Citt\u00e0 di Torino<\/strong> in collaborazione con il <em>Ministero dell\u2019Istruzione, dell\u2019Universit\u00e0 e della Ricerca<\/em>, <em>l\u2019Ufficio Scolastico Regionale per il Piemonte<\/em>, l\u2019<em>Universit\u00e0 degli Studi di Torino<\/em>, il <em>Politecnico di Torino<\/em>, <em>INDIRE<\/em>, la <em>Fondazione Agnelli<\/em>, la <em>Fondazione per la Scuola<\/em>, il <em>Centro Studi Erickson<\/em> e la <em>Fondazione per l\u2019Architettura di Torino<\/em>.<\/p>\n<p>Il <em>Festival<\/em> \u00e8 rivolto ai professionisti dell\u2019educazione e a tutti i cittadini e le cittadine che sono interessati ad approfondire i temi dell\u2019educazione, dell\u2019istruzione e della formazione. Molti gli eventi dedicati al confronto e alla riflessione: <strong>2 sessioni plenarie, 34 seminari tematici<\/strong>, <strong>45 workshop<\/strong> con la presentazione di buone pratiche ed esperienze, <strong>15 tavole rotonde<\/strong> per discutere sui principali temi in chiave educativa.<\/p>\n<p>Venerd\u00ec <strong>25 novembre<\/strong>, nell\u2019ambito del workshop <strong><em>Contesti strutturati, formali e informali: connessioni e opportunit\u00e0 per creare competenze<\/em><\/strong>, tra i relatori ci sar\u00e0 anche il Direttore del <em>Museo A come Ambiente \u2013 MAcA<\/em> <strong>Paolo Legato<\/strong>, con un intervento dal titolo \u201c<strong><em>Contenuti: dal museo di contenuti al dialogo sui contenuti<\/em><\/strong>\u201d. Il workshop si terr\u00e0 alle <strong>ore 11:00<\/strong> presso la <strong>Pinacoteca Accademia Albertina<\/strong>.<\/p>\n<p>L\u2019ingresso al <em>Festival dell\u2019Educazione<\/em> \u00e8 gratuito con prenotazione obbligatoria da effettuare online sul sito <strong><a href=\"http:\/\/www.comune.torino.it\/festivaleducazione\" target=\"_blank\">www.comune.torino.it\/festivaleducazione<\/a><\/strong>.<\/p>\n<p>&nbsp;<\/p>\n<p>Scarica il <a href=\"http:\/\/www.acomeambiente.org\/wp-content\/uploads\/sites\/2\/2016\/11\/FESTIVAL-EDUCAZIONEprogramma2016.pdf\">Programma completo<\/a><\/p>\n<p><strong>\u00a0<\/strong><\/p>\n","protected":false},"excerpt":{"rendered":"<p>23-27 novembre 2016, Torino <\/p>\n","protected":false},"author":1026,"featured_media":3912,"comment_status":"closed","ping_status":"open","sticky":false,"template":"","format":"standard","meta":{"footnotes":""},"categories":[7],"tags":[575,576,574,12],"class_list":["post-3911","post","type-post","status-publish","format-standard","has-post-thumbnail","hentry","category-evenements","tag-citta-di-torino","tag-connessioni-educative-il-cambiamento-e-la-costruzione-della-conoscenza","tag-festival-delleducazione","tag-torino"],"yoast_head":"<!-- This site is optimized with the Yoast SEO plugin v26.9 - https:\/\/yoast.com\/product\/yoast-seo-wordpress\/ -->\n<title>Festival dell\u2019Educazione 2016 - Fr - MAcA - Museo A come Ambiente<\/title>\n<meta name=\"robots\" content=\"index, follow, max-snippet:-1, max-image-preview:large, max-video-preview:-1\" \/>\n<link rel=\"canonical\" href=\"https:\/\/www.acomeambiente.org\/fr\/blog\/2016\/11\/04\/festival-delleducazione-2016\/\" \/>\n<meta property=\"og:locale\" content=\"fr_FR\" \/>\n<meta property=\"og:type\" content=\"article\" \/>\n<meta property=\"og:title\" content=\"Festival dell\u2019Educazione 2016 - Fr - MAcA - Museo A come Ambiente\" \/>\n<meta property=\"og:description\" content=\"23-27 novembre 2016, Torino\" \/>\n<meta property=\"og:url\" content=\"https:\/\/www.acomeambiente.org\/fr\/blog\/2016\/11\/04\/festival-delleducazione-2016\/\" \/>\n<meta property=\"og:site_name\" content=\"Fr - MAcA - Museo A come Ambiente\" \/>\n<meta property=\"article:published_time\" content=\"2016-11-04T10:24:33+00:00\" \/>\n<meta property=\"article:modified_time\" content=\"2017-04-11T08:38:32+00:00\" \/>\n<meta property=\"og:image\" content=\"https:\/\/www.acomeambiente.org\/fr\/wp-content\/uploads\/sites\/2\/2016\/11\/FED.png\" \/>\n\t<meta property=\"og:image:width\" content=\"691\" \/>\n\t<meta property=\"og:image:height\" content=\"548\" \/>\n\t<meta property=\"og:image:type\" content=\"image\/png\" \/>\n<meta name=\"author\" content=\"Alberto Pinto\" \/>\n<meta name=\"twitter:card\" content=\"summary_large_image\" \/>\n<meta name=\"twitter:label1\" content=\"\u00c9crit par\" \/>\n\t<meta name=\"twitter:data1\" content=\"Alberto Pinto\" \/>\n\t<meta name=\"twitter:label2\" content=\"Dur\u00e9e de lecture estim\u00e9e\" \/>\n\t<meta name=\"twitter:data2\" content=\"1 minute\" \/>\n<script type=\"application\/ld+json\" class=\"yoast-schema-graph\">{\"@context\":\"https:\/\/schema.org\",\"@graph\":[{\"@type\":\"Article\",\"@id\":\"https:\/\/www.acomeambiente.org\/fr\/blog\/2016\/11\/04\/festival-delleducazione-2016\/#article\",\"isPartOf\":{\"@id\":\"https:\/\/www.acomeambiente.org\/fr\/blog\/2016\/11\/04\/festival-delleducazione-2016\/\"},\"author\":{\"name\":\"Alberto Pinto\",\"@id\":\"https:\/\/www.acomeambiente.org\/fr\/#\/schema\/person\/ab6a3aa499f2f11579162e2a29d0f2bb\"},\"headline\":\"Festival dell\u2019Educazione 2016\",\"datePublished\":\"2016-11-04T10:24:33+00:00\",\"dateModified\":\"2017-04-11T08:38:32+00:00\",\"mainEntityOfPage\":{\"@id\":\"https:\/\/www.acomeambiente.org\/fr\/blog\/2016\/11\/04\/festival-delleducazione-2016\/\"},\"wordCount\":231,\"image\":{\"@id\":\"https:\/\/www.acomeambiente.org\/fr\/blog\/2016\/11\/04\/festival-delleducazione-2016\/#primaryimage\"},\"thumbnailUrl\":\"https:\/\/www.acomeambiente.org\/fr\/wp-content\/uploads\/sites\/2\/2016\/11\/FED.png\",\"keywords\":[\"Citt\u00e0 di Torino\",\"Connessioni educative \u2013 Il cambiamento e la costruzione della conoscenza\",\"Festival dell'Educazione\",\"Torino\"],\"articleSection\":[\"\u00c9v\u00e9nements\"],\"inLanguage\":\"fr-FR\"},{\"@type\":\"WebPage\",\"@id\":\"https:\/\/www.acomeambiente.org\/fr\/blog\/2016\/11\/04\/festival-delleducazione-2016\/\",\"url\":\"https:\/\/www.acomeambiente.org\/fr\/blog\/2016\/11\/04\/festival-delleducazione-2016\/\",\"name\":\"Festival dell\u2019Educazione 2016 - Fr - MAcA - Museo A come Ambiente\",\"isPartOf\":{\"@id\":\"https:\/\/www.acomeambiente.org\/fr\/#website\"},\"primaryImageOfPage\":{\"@id\":\"https:\/\/www.acomeambiente.org\/fr\/blog\/2016\/11\/04\/festival-delleducazione-2016\/#primaryimage\"},\"image\":{\"@id\":\"https:\/\/www.acomeambiente.org\/fr\/blog\/2016\/11\/04\/festival-delleducazione-2016\/#primaryimage\"},\"thumbnailUrl\":\"https:\/\/www.acomeambiente.org\/fr\/wp-content\/uploads\/sites\/2\/2016\/11\/FED.png\",\"datePublished\":\"2016-11-04T10:24:33+00:00\",\"dateModified\":\"2017-04-11T08:38:32+00:00\",\"author\":{\"@id\":\"https:\/\/www.acomeambiente.org\/fr\/#\/schema\/person\/ab6a3aa499f2f11579162e2a29d0f2bb\"},\"breadcrumb\":{\"@id\":\"https:\/\/www.acomeambiente.org\/fr\/blog\/2016\/11\/04\/festival-delleducazione-2016\/#breadcrumb\"},\"inLanguage\":\"fr-FR\",\"potentialAction\":[{\"@type\":\"ReadAction\",\"target\":[\"https:\/\/www.acomeambiente.org\/fr\/blog\/2016\/11\/04\/festival-delleducazione-2016\/\"]}]},{\"@type\":\"ImageObject\",\"inLanguage\":\"fr-FR\",\"@id\":\"https:\/\/www.acomeambiente.org\/fr\/blog\/2016\/11\/04\/festival-delleducazione-2016\/#primaryimage\",\"url\":\"https:\/\/www.acomeambiente.org\/fr\/wp-content\/uploads\/sites\/2\/2016\/11\/FED.png\",\"contentUrl\":\"https:\/\/www.acomeambiente.org\/fr\/wp-content\/uploads\/sites\/2\/2016\/11\/FED.png\",\"width\":691,\"height\":548},{\"@type\":\"BreadcrumbList\",\"@id\":\"https:\/\/www.acomeambiente.org\/fr\/blog\/2016\/11\/04\/festival-delleducazione-2016\/#breadcrumb\",\"itemListElement\":[{\"@type\":\"ListItem\",\"position\":1,\"name\":\"Home\",\"item\":\"https:\/\/www.acomeambiente.org\/fr\/\"},{\"@type\":\"ListItem\",\"position\":2,\"name\":\"Festival dell\u2019Educazione 2016\"}]},{\"@type\":\"WebSite\",\"@id\":\"https:\/\/www.acomeambiente.org\/fr\/#website\",\"url\":\"https:\/\/www.acomeambiente.org\/fr\/\",\"name\":\"Fr - MAcA - Museo A come Ambiente\",\"description\":\"Passa al MAcA, costruiamo insieme un mondo pi\u00f9 sostenibile\",\"potentialAction\":[{\"@type\":\"SearchAction\",\"target\":{\"@type\":\"EntryPoint\",\"urlTemplate\":\"https:\/\/www.acomeambiente.org\/fr\/?s={search_term_string}\"},\"query-input\":{\"@type\":\"PropertyValueSpecification\",\"valueRequired\":true,\"valueName\":\"search_term_string\"}}],\"inLanguage\":\"fr-FR\"},{\"@type\":\"Person\",\"@id\":\"https:\/\/www.acomeambiente.org\/fr\/#\/schema\/person\/ab6a3aa499f2f11579162e2a29d0f2bb\",\"name\":\"Alberto Pinto\",\"image\":{\"@type\":\"ImageObject\",\"inLanguage\":\"fr-FR\",\"@id\":\"https:\/\/www.acomeambiente.org\/fr\/#\/schema\/person\/image\/\",\"url\":\"https:\/\/secure.gravatar.com\/avatar\/6be8fe355379e3f4707a96c378ea6193eddbd58461b7984364b1da5632ef922d?s=96&d=mm&r=g\",\"contentUrl\":\"https:\/\/secure.gravatar.com\/avatar\/6be8fe355379e3f4707a96c378ea6193eddbd58461b7984364b1da5632ef922d?s=96&d=mm&r=g\",\"caption\":\"Alberto Pinto\"},\"url\":\"https:\/\/www.acomeambiente.org\/fr\/blog\/author\/alberto-pinto\/\"}]}<\/script>\n<!-- \/ Yoast SEO plugin. -->","yoast_head_json":{"title":"Festival dell\u2019Educazione 2016 - Fr - MAcA - Museo A come Ambiente","robots":{"index":"index","follow":"follow","max-snippet":"max-snippet:-1","max-image-preview":"max-image-preview:large","max-video-preview":"max-video-preview:-1"},"canonical":"https:\/\/www.acomeambiente.org\/fr\/blog\/2016\/11\/04\/festival-delleducazione-2016\/","og_locale":"fr_FR","og_type":"article","og_title":"Festival dell\u2019Educazione 2016 - Fr - MAcA - Museo A come Ambiente","og_description":"23-27 novembre 2016, Torino","og_url":"https:\/\/www.acomeambiente.org\/fr\/blog\/2016\/11\/04\/festival-delleducazione-2016\/","og_site_name":"Fr - MAcA - Museo A come Ambiente","article_published_time":"2016-11-04T10:24:33+00:00","article_modified_time":"2017-04-11T08:38:32+00:00","og_image":[{"width":691,"height":548,"url":"https:\/\/www.acomeambiente.org\/fr\/wp-content\/uploads\/sites\/2\/2016\/11\/FED.png","type":"image\/png"}],"author":"Alberto Pinto","twitter_card":"summary_large_image","twitter_misc":{"\u00c9crit par":"Alberto Pinto","Dur\u00e9e de lecture estim\u00e9e":"1 minute"},"schema":{"@context":"https:\/\/schema.org","@graph":[{"@type":"Article","@id":"https:\/\/www.acomeambiente.org\/fr\/blog\/2016\/11\/04\/festival-delleducazione-2016\/#article","isPartOf":{"@id":"https:\/\/www.acomeambiente.org\/fr\/blog\/2016\/11\/04\/festival-delleducazione-2016\/"},"author":{"name":"Alberto Pinto","@id":"https:\/\/www.acomeambiente.org\/fr\/#\/schema\/person\/ab6a3aa499f2f11579162e2a29d0f2bb"},"headline":"Festival dell\u2019Educazione 2016","datePublished":"2016-11-04T10:24:33+00:00","dateModified":"2017-04-11T08:38:32+00:00","mainEntityOfPage":{"@id":"https:\/\/www.acomeambiente.org\/fr\/blog\/2016\/11\/04\/festival-delleducazione-2016\/"},"wordCount":231,"image":{"@id":"https:\/\/www.acomeambiente.org\/fr\/blog\/2016\/11\/04\/festival-delleducazione-2016\/#primaryimage"},"thumbnailUrl":"https:\/\/www.acomeambiente.org\/fr\/wp-content\/uploads\/sites\/2\/2016\/11\/FED.png","keywords":["Citt\u00e0 di Torino","Connessioni educative \u2013 Il cambiamento e la costruzione della conoscenza","Festival dell'Educazione","Torino"],"articleSection":["\u00c9v\u00e9nements"],"inLanguage":"fr-FR"},{"@type":"WebPage","@id":"https:\/\/www.acomeambiente.org\/fr\/blog\/2016\/11\/04\/festival-delleducazione-2016\/","url":"https:\/\/www.acomeambiente.org\/fr\/blog\/2016\/11\/04\/festival-delleducazione-2016\/","name":"Festival dell\u2019Educazione 2016 - Fr - MAcA - Museo A come Ambiente","isPartOf":{"@id":"https:\/\/www.acomeambiente.org\/fr\/#website"},"primaryImageOfPage":{"@id":"https:\/\/www.acomeambiente.org\/fr\/blog\/2016\/11\/04\/festival-delleducazione-2016\/#primaryimage"},"image":{"@id":"https:\/\/www.acomeambiente.org\/fr\/blog\/2016\/11\/04\/festival-delleducazione-2016\/#primaryimage"},"thumbnailUrl":"https:\/\/www.acomeambiente.org\/fr\/wp-content\/uploads\/sites\/2\/2016\/11\/FED.png","datePublished":"2016-11-04T10:24:33+00:00","dateModified":"2017-04-11T08:38:32+00:00","author":{"@id":"https:\/\/www.acomeambiente.org\/fr\/#\/schema\/person\/ab6a3aa499f2f11579162e2a29d0f2bb"},"breadcrumb":{"@id":"https:\/\/www.acomeambiente.org\/fr\/blog\/2016\/11\/04\/festival-delleducazione-2016\/#breadcrumb"},"inLanguage":"fr-FR","potentialAction":[{"@type":"ReadAction","target":["https:\/\/www.acomeambiente.org\/fr\/blog\/2016\/11\/04\/festival-delleducazione-2016\/"]}]},{"@type":"ImageObject","inLanguage":"fr-FR","@id":"https:\/\/www.acomeambiente.org\/fr\/blog\/2016\/11\/04\/festival-delleducazione-2016\/#primaryimage","url":"https:\/\/www.acomeambiente.org\/fr\/wp-content\/uploads\/sites\/2\/2016\/11\/FED.png","contentUrl":"https:\/\/www.acomeambiente.org\/fr\/wp-content\/uploads\/sites\/2\/2016\/11\/FED.png","width":691,"height":548},{"@type":"BreadcrumbList","@id":"https:\/\/www.acomeambiente.org\/fr\/blog\/2016\/11\/04\/festival-delleducazione-2016\/#breadcrumb","itemListElement":[{"@type":"ListItem","position":1,"name":"Home","item":"https:\/\/www.acomeambiente.org\/fr\/"},{"@type":"ListItem","position":2,"name":"Festival dell\u2019Educazione 2016"}]},{"@type":"WebSite","@id":"https:\/\/www.acomeambiente.org\/fr\/#website","url":"https:\/\/www.acomeambiente.org\/fr\/","name":"Fr - MAcA - Museo A come Ambiente","description":"Passa al MAcA, costruiamo insieme un mondo pi\u00f9 sostenibile","potentialAction":[{"@type":"SearchAction","target":{"@type":"EntryPoint","urlTemplate":"https:\/\/www.acomeambiente.org\/fr\/?s={search_term_string}"},"query-input":{"@type":"PropertyValueSpecification","valueRequired":true,"valueName":"search_term_string"}}],"inLanguage":"fr-FR"},{"@type":"Person","@id":"https:\/\/www.acomeambiente.org\/fr\/#\/schema\/person\/ab6a3aa499f2f11579162e2a29d0f2bb","name":"Alberto Pinto","image":{"@type":"ImageObject","inLanguage":"fr-FR","@id":"https:\/\/www.acomeambiente.org\/fr\/#\/schema\/person\/image\/","url":"https:\/\/secure.gravatar.com\/avatar\/6be8fe355379e3f4707a96c378ea6193eddbd58461b7984364b1da5632ef922d?s=96&d=mm&r=g","contentUrl":"https:\/\/secure.gravatar.com\/avatar\/6be8fe355379e3f4707a96c378ea6193eddbd58461b7984364b1da5632ef922d?s=96&d=mm&r=g","caption":"Alberto Pinto"},"url":"https:\/\/www.acomeambiente.org\/fr\/blog\/author\/alberto-pinto\/"}]}},"_links":{"self":[{"href":"https:\/\/www.acomeambiente.org\/fr\/wp-json\/wp\/v2\/posts\/3911","targetHints":{"allow":["GET"]}}],"collection":[{"href":"https:\/\/www.acomeambiente.org\/fr\/wp-json\/wp\/v2\/posts"}],"about":[{"href":"https:\/\/www.acomeambiente.org\/fr\/wp-json\/wp\/v2\/types\/post"}],"author":[{"embeddable":true,"href":"https:\/\/www.acomeambiente.org\/fr\/wp-json\/wp\/v2\/users\/1026"}],"replies":[{"embeddable":true,"href":"https:\/\/www.acomeambiente.org\/fr\/wp-json\/wp\/v2\/comments?post=3911"}],"version-history":[{"count":5,"href":"https:\/\/www.acomeambiente.org\/fr\/wp-json\/wp\/v2\/posts\/3911\/revisions"}],"predecessor-version":[{"id":3954,"href":"https:\/\/www.acomeambiente.org\/fr\/wp-json\/wp\/v2\/posts\/3911\/revisions\/3954"}],"wp:featuredmedia":[{"embeddable":true,"href":"https:\/\/www.acomeambiente.org\/fr\/wp-json\/wp\/v2\/media\/3912"}],"wp:attachment":[{"href":"https:\/\/www.acomeambiente.org\/fr\/wp-json\/wp\/v2\/media?parent=3911"}],"wp:term":[{"taxonomy":"category","embeddable":true,"href":"https:\/\/www.acomeambiente.org\/fr\/wp-json\/wp\/v2\/categories?post=3911"},{"taxonomy":"post_tag","embeddable":true,"href":"https:\/\/www.acomeambiente.org\/fr\/wp-json\/wp\/v2\/tags?post=3911"}],"curies":[{"name":"wp","href":"https:\/\/api.w.org\/{rel}","templated":true}]}}