{"id":3211,"date":"2016-05-20T10:18:20","date_gmt":"2016-05-20T10:18:20","guid":{"rendered":"http:\/\/www.acomeambiente.org\/fr\/?p=3211"},"modified":"2017-04-11T08:38:34","modified_gmt":"2017-04-11T08:38:34","slug":"anche-maca-partecipa-alla-notte-europea-dei-musei-2016","status":"publish","type":"post","link":"https:\/\/www.acomeambiente.org\/fr\/blog\/2016\/05\/20\/anche-maca-partecipa-alla-notte-europea-dei-musei-2016\/","title":{"rendered":"Anche il MAcA partecipa alla Notte Europea dei Musei 2016"},"content":{"rendered":"<h1 class=\"entry-title\" style=\"text-align: justify;\">Anche il MAcA partecipa alla Notte Europea dei Musei 2016<\/h1>\n<p><img decoding=\"async\" class=\"alignnone wp-image-3212\" src=\"http:\/\/www.acomeambiente.org\/wp-content\/uploads\/sites\/2\/2016\/05\/Foto-Notte-Europera-Musei_210516.jpg\" alt=\"Foto Notte Europera Musei_210516\" width=\"890\" height=\"500\" srcset=\"https:\/\/www.acomeambiente.org\/fr\/wp-content\/uploads\/sites\/2\/2016\/05\/Foto-Notte-Europera-Musei_210516-200x113.jpg 200w, https:\/\/www.acomeambiente.org\/fr\/wp-content\/uploads\/sites\/2\/2016\/05\/Foto-Notte-Europera-Musei_210516-300x169.jpg 300w, https:\/\/www.acomeambiente.org\/fr\/wp-content\/uploads\/sites\/2\/2016\/05\/Foto-Notte-Europera-Musei_210516-400x225.jpg 400w, https:\/\/www.acomeambiente.org\/fr\/wp-content\/uploads\/sites\/2\/2016\/05\/Foto-Notte-Europera-Musei_210516-600x338.jpg 600w, https:\/\/www.acomeambiente.org\/fr\/wp-content\/uploads\/sites\/2\/2016\/05\/Foto-Notte-Europera-Musei_210516-768x432.jpg 768w, https:\/\/www.acomeambiente.org\/fr\/wp-content\/uploads\/sites\/2\/2016\/05\/Foto-Notte-Europera-Musei_210516-800x450.jpg 800w, https:\/\/www.acomeambiente.org\/fr\/wp-content\/uploads\/sites\/2\/2016\/05\/Foto-Notte-Europera-Musei_210516-1024x576.jpg 1024w, https:\/\/www.acomeambiente.org\/fr\/wp-content\/uploads\/sites\/2\/2016\/05\/Foto-Notte-Europera-Musei_210516-1200x675.jpg 1200w, https:\/\/www.acomeambiente.org\/fr\/wp-content\/uploads\/sites\/2\/2016\/05\/Foto-Notte-Europera-Musei_210516.jpg 1920w\" sizes=\"(max-width: 890px) 100vw, 890px\" \/><\/p>\n<p>Torna anche quest\u2019anno l\u2019appuntamento con la <strong>Notte Europea dei Musei<\/strong>, in programma il <strong>21 maggio 2016<\/strong>.<\/p>\n<p>Alla manifestazione, giunta alla sua dodicesima edizione, parteciper\u00e0 anche il <em>Museo A come Ambiente<\/em> di Torino che sabato,\u00a0 in via eccezionale, rester\u00e0 aperto fino alle <strong>ore 22:00 <\/strong>per accogliere i visitatori e coinvolgerli nelle sue affascinanti attivit\u00e0.<\/p>\n<p>Percorsi, laboratori, esperimenti e tanto altro ancora per una serata speciale alla scoperta dell\u2019ambiente e delle tematiche ad esso legate, da approfondire in un\u2019atmosfera stimolante e interattiva.<\/p>\n<p><strong>Dalle ore 19:30 alle 22:00<\/strong> l\u2019ingresso al <em>MAcA<\/em> sar\u00e0 gratuito. Per la visita guidata (facoltativa) il costo sar\u00e0 di 2 euro.<\/p>\n<p>Un evento unico nel suo genere e assolutamente da non perdere, che ribadisce il ruolo dei musei come luogo centrale dello sviluppo della societ\u00e0. Non solo apprendimento e informazione, ma anche confronto, aggregazione e partecipazione.<\/p>\n","protected":false},"excerpt":{"rendered":"<p>21 maggio 2016, Torino <\/p>\n","protected":false},"author":2,"featured_media":3212,"comment_status":"closed","ping_status":"open","sticky":false,"template":"","format":"standard","meta":{"footnotes":""},"categories":[7],"tags":[34,44,14,47,19,9,498,232,12],"class_list":["post-3211","post","type-post","status-publish","format-standard","has-post-thumbnail","hentry","category-evenements","tag-a-come-ambiente","tag-ambiente","tag-eventi","tag-laboratori","tag-maca","tag-museo-a-come-ambiente","tag-notte-europea-dei-musei","tag-percorsi","tag-torino"],"yoast_head":"<!-- This site is optimized with the Yoast SEO plugin v26.9 - https:\/\/yoast.com\/product\/yoast-seo-wordpress\/ -->\n<title>Anche il MAcA partecipa alla Notte Europea dei Musei 2016 - Fr - MAcA - Museo A come Ambiente<\/title>\n<meta name=\"robots\" content=\"index, follow, max-snippet:-1, max-image-preview:large, max-video-preview:-1\" \/>\n<link rel=\"canonical\" href=\"https:\/\/www.acomeambiente.org\/fr\/blog\/2016\/05\/20\/anche-maca-partecipa-alla-notte-europea-dei-musei-2016\/\" \/>\n<meta property=\"og:locale\" content=\"fr_FR\" \/>\n<meta property=\"og:type\" content=\"article\" \/>\n<meta property=\"og:title\" content=\"Anche il MAcA partecipa alla Notte Europea dei Musei 2016 - Fr - MAcA - Museo A come Ambiente\" \/>\n<meta property=\"og:description\" content=\"21 maggio 2016, Torino\" \/>\n<meta property=\"og:url\" content=\"https:\/\/www.acomeambiente.org\/fr\/blog\/2016\/05\/20\/anche-maca-partecipa-alla-notte-europea-dei-musei-2016\/\" \/>\n<meta property=\"og:site_name\" content=\"Fr - MAcA - Museo A come Ambiente\" \/>\n<meta property=\"article:published_time\" content=\"2016-05-20T10:18:20+00:00\" \/>\n<meta property=\"article:modified_time\" content=\"2017-04-11T08:38:34+00:00\" \/>\n<meta property=\"og:image\" content=\"https:\/\/www.acomeambiente.org\/fr\/wp-content\/uploads\/sites\/2\/2016\/05\/Foto-Notte-Europera-Musei_210516.jpg\" \/>\n\t<meta property=\"og:image:width\" content=\"1920\" \/>\n\t<meta property=\"og:image:height\" content=\"1080\" \/>\n\t<meta property=\"og:image:type\" content=\"image\/jpeg\" \/>\n<meta name=\"author\" content=\"maca\" \/>\n<meta name=\"twitter:card\" content=\"summary_large_image\" \/>\n<meta name=\"twitter:label1\" content=\"\u00c9crit par\" \/>\n\t<meta name=\"twitter:data1\" content=\"maca\" \/>\n\t<meta name=\"twitter:label2\" content=\"Dur\u00e9e de lecture estim\u00e9e\" \/>\n\t<meta name=\"twitter:data2\" content=\"1 minute\" \/>\n<script type=\"application\/ld+json\" class=\"yoast-schema-graph\">{\"@context\":\"https:\/\/schema.org\",\"@graph\":[{\"@type\":\"Article\",\"@id\":\"https:\/\/www.acomeambiente.org\/fr\/blog\/2016\/05\/20\/anche-maca-partecipa-alla-notte-europea-dei-musei-2016\/#article\",\"isPartOf\":{\"@id\":\"https:\/\/www.acomeambiente.org\/fr\/blog\/2016\/05\/20\/anche-maca-partecipa-alla-notte-europea-dei-musei-2016\/\"},\"author\":{\"name\":\"maca\",\"@id\":\"https:\/\/www.acomeambiente.org\/fr\/#\/schema\/person\/abb5b373fd10c6152f3ba6effe4922a8\"},\"headline\":\"Anche il MAcA partecipa alla Notte Europea dei Musei 2016\",\"datePublished\":\"2016-05-20T10:18:20+00:00\",\"dateModified\":\"2017-04-11T08:38:34+00:00\",\"mainEntityOfPage\":{\"@id\":\"https:\/\/www.acomeambiente.org\/fr\/blog\/2016\/05\/20\/anche-maca-partecipa-alla-notte-europea-dei-musei-2016\/\"},\"wordCount\":153,\"image\":{\"@id\":\"https:\/\/www.acomeambiente.org\/fr\/blog\/2016\/05\/20\/anche-maca-partecipa-alla-notte-europea-dei-musei-2016\/#primaryimage\"},\"thumbnailUrl\":\"https:\/\/www.acomeambiente.org\/fr\/wp-content\/uploads\/sites\/2\/2016\/05\/Foto-Notte-Europera-Musei_210516.jpg\",\"keywords\":[\"A come Ambiente\",\"ambiente\",\"Eventi\",\"laboratori\",\"MAcA\",\"Museo A come Ambiente\",\"Notte Europea dei Musei\",\"percorsi\",\"Torino\"],\"articleSection\":[\"\u00c9v\u00e9nements\"],\"inLanguage\":\"fr-FR\"},{\"@type\":\"WebPage\",\"@id\":\"https:\/\/www.acomeambiente.org\/fr\/blog\/2016\/05\/20\/anche-maca-partecipa-alla-notte-europea-dei-musei-2016\/\",\"url\":\"https:\/\/www.acomeambiente.org\/fr\/blog\/2016\/05\/20\/anche-maca-partecipa-alla-notte-europea-dei-musei-2016\/\",\"name\":\"Anche il MAcA partecipa alla Notte Europea dei Musei 2016 - Fr - MAcA - Museo A come Ambiente\",\"isPartOf\":{\"@id\":\"https:\/\/www.acomeambiente.org\/fr\/#website\"},\"primaryImageOfPage\":{\"@id\":\"https:\/\/www.acomeambiente.org\/fr\/blog\/2016\/05\/20\/anche-maca-partecipa-alla-notte-europea-dei-musei-2016\/#primaryimage\"},\"image\":{\"@id\":\"https:\/\/www.acomeambiente.org\/fr\/blog\/2016\/05\/20\/anche-maca-partecipa-alla-notte-europea-dei-musei-2016\/#primaryimage\"},\"thumbnailUrl\":\"https:\/\/www.acomeambiente.org\/fr\/wp-content\/uploads\/sites\/2\/2016\/05\/Foto-Notte-Europera-Musei_210516.jpg\",\"datePublished\":\"2016-05-20T10:18:20+00:00\",\"dateModified\":\"2017-04-11T08:38:34+00:00\",\"author\":{\"@id\":\"https:\/\/www.acomeambiente.org\/fr\/#\/schema\/person\/abb5b373fd10c6152f3ba6effe4922a8\"},\"breadcrumb\":{\"@id\":\"https:\/\/www.acomeambiente.org\/fr\/blog\/2016\/05\/20\/anche-maca-partecipa-alla-notte-europea-dei-musei-2016\/#breadcrumb\"},\"inLanguage\":\"fr-FR\",\"potentialAction\":[{\"@type\":\"ReadAction\",\"target\":[\"https:\/\/www.acomeambiente.org\/fr\/blog\/2016\/05\/20\/anche-maca-partecipa-alla-notte-europea-dei-musei-2016\/\"]}]},{\"@type\":\"ImageObject\",\"inLanguage\":\"fr-FR\",\"@id\":\"https:\/\/www.acomeambiente.org\/fr\/blog\/2016\/05\/20\/anche-maca-partecipa-alla-notte-europea-dei-musei-2016\/#primaryimage\",\"url\":\"https:\/\/www.acomeambiente.org\/fr\/wp-content\/uploads\/sites\/2\/2016\/05\/Foto-Notte-Europera-Musei_210516.jpg\",\"contentUrl\":\"https:\/\/www.acomeambiente.org\/fr\/wp-content\/uploads\/sites\/2\/2016\/05\/Foto-Notte-Europera-Musei_210516.jpg\",\"width\":1920,\"height\":1080},{\"@type\":\"BreadcrumbList\",\"@id\":\"https:\/\/www.acomeambiente.org\/fr\/blog\/2016\/05\/20\/anche-maca-partecipa-alla-notte-europea-dei-musei-2016\/#breadcrumb\",\"itemListElement\":[{\"@type\":\"ListItem\",\"position\":1,\"name\":\"Home\",\"item\":\"https:\/\/www.acomeambiente.org\/fr\/\"},{\"@type\":\"ListItem\",\"position\":2,\"name\":\"Anche il MAcA partecipa alla Notte Europea dei Musei 2016\"}]},{\"@type\":\"WebSite\",\"@id\":\"https:\/\/www.acomeambiente.org\/fr\/#website\",\"url\":\"https:\/\/www.acomeambiente.org\/fr\/\",\"name\":\"Fr - MAcA - Museo A come Ambiente\",\"description\":\"Passa al MAcA, costruiamo insieme un mondo pi\u00f9 sostenibile\",\"potentialAction\":[{\"@type\":\"SearchAction\",\"target\":{\"@type\":\"EntryPoint\",\"urlTemplate\":\"https:\/\/www.acomeambiente.org\/fr\/?s={search_term_string}\"},\"query-input\":{\"@type\":\"PropertyValueSpecification\",\"valueRequired\":true,\"valueName\":\"search_term_string\"}}],\"inLanguage\":\"fr-FR\"},{\"@type\":\"Person\",\"@id\":\"https:\/\/www.acomeambiente.org\/fr\/#\/schema\/person\/abb5b373fd10c6152f3ba6effe4922a8\",\"name\":\"maca\",\"image\":{\"@type\":\"ImageObject\",\"inLanguage\":\"fr-FR\",\"@id\":\"https:\/\/www.acomeambiente.org\/fr\/#\/schema\/person\/image\/\",\"url\":\"https:\/\/secure.gravatar.com\/avatar\/638ecfb6ae252284df22625e08c27812f9102da6030194ee85189eda9b903f6a?s=96&d=mm&r=g\",\"contentUrl\":\"https:\/\/secure.gravatar.com\/avatar\/638ecfb6ae252284df22625e08c27812f9102da6030194ee85189eda9b903f6a?s=96&d=mm&r=g\",\"caption\":\"maca\"},\"url\":\"https:\/\/www.acomeambiente.org\/fr\/blog\/author\/maca\/\"}]}<\/script>\n<!-- \/ Yoast SEO plugin. -->","yoast_head_json":{"title":"Anche il MAcA partecipa alla Notte Europea dei Musei 2016 - Fr - MAcA - Museo A come Ambiente","robots":{"index":"index","follow":"follow","max-snippet":"max-snippet:-1","max-image-preview":"max-image-preview:large","max-video-preview":"max-video-preview:-1"},"canonical":"https:\/\/www.acomeambiente.org\/fr\/blog\/2016\/05\/20\/anche-maca-partecipa-alla-notte-europea-dei-musei-2016\/","og_locale":"fr_FR","og_type":"article","og_title":"Anche il MAcA partecipa alla Notte Europea dei Musei 2016 - Fr - MAcA - Museo A come Ambiente","og_description":"21 maggio 2016, Torino","og_url":"https:\/\/www.acomeambiente.org\/fr\/blog\/2016\/05\/20\/anche-maca-partecipa-alla-notte-europea-dei-musei-2016\/","og_site_name":"Fr - MAcA - Museo A come Ambiente","article_published_time":"2016-05-20T10:18:20+00:00","article_modified_time":"2017-04-11T08:38:34+00:00","og_image":[{"width":1920,"height":1080,"url":"https:\/\/www.acomeambiente.org\/fr\/wp-content\/uploads\/sites\/2\/2016\/05\/Foto-Notte-Europera-Musei_210516.jpg","type":"image\/jpeg"}],"author":"maca","twitter_card":"summary_large_image","twitter_misc":{"\u00c9crit par":"maca","Dur\u00e9e de lecture estim\u00e9e":"1 minute"},"schema":{"@context":"https:\/\/schema.org","@graph":[{"@type":"Article","@id":"https:\/\/www.acomeambiente.org\/fr\/blog\/2016\/05\/20\/anche-maca-partecipa-alla-notte-europea-dei-musei-2016\/#article","isPartOf":{"@id":"https:\/\/www.acomeambiente.org\/fr\/blog\/2016\/05\/20\/anche-maca-partecipa-alla-notte-europea-dei-musei-2016\/"},"author":{"name":"maca","@id":"https:\/\/www.acomeambiente.org\/fr\/#\/schema\/person\/abb5b373fd10c6152f3ba6effe4922a8"},"headline":"Anche il MAcA partecipa alla Notte Europea dei Musei 2016","datePublished":"2016-05-20T10:18:20+00:00","dateModified":"2017-04-11T08:38:34+00:00","mainEntityOfPage":{"@id":"https:\/\/www.acomeambiente.org\/fr\/blog\/2016\/05\/20\/anche-maca-partecipa-alla-notte-europea-dei-musei-2016\/"},"wordCount":153,"image":{"@id":"https:\/\/www.acomeambiente.org\/fr\/blog\/2016\/05\/20\/anche-maca-partecipa-alla-notte-europea-dei-musei-2016\/#primaryimage"},"thumbnailUrl":"https:\/\/www.acomeambiente.org\/fr\/wp-content\/uploads\/sites\/2\/2016\/05\/Foto-Notte-Europera-Musei_210516.jpg","keywords":["A come Ambiente","ambiente","Eventi","laboratori","MAcA","Museo A come Ambiente","Notte Europea dei Musei","percorsi","Torino"],"articleSection":["\u00c9v\u00e9nements"],"inLanguage":"fr-FR"},{"@type":"WebPage","@id":"https:\/\/www.acomeambiente.org\/fr\/blog\/2016\/05\/20\/anche-maca-partecipa-alla-notte-europea-dei-musei-2016\/","url":"https:\/\/www.acomeambiente.org\/fr\/blog\/2016\/05\/20\/anche-maca-partecipa-alla-notte-europea-dei-musei-2016\/","name":"Anche il MAcA partecipa alla Notte Europea dei Musei 2016 - Fr - MAcA - Museo A come Ambiente","isPartOf":{"@id":"https:\/\/www.acomeambiente.org\/fr\/#website"},"primaryImageOfPage":{"@id":"https:\/\/www.acomeambiente.org\/fr\/blog\/2016\/05\/20\/anche-maca-partecipa-alla-notte-europea-dei-musei-2016\/#primaryimage"},"image":{"@id":"https:\/\/www.acomeambiente.org\/fr\/blog\/2016\/05\/20\/anche-maca-partecipa-alla-notte-europea-dei-musei-2016\/#primaryimage"},"thumbnailUrl":"https:\/\/www.acomeambiente.org\/fr\/wp-content\/uploads\/sites\/2\/2016\/05\/Foto-Notte-Europera-Musei_210516.jpg","datePublished":"2016-05-20T10:18:20+00:00","dateModified":"2017-04-11T08:38:34+00:00","author":{"@id":"https:\/\/www.acomeambiente.org\/fr\/#\/schema\/person\/abb5b373fd10c6152f3ba6effe4922a8"},"breadcrumb":{"@id":"https:\/\/www.acomeambiente.org\/fr\/blog\/2016\/05\/20\/anche-maca-partecipa-alla-notte-europea-dei-musei-2016\/#breadcrumb"},"inLanguage":"fr-FR","potentialAction":[{"@type":"ReadAction","target":["https:\/\/www.acomeambiente.org\/fr\/blog\/2016\/05\/20\/anche-maca-partecipa-alla-notte-europea-dei-musei-2016\/"]}]},{"@type":"ImageObject","inLanguage":"fr-FR","@id":"https:\/\/www.acomeambiente.org\/fr\/blog\/2016\/05\/20\/anche-maca-partecipa-alla-notte-europea-dei-musei-2016\/#primaryimage","url":"https:\/\/www.acomeambiente.org\/fr\/wp-content\/uploads\/sites\/2\/2016\/05\/Foto-Notte-Europera-Musei_210516.jpg","contentUrl":"https:\/\/www.acomeambiente.org\/fr\/wp-content\/uploads\/sites\/2\/2016\/05\/Foto-Notte-Europera-Musei_210516.jpg","width":1920,"height":1080},{"@type":"BreadcrumbList","@id":"https:\/\/www.acomeambiente.org\/fr\/blog\/2016\/05\/20\/anche-maca-partecipa-alla-notte-europea-dei-musei-2016\/#breadcrumb","itemListElement":[{"@type":"ListItem","position":1,"name":"Home","item":"https:\/\/www.acomeambiente.org\/fr\/"},{"@type":"ListItem","position":2,"name":"Anche il MAcA partecipa alla Notte Europea dei Musei 2016"}]},{"@type":"WebSite","@id":"https:\/\/www.acomeambiente.org\/fr\/#website","url":"https:\/\/www.acomeambiente.org\/fr\/","name":"Fr - MAcA - Museo A come Ambiente","description":"Passa al MAcA, costruiamo insieme un mondo pi\u00f9 sostenibile","potentialAction":[{"@type":"SearchAction","target":{"@type":"EntryPoint","urlTemplate":"https:\/\/www.acomeambiente.org\/fr\/?s={search_term_string}"},"query-input":{"@type":"PropertyValueSpecification","valueRequired":true,"valueName":"search_term_string"}}],"inLanguage":"fr-FR"},{"@type":"Person","@id":"https:\/\/www.acomeambiente.org\/fr\/#\/schema\/person\/abb5b373fd10c6152f3ba6effe4922a8","name":"maca","image":{"@type":"ImageObject","inLanguage":"fr-FR","@id":"https:\/\/www.acomeambiente.org\/fr\/#\/schema\/person\/image\/","url":"https:\/\/secure.gravatar.com\/avatar\/638ecfb6ae252284df22625e08c27812f9102da6030194ee85189eda9b903f6a?s=96&d=mm&r=g","contentUrl":"https:\/\/secure.gravatar.com\/avatar\/638ecfb6ae252284df22625e08c27812f9102da6030194ee85189eda9b903f6a?s=96&d=mm&r=g","caption":"maca"},"url":"https:\/\/www.acomeambiente.org\/fr\/blog\/author\/maca\/"}]}},"_links":{"self":[{"href":"https:\/\/www.acomeambiente.org\/fr\/wp-json\/wp\/v2\/posts\/3211","targetHints":{"allow":["GET"]}}],"collection":[{"href":"https:\/\/www.acomeambiente.org\/fr\/wp-json\/wp\/v2\/posts"}],"about":[{"href":"https:\/\/www.acomeambiente.org\/fr\/wp-json\/wp\/v2\/types\/post"}],"author":[{"embeddable":true,"href":"https:\/\/www.acomeambiente.org\/fr\/wp-json\/wp\/v2\/users\/2"}],"replies":[{"embeddable":true,"href":"https:\/\/www.acomeambiente.org\/fr\/wp-json\/wp\/v2\/comments?post=3211"}],"version-history":[{"count":1,"href":"https:\/\/www.acomeambiente.org\/fr\/wp-json\/wp\/v2\/posts\/3211\/revisions"}],"predecessor-version":[{"id":3213,"href":"https:\/\/www.acomeambiente.org\/fr\/wp-json\/wp\/v2\/posts\/3211\/revisions\/3213"}],"wp:featuredmedia":[{"embeddable":true,"href":"https:\/\/www.acomeambiente.org\/fr\/wp-json\/wp\/v2\/media\/3212"}],"wp:attachment":[{"href":"https:\/\/www.acomeambiente.org\/fr\/wp-json\/wp\/v2\/media?parent=3211"}],"wp:term":[{"taxonomy":"category","embeddable":true,"href":"https:\/\/www.acomeambiente.org\/fr\/wp-json\/wp\/v2\/categories?post=3211"},{"taxonomy":"post_tag","embeddable":true,"href":"https:\/\/www.acomeambiente.org\/fr\/wp-json\/wp\/v2\/tags?post=3211"}],"curies":[{"name":"wp","href":"https:\/\/api.w.org\/{rel}","templated":true}]}}