{"id":3198,"date":"2016-05-24T05:07:53","date_gmt":"2016-05-24T05:07:53","guid":{"rendered":"http:\/\/www.acomeambiente.org\/fr\/?p=3198"},"modified":"2017-04-11T08:38:34","modified_gmt":"2017-04-11T08:38:34","slug":"un-tesoro-verde-la-giornata-europea-dei-parchi-2016","status":"publish","type":"post","link":"https:\/\/www.acomeambiente.org\/fr\/blog\/2016\/05\/24\/un-tesoro-verde-la-giornata-europea-dei-parchi-2016\/","title":{"rendered":"Un tesoro tutto verde, la Giornata Europea dei Parchi 2016"},"content":{"rendered":"<h1 class=\"entry-title\" style=\"text-align: justify;\">Un tesoro tutto verde, la Giornata Europea dei Parchi 2016<\/h1>\n<p><img decoding=\"async\" class=\"alignnone wp-image-3199\" src=\"http:\/\/www.acomeambiente.org\/wp-content\/uploads\/sites\/2\/2016\/05\/couple-1363959_960_720.jpg\" alt=\"couple-1363959_960_720\" width=\"560\" height=\"373\" srcset=\"https:\/\/www.acomeambiente.org\/fr\/wp-content\/uploads\/sites\/2\/2016\/05\/couple-1363959_960_720-200x133.jpg 200w, https:\/\/www.acomeambiente.org\/fr\/wp-content\/uploads\/sites\/2\/2016\/05\/couple-1363959_960_720-300x200.jpg 300w, https:\/\/www.acomeambiente.org\/fr\/wp-content\/uploads\/sites\/2\/2016\/05\/couple-1363959_960_720-400x266.jpg 400w, https:\/\/www.acomeambiente.org\/fr\/wp-content\/uploads\/sites\/2\/2016\/05\/couple-1363959_960_720-600x399.jpg 600w, https:\/\/www.acomeambiente.org\/fr\/wp-content\/uploads\/sites\/2\/2016\/05\/couple-1363959_960_720-768x511.jpg 768w, https:\/\/www.acomeambiente.org\/fr\/wp-content\/uploads\/sites\/2\/2016\/05\/couple-1363959_960_720-800x533.jpg 800w, https:\/\/www.acomeambiente.org\/fr\/wp-content\/uploads\/sites\/2\/2016\/05\/couple-1363959_960_720.jpg 960w\" sizes=\"(max-width: 560px) 100vw, 560px\" \/><\/p>\n<p>Tra libert\u00e0, natura e socialit\u00e0, i parchi sono luoghi di aggregazione e di aria pura che colorano di verde le nostre citt\u00e0. Risorse da valorizzare e proteggere, che svolgono un ruolo fondamentale nella vita dei singoli e della collettivit\u00e0.<\/p>\n<p>Il<strong> 24 maggio<\/strong> si festeggia la <strong>Giornata Europea dei Parchi<\/strong>, un\u2019iniziativa della<em> Federazione Europea della Natura e dei Parchi naturali<\/em> (<strong><a href=\"http:\/\/www.europarc.org\/\" target=\"_blank\">EUROPARC<\/a><\/strong>), coordinata in Italia da <strong><a href=\"http:\/\/www.parks.it\/federparchi\/\" target=\"_blank\">Federparchi<\/a><\/strong>, la <em>Federazione italiana dei parchi e delle riserve naturali<\/em>.<\/p>\n<p>La data del 24 maggio celebra il giorno in cui, nel 1909, fu istituito il primo parco europeo, in Svezia. In Italia, cos\u00ec come in tutta Europa, la ricorrenza verr\u00e0 celebrata con mostre, incontri, escursioni e naturalmente tantissime attivit\u00e0 ambientali ed ecologiche da svolgere all\u2019aperto.<\/p>\n<p>Il tema dell\u2019edizione 2016 dell\u2019<strong><a href=\"http:\/\/www.europarc.org\/nature\/edop\/\" target=\"_blank\">European Day of Parks<\/a><\/strong> sar\u00e0 \u201c<strong>A Taste of Nature<\/strong>\u201d, un assaggio di natura non solo in riferimento ai prodotti naturali che il nostro ambiente ci regala, ma anche un invito a godere della bellezza e della purezza della natura e a vivere i parchi naturali in tutta la loro socialit\u00e0.<\/p>\n<p>I parchi sono una fonte inesauribile di opportunit\u00e0, un elemento irrinunciabile delle nostre citt\u00e0 da vivere appieno e da includere nelle nostre abitudini quotidiane. Collocato a pochi passi dalla splendida cornice di <strong>Parco Dora<\/strong>, moderno spazio pubblico torinese ricco di verde e di opportunit\u00e0, il <em>Museo A come Ambiente<\/em> condivide lo spirito dell&rsquo;evento.<\/p>\n<p>La <em>Giornata Europea dei Parchi<\/em> ci invita a riscoprire il loro ruolo sociale ed ecologico, per rendere i parchi dei luoghi sempre pi\u00f9 vivi e presenti nella nostra cultura.<\/p>\n","protected":false},"excerpt":{"rendered":"<p>Un tesoro tutto verde, la Giornata Europea dei Parchi 2016 Tra libert\u00e0, natura e socialit\u00e0, i parchi sono luoghi di aggregazione e di aria pura che colorano di verde le  [&#8230;]<\/p>\n","protected":false},"author":2,"featured_media":3199,"comment_status":"closed","ping_status":"open","sticky":false,"template":"","format":"standard","meta":{"footnotes":""},"categories":[61],"tags":[491,34,489,486,488,487,490,492,16],"class_list":["post-3198","post","type-post","status-publish","format-standard","has-post-thumbnail","hentry","category-news","tag-24-maggio","tag-a-come-ambiente","tag-a-taste-of-nature","tag-europarc","tag-european-day-of-parks","tag-federparhi","tag-giornata-europea-dei-parchi","tag-museo-a-come-ambiente-maca","tag-parco-dora"],"yoast_head":"<!-- This site is optimized with the Yoast SEO plugin v26.9 - https:\/\/yoast.com\/product\/yoast-seo-wordpress\/ -->\n<title>Un tesoro tutto verde, la Giornata Europea dei Parchi 2016 - Fr - MAcA - Museo A come Ambiente<\/title>\n<meta name=\"robots\" content=\"index, follow, max-snippet:-1, max-image-preview:large, max-video-preview:-1\" \/>\n<link rel=\"canonical\" href=\"https:\/\/www.acomeambiente.org\/fr\/blog\/2016\/05\/24\/un-tesoro-verde-la-giornata-europea-dei-parchi-2016\/\" \/>\n<meta property=\"og:locale\" content=\"fr_FR\" \/>\n<meta property=\"og:type\" content=\"article\" \/>\n<meta property=\"og:title\" content=\"Un tesoro tutto verde, la Giornata Europea dei Parchi 2016 - Fr - MAcA - Museo A come Ambiente\" \/>\n<meta property=\"og:description\" content=\"Un tesoro tutto verde, la Giornata Europea dei Parchi 2016 Tra libert\u00e0, natura e socialit\u00e0, i parchi sono luoghi di aggregazione e di aria pura che colorano di verde le [...]\" \/>\n<meta property=\"og:url\" content=\"https:\/\/www.acomeambiente.org\/fr\/blog\/2016\/05\/24\/un-tesoro-verde-la-giornata-europea-dei-parchi-2016\/\" \/>\n<meta property=\"og:site_name\" content=\"Fr - MAcA - Museo A come Ambiente\" \/>\n<meta property=\"article:published_time\" content=\"2016-05-24T05:07:53+00:00\" \/>\n<meta property=\"article:modified_time\" content=\"2017-04-11T08:38:34+00:00\" \/>\n<meta property=\"og:image\" content=\"https:\/\/www.acomeambiente.org\/fr\/wp-content\/uploads\/sites\/2\/2016\/05\/couple-1363959_960_720.jpg\" \/>\n\t<meta property=\"og:image:width\" content=\"960\" \/>\n\t<meta property=\"og:image:height\" content=\"639\" \/>\n\t<meta property=\"og:image:type\" content=\"image\/jpeg\" \/>\n<meta name=\"author\" content=\"maca\" \/>\n<meta name=\"twitter:card\" content=\"summary_large_image\" \/>\n<meta name=\"twitter:label1\" content=\"\u00c9crit par\" \/>\n\t<meta name=\"twitter:data1\" content=\"maca\" \/>\n\t<meta name=\"twitter:label2\" content=\"Dur\u00e9e de lecture estim\u00e9e\" \/>\n\t<meta name=\"twitter:data2\" content=\"1 minute\" \/>\n<script type=\"application\/ld+json\" class=\"yoast-schema-graph\">{\"@context\":\"https:\/\/schema.org\",\"@graph\":[{\"@type\":\"Article\",\"@id\":\"https:\/\/www.acomeambiente.org\/fr\/blog\/2016\/05\/24\/un-tesoro-verde-la-giornata-europea-dei-parchi-2016\/#article\",\"isPartOf\":{\"@id\":\"https:\/\/www.acomeambiente.org\/fr\/blog\/2016\/05\/24\/un-tesoro-verde-la-giornata-europea-dei-parchi-2016\/\"},\"author\":{\"name\":\"maca\",\"@id\":\"https:\/\/www.acomeambiente.org\/fr\/#\/schema\/person\/abb5b373fd10c6152f3ba6effe4922a8\"},\"headline\":\"Un tesoro tutto verde, la Giornata Europea dei Parchi 2016\",\"datePublished\":\"2016-05-24T05:07:53+00:00\",\"dateModified\":\"2017-04-11T08:38:34+00:00\",\"mainEntityOfPage\":{\"@id\":\"https:\/\/www.acomeambiente.org\/fr\/blog\/2016\/05\/24\/un-tesoro-verde-la-giornata-europea-dei-parchi-2016\/\"},\"wordCount\":274,\"image\":{\"@id\":\"https:\/\/www.acomeambiente.org\/fr\/blog\/2016\/05\/24\/un-tesoro-verde-la-giornata-europea-dei-parchi-2016\/#primaryimage\"},\"thumbnailUrl\":\"https:\/\/www.acomeambiente.org\/fr\/wp-content\/uploads\/sites\/2\/2016\/05\/couple-1363959_960_720.jpg\",\"keywords\":[\"24 maggio\",\"A come Ambiente\",\"A Taste of Nature\",\"EUROPARC\",\"European Day of Parks\",\"Federparhi\",\"Giornata Europea dei Parchi\",\"Museo A come Ambiente. MAcA\",\"Parco Dora\"],\"articleSection\":[\"News\"],\"inLanguage\":\"fr-FR\"},{\"@type\":\"WebPage\",\"@id\":\"https:\/\/www.acomeambiente.org\/fr\/blog\/2016\/05\/24\/un-tesoro-verde-la-giornata-europea-dei-parchi-2016\/\",\"url\":\"https:\/\/www.acomeambiente.org\/fr\/blog\/2016\/05\/24\/un-tesoro-verde-la-giornata-europea-dei-parchi-2016\/\",\"name\":\"Un tesoro tutto verde, la Giornata Europea dei Parchi 2016 - Fr - MAcA - Museo A come Ambiente\",\"isPartOf\":{\"@id\":\"https:\/\/www.acomeambiente.org\/fr\/#website\"},\"primaryImageOfPage\":{\"@id\":\"https:\/\/www.acomeambiente.org\/fr\/blog\/2016\/05\/24\/un-tesoro-verde-la-giornata-europea-dei-parchi-2016\/#primaryimage\"},\"image\":{\"@id\":\"https:\/\/www.acomeambiente.org\/fr\/blog\/2016\/05\/24\/un-tesoro-verde-la-giornata-europea-dei-parchi-2016\/#primaryimage\"},\"thumbnailUrl\":\"https:\/\/www.acomeambiente.org\/fr\/wp-content\/uploads\/sites\/2\/2016\/05\/couple-1363959_960_720.jpg\",\"datePublished\":\"2016-05-24T05:07:53+00:00\",\"dateModified\":\"2017-04-11T08:38:34+00:00\",\"author\":{\"@id\":\"https:\/\/www.acomeambiente.org\/fr\/#\/schema\/person\/abb5b373fd10c6152f3ba6effe4922a8\"},\"breadcrumb\":{\"@id\":\"https:\/\/www.acomeambiente.org\/fr\/blog\/2016\/05\/24\/un-tesoro-verde-la-giornata-europea-dei-parchi-2016\/#breadcrumb\"},\"inLanguage\":\"fr-FR\",\"potentialAction\":[{\"@type\":\"ReadAction\",\"target\":[\"https:\/\/www.acomeambiente.org\/fr\/blog\/2016\/05\/24\/un-tesoro-verde-la-giornata-europea-dei-parchi-2016\/\"]}]},{\"@type\":\"ImageObject\",\"inLanguage\":\"fr-FR\",\"@id\":\"https:\/\/www.acomeambiente.org\/fr\/blog\/2016\/05\/24\/un-tesoro-verde-la-giornata-europea-dei-parchi-2016\/#primaryimage\",\"url\":\"https:\/\/www.acomeambiente.org\/fr\/wp-content\/uploads\/sites\/2\/2016\/05\/couple-1363959_960_720.jpg\",\"contentUrl\":\"https:\/\/www.acomeambiente.org\/fr\/wp-content\/uploads\/sites\/2\/2016\/05\/couple-1363959_960_720.jpg\",\"width\":960,\"height\":639},{\"@type\":\"BreadcrumbList\",\"@id\":\"https:\/\/www.acomeambiente.org\/fr\/blog\/2016\/05\/24\/un-tesoro-verde-la-giornata-europea-dei-parchi-2016\/#breadcrumb\",\"itemListElement\":[{\"@type\":\"ListItem\",\"position\":1,\"name\":\"Home\",\"item\":\"https:\/\/www.acomeambiente.org\/fr\/\"},{\"@type\":\"ListItem\",\"position\":2,\"name\":\"Un tesoro tutto verde, la Giornata Europea dei Parchi 2016\"}]},{\"@type\":\"WebSite\",\"@id\":\"https:\/\/www.acomeambiente.org\/fr\/#website\",\"url\":\"https:\/\/www.acomeambiente.org\/fr\/\",\"name\":\"Fr - MAcA - Museo A come Ambiente\",\"description\":\"Passa al MAcA, costruiamo insieme un mondo pi\u00f9 sostenibile\",\"potentialAction\":[{\"@type\":\"SearchAction\",\"target\":{\"@type\":\"EntryPoint\",\"urlTemplate\":\"https:\/\/www.acomeambiente.org\/fr\/?s={search_term_string}\"},\"query-input\":{\"@type\":\"PropertyValueSpecification\",\"valueRequired\":true,\"valueName\":\"search_term_string\"}}],\"inLanguage\":\"fr-FR\"},{\"@type\":\"Person\",\"@id\":\"https:\/\/www.acomeambiente.org\/fr\/#\/schema\/person\/abb5b373fd10c6152f3ba6effe4922a8\",\"name\":\"maca\",\"image\":{\"@type\":\"ImageObject\",\"inLanguage\":\"fr-FR\",\"@id\":\"https:\/\/www.acomeambiente.org\/fr\/#\/schema\/person\/image\/\",\"url\":\"https:\/\/secure.gravatar.com\/avatar\/638ecfb6ae252284df22625e08c27812f9102da6030194ee85189eda9b903f6a?s=96&d=mm&r=g\",\"contentUrl\":\"https:\/\/secure.gravatar.com\/avatar\/638ecfb6ae252284df22625e08c27812f9102da6030194ee85189eda9b903f6a?s=96&d=mm&r=g\",\"caption\":\"maca\"},\"url\":\"https:\/\/www.acomeambiente.org\/fr\/blog\/author\/maca\/\"}]}<\/script>\n<!-- \/ Yoast SEO plugin. -->","yoast_head_json":{"title":"Un tesoro tutto verde, la Giornata Europea dei Parchi 2016 - Fr - MAcA - Museo A come Ambiente","robots":{"index":"index","follow":"follow","max-snippet":"max-snippet:-1","max-image-preview":"max-image-preview:large","max-video-preview":"max-video-preview:-1"},"canonical":"https:\/\/www.acomeambiente.org\/fr\/blog\/2016\/05\/24\/un-tesoro-verde-la-giornata-europea-dei-parchi-2016\/","og_locale":"fr_FR","og_type":"article","og_title":"Un tesoro tutto verde, la Giornata Europea dei Parchi 2016 - Fr - MAcA - Museo A come Ambiente","og_description":"Un tesoro tutto verde, la Giornata Europea dei Parchi 2016 Tra libert\u00e0, natura e socialit\u00e0, i parchi sono luoghi di aggregazione e di aria pura che colorano di verde le [...]","og_url":"https:\/\/www.acomeambiente.org\/fr\/blog\/2016\/05\/24\/un-tesoro-verde-la-giornata-europea-dei-parchi-2016\/","og_site_name":"Fr - MAcA - Museo A come Ambiente","article_published_time":"2016-05-24T05:07:53+00:00","article_modified_time":"2017-04-11T08:38:34+00:00","og_image":[{"width":960,"height":639,"url":"https:\/\/www.acomeambiente.org\/fr\/wp-content\/uploads\/sites\/2\/2016\/05\/couple-1363959_960_720.jpg","type":"image\/jpeg"}],"author":"maca","twitter_card":"summary_large_image","twitter_misc":{"\u00c9crit par":"maca","Dur\u00e9e de lecture estim\u00e9e":"1 minute"},"schema":{"@context":"https:\/\/schema.org","@graph":[{"@type":"Article","@id":"https:\/\/www.acomeambiente.org\/fr\/blog\/2016\/05\/24\/un-tesoro-verde-la-giornata-europea-dei-parchi-2016\/#article","isPartOf":{"@id":"https:\/\/www.acomeambiente.org\/fr\/blog\/2016\/05\/24\/un-tesoro-verde-la-giornata-europea-dei-parchi-2016\/"},"author":{"name":"maca","@id":"https:\/\/www.acomeambiente.org\/fr\/#\/schema\/person\/abb5b373fd10c6152f3ba6effe4922a8"},"headline":"Un tesoro tutto verde, la Giornata Europea dei Parchi 2016","datePublished":"2016-05-24T05:07:53+00:00","dateModified":"2017-04-11T08:38:34+00:00","mainEntityOfPage":{"@id":"https:\/\/www.acomeambiente.org\/fr\/blog\/2016\/05\/24\/un-tesoro-verde-la-giornata-europea-dei-parchi-2016\/"},"wordCount":274,"image":{"@id":"https:\/\/www.acomeambiente.org\/fr\/blog\/2016\/05\/24\/un-tesoro-verde-la-giornata-europea-dei-parchi-2016\/#primaryimage"},"thumbnailUrl":"https:\/\/www.acomeambiente.org\/fr\/wp-content\/uploads\/sites\/2\/2016\/05\/couple-1363959_960_720.jpg","keywords":["24 maggio","A come Ambiente","A Taste of Nature","EUROPARC","European Day of Parks","Federparhi","Giornata Europea dei Parchi","Museo A come Ambiente. MAcA","Parco Dora"],"articleSection":["News"],"inLanguage":"fr-FR"},{"@type":"WebPage","@id":"https:\/\/www.acomeambiente.org\/fr\/blog\/2016\/05\/24\/un-tesoro-verde-la-giornata-europea-dei-parchi-2016\/","url":"https:\/\/www.acomeambiente.org\/fr\/blog\/2016\/05\/24\/un-tesoro-verde-la-giornata-europea-dei-parchi-2016\/","name":"Un tesoro tutto verde, la Giornata Europea dei Parchi 2016 - Fr - MAcA - Museo A come Ambiente","isPartOf":{"@id":"https:\/\/www.acomeambiente.org\/fr\/#website"},"primaryImageOfPage":{"@id":"https:\/\/www.acomeambiente.org\/fr\/blog\/2016\/05\/24\/un-tesoro-verde-la-giornata-europea-dei-parchi-2016\/#primaryimage"},"image":{"@id":"https:\/\/www.acomeambiente.org\/fr\/blog\/2016\/05\/24\/un-tesoro-verde-la-giornata-europea-dei-parchi-2016\/#primaryimage"},"thumbnailUrl":"https:\/\/www.acomeambiente.org\/fr\/wp-content\/uploads\/sites\/2\/2016\/05\/couple-1363959_960_720.jpg","datePublished":"2016-05-24T05:07:53+00:00","dateModified":"2017-04-11T08:38:34+00:00","author":{"@id":"https:\/\/www.acomeambiente.org\/fr\/#\/schema\/person\/abb5b373fd10c6152f3ba6effe4922a8"},"breadcrumb":{"@id":"https:\/\/www.acomeambiente.org\/fr\/blog\/2016\/05\/24\/un-tesoro-verde-la-giornata-europea-dei-parchi-2016\/#breadcrumb"},"inLanguage":"fr-FR","potentialAction":[{"@type":"ReadAction","target":["https:\/\/www.acomeambiente.org\/fr\/blog\/2016\/05\/24\/un-tesoro-verde-la-giornata-europea-dei-parchi-2016\/"]}]},{"@type":"ImageObject","inLanguage":"fr-FR","@id":"https:\/\/www.acomeambiente.org\/fr\/blog\/2016\/05\/24\/un-tesoro-verde-la-giornata-europea-dei-parchi-2016\/#primaryimage","url":"https:\/\/www.acomeambiente.org\/fr\/wp-content\/uploads\/sites\/2\/2016\/05\/couple-1363959_960_720.jpg","contentUrl":"https:\/\/www.acomeambiente.org\/fr\/wp-content\/uploads\/sites\/2\/2016\/05\/couple-1363959_960_720.jpg","width":960,"height":639},{"@type":"BreadcrumbList","@id":"https:\/\/www.acomeambiente.org\/fr\/blog\/2016\/05\/24\/un-tesoro-verde-la-giornata-europea-dei-parchi-2016\/#breadcrumb","itemListElement":[{"@type":"ListItem","position":1,"name":"Home","item":"https:\/\/www.acomeambiente.org\/fr\/"},{"@type":"ListItem","position":2,"name":"Un tesoro tutto verde, la Giornata Europea dei Parchi 2016"}]},{"@type":"WebSite","@id":"https:\/\/www.acomeambiente.org\/fr\/#website","url":"https:\/\/www.acomeambiente.org\/fr\/","name":"Fr - MAcA - Museo A come Ambiente","description":"Passa al MAcA, costruiamo insieme un mondo pi\u00f9 sostenibile","potentialAction":[{"@type":"SearchAction","target":{"@type":"EntryPoint","urlTemplate":"https:\/\/www.acomeambiente.org\/fr\/?s={search_term_string}"},"query-input":{"@type":"PropertyValueSpecification","valueRequired":true,"valueName":"search_term_string"}}],"inLanguage":"fr-FR"},{"@type":"Person","@id":"https:\/\/www.acomeambiente.org\/fr\/#\/schema\/person\/abb5b373fd10c6152f3ba6effe4922a8","name":"maca","image":{"@type":"ImageObject","inLanguage":"fr-FR","@id":"https:\/\/www.acomeambiente.org\/fr\/#\/schema\/person\/image\/","url":"https:\/\/secure.gravatar.com\/avatar\/638ecfb6ae252284df22625e08c27812f9102da6030194ee85189eda9b903f6a?s=96&d=mm&r=g","contentUrl":"https:\/\/secure.gravatar.com\/avatar\/638ecfb6ae252284df22625e08c27812f9102da6030194ee85189eda9b903f6a?s=96&d=mm&r=g","caption":"maca"},"url":"https:\/\/www.acomeambiente.org\/fr\/blog\/author\/maca\/"}]}},"_links":{"self":[{"href":"https:\/\/www.acomeambiente.org\/fr\/wp-json\/wp\/v2\/posts\/3198","targetHints":{"allow":["GET"]}}],"collection":[{"href":"https:\/\/www.acomeambiente.org\/fr\/wp-json\/wp\/v2\/posts"}],"about":[{"href":"https:\/\/www.acomeambiente.org\/fr\/wp-json\/wp\/v2\/types\/post"}],"author":[{"embeddable":true,"href":"https:\/\/www.acomeambiente.org\/fr\/wp-json\/wp\/v2\/users\/2"}],"replies":[{"embeddable":true,"href":"https:\/\/www.acomeambiente.org\/fr\/wp-json\/wp\/v2\/comments?post=3198"}],"version-history":[{"count":1,"href":"https:\/\/www.acomeambiente.org\/fr\/wp-json\/wp\/v2\/posts\/3198\/revisions"}],"predecessor-version":[{"id":3200,"href":"https:\/\/www.acomeambiente.org\/fr\/wp-json\/wp\/v2\/posts\/3198\/revisions\/3200"}],"wp:featuredmedia":[{"embeddable":true,"href":"https:\/\/www.acomeambiente.org\/fr\/wp-json\/wp\/v2\/media\/3199"}],"wp:attachment":[{"href":"https:\/\/www.acomeambiente.org\/fr\/wp-json\/wp\/v2\/media?parent=3198"}],"wp:term":[{"taxonomy":"category","embeddable":true,"href":"https:\/\/www.acomeambiente.org\/fr\/wp-json\/wp\/v2\/categories?post=3198"},{"taxonomy":"post_tag","embeddable":true,"href":"https:\/\/www.acomeambiente.org\/fr\/wp-json\/wp\/v2\/tags?post=3198"}],"curies":[{"name":"wp","href":"https:\/\/api.w.org\/{rel}","templated":true}]}}