{"id":3195,"date":"2016-05-22T05:29:05","date_gmt":"2016-05-22T05:29:05","guid":{"rendered":"http:\/\/www.acomeambiente.org\/fr\/?p=3195"},"modified":"2017-04-11T08:38:34","modified_gmt":"2017-04-11T08:38:34","slug":"torna-la-giornata-internazionale-della-biodiversita","status":"publish","type":"post","link":"https:\/\/www.acomeambiente.org\/fr\/blog\/2016\/05\/22\/torna-la-giornata-internazionale-della-biodiversita\/","title":{"rendered":"Torna la Giornata Internazionale della Biodiversit\u00e0"},"content":{"rendered":"<h1 class=\"entry-title\" style=\"text-align: justify;\">Torna la Giornata Internazionale della Biodiversit\u00e0<\/h1>\n<p><img decoding=\"async\" class=\"alignnone wp-image-3196\" src=\"http:\/\/www.acomeambiente.org\/wp-content\/uploads\/sites\/2\/2016\/05\/firefish-274939_960_720.jpg\" alt=\"firefish-274939_960_720\" width=\"616\" height=\"396\" srcset=\"https:\/\/www.acomeambiente.org\/fr\/wp-content\/uploads\/sites\/2\/2016\/05\/firefish-274939_960_720-200x129.jpg 200w, https:\/\/www.acomeambiente.org\/fr\/wp-content\/uploads\/sites\/2\/2016\/05\/firefish-274939_960_720-300x193.jpg 300w, https:\/\/www.acomeambiente.org\/fr\/wp-content\/uploads\/sites\/2\/2016\/05\/firefish-274939_960_720-400x257.jpg 400w, https:\/\/www.acomeambiente.org\/fr\/wp-content\/uploads\/sites\/2\/2016\/05\/firefish-274939_960_720-460x295.jpg 460w, https:\/\/www.acomeambiente.org\/fr\/wp-content\/uploads\/sites\/2\/2016\/05\/firefish-274939_960_720-600x386.jpg 600w, https:\/\/www.acomeambiente.org\/fr\/wp-content\/uploads\/sites\/2\/2016\/05\/firefish-274939_960_720-768x494.jpg 768w, https:\/\/www.acomeambiente.org\/fr\/wp-content\/uploads\/sites\/2\/2016\/05\/firefish-274939_960_720-800x514.jpg 800w, https:\/\/www.acomeambiente.org\/fr\/wp-content\/uploads\/sites\/2\/2016\/05\/firefish-274939_960_720.jpg 960w\" sizes=\"(max-width: 616px) 100vw, 616px\" \/><\/p>\n<p>Si rinnova anche quest\u2019anno l\u2019appuntamento con la <strong>Giornata Internazionale della Biodiversit\u00e0<\/strong>, in programma il prossimo <strong>22 maggio<\/strong>. Una giornata dedicata alla difesa e alla tutela dell\u2019ambiente, per aumentare la comprensione e la consapevolezza delle questioni legate alla biodiversit\u00e0 del nostro pianeta.<\/p>\n<p>Proclamata nel 2000 dall\u2019Assemblea Generale delle <a href=\"http:\/\/www.onuitalia.it\/\" target=\"_blank\"><strong>Nazioni Unite<\/strong><\/a>, questa importante ricorrenza \u00e8 nata per celebrare l\u2019adozione della <strong>Convenzione sulla Diversit\u00e0 Biologica<\/strong> adottata nel 1992.<\/p>\n<p>La biodiversit\u00e0 \u00e8 sinonimo di ricchezza e di vita, \u00e8 il fondamento su cui si basa la nostra esistenza e la salute degli ecosistemi. Un patrimonio fondamentale per il nostro sostentamento e per lo sviluppo sostenibile di tutti i settori che compongono la vita di una societ\u00e0.<\/p>\n<p>L\u2019ambiente che ci circonda, cos\u00ec come le specie che vi abitano, sono per\u00f2 quotidianamente a rischio a causa dell\u2019operato dell\u2019uomo. Gli interessi economici stanno distruggendo la biodiversit\u00e0 del nostro pianeta, un bene da preservare e su cui fondare il nostro futuro.<\/p>\n<p>L\u2019<a href=\"https:\/\/www.cbd.int\/idb\/\" target=\"_blank\"><strong>International Day of Biological Diversity<\/strong><\/a> invita le nazioni, i partiti, le associazioni e i singoli cittadini a celebrare la biodiversit\u00e0.<\/p>\n<p>Per preservare la salute dei nostri ecosistema in modo attivo e partecipativo, il <strong><a href=\"http:\/\/www.acomeambiente.org\/fr\/anche-maca-sostegno-let-it-grow\/\" target=\"_blank\"><em>Museo A come Ambiente<\/em><\/a><\/strong> di Torino ha aderito alla campagna <a href=\"http:\/\/www.letitgrow.eu\/\" target=\"_blank\"><strong>Let It Grow<\/strong><\/a>, che ha come suo obiettivo quello di sensibilizzare i cittadini sui temi pi\u00f9 attuali legati alla tutela della biodiversit\u00e0.<\/p>\n<p>Il <em>MAcA<\/em> \u00e8 al lavoro per coinvolgere i suoi visitatori in attivit\u00e0, laboratori ed eventi speciali creati apposta per celebrare la biodiversit\u00e0, in citt\u00e0 e non solo. Esperienze a contatto con la natura per imparare a prenderci cura del mondo in cui viviamo.<\/p>\n","protected":false},"excerpt":{"rendered":"<p>Torna la Giornata Internazionale della Biodiversit\u00e0 Si rinnova anche quest\u2019anno l\u2019appuntamento con la Giornata Internazionale della Biodiversit\u00e0, in programma il prossimo 22 maggio. Una giornata dedicata alla difesa e alla  [&#8230;]<\/p>\n","protected":false},"author":2,"featured_media":3196,"comment_status":"closed","ping_status":"open","sticky":false,"template":"","format":"standard","meta":{"footnotes":""},"categories":[61],"tags":[482,34,264,485,484,483,452,19,9,12],"class_list":["post-3195","post","type-post","status-publish","format-standard","has-post-thumbnail","hentry","category-news","tag-22-maggio","tag-a-come-ambiente","tag-biodiversita","tag-convenzione-sulla-diversita-biologica","tag-giornata-internazionale-della-biodiversita","tag-international-day-od-biological-diversity","tag-let-it-grow","tag-maca","tag-museo-a-come-ambiente","tag-torino"],"yoast_head":"<!-- This site is optimized with the Yoast SEO plugin v26.9 - https:\/\/yoast.com\/product\/yoast-seo-wordpress\/ -->\n<title>Torna la Giornata Internazionale della Biodiversit\u00e0 - Fr - MAcA - Museo A come Ambiente<\/title>\n<meta name=\"robots\" content=\"index, follow, max-snippet:-1, max-image-preview:large, max-video-preview:-1\" \/>\n<link rel=\"canonical\" href=\"https:\/\/www.acomeambiente.org\/fr\/blog\/2016\/05\/22\/torna-la-giornata-internazionale-della-biodiversita\/\" \/>\n<meta property=\"og:locale\" content=\"fr_FR\" \/>\n<meta property=\"og:type\" content=\"article\" \/>\n<meta property=\"og:title\" content=\"Torna la Giornata Internazionale della Biodiversit\u00e0 - Fr - MAcA - Museo A come Ambiente\" \/>\n<meta property=\"og:description\" content=\"Torna la Giornata Internazionale della Biodiversit\u00e0 Si rinnova anche quest\u2019anno l\u2019appuntamento con la Giornata Internazionale della Biodiversit\u00e0, in programma il prossimo 22 maggio. Una giornata dedicata alla difesa e alla [...]\" \/>\n<meta property=\"og:url\" content=\"https:\/\/www.acomeambiente.org\/fr\/blog\/2016\/05\/22\/torna-la-giornata-internazionale-della-biodiversita\/\" \/>\n<meta property=\"og:site_name\" content=\"Fr - MAcA - Museo A come Ambiente\" \/>\n<meta property=\"article:published_time\" content=\"2016-05-22T05:29:05+00:00\" \/>\n<meta property=\"article:modified_time\" content=\"2017-04-11T08:38:34+00:00\" \/>\n<meta property=\"og:image\" content=\"https:\/\/www.acomeambiente.org\/fr\/wp-content\/uploads\/sites\/2\/2016\/05\/firefish-274939_960_720.jpg\" \/>\n\t<meta property=\"og:image:width\" content=\"960\" \/>\n\t<meta property=\"og:image:height\" content=\"617\" \/>\n\t<meta property=\"og:image:type\" content=\"image\/jpeg\" \/>\n<meta name=\"author\" content=\"maca\" \/>\n<meta name=\"twitter:card\" content=\"summary_large_image\" \/>\n<meta name=\"twitter:label1\" content=\"\u00c9crit par\" \/>\n\t<meta name=\"twitter:data1\" content=\"maca\" \/>\n\t<meta name=\"twitter:label2\" content=\"Dur\u00e9e de lecture estim\u00e9e\" \/>\n\t<meta name=\"twitter:data2\" content=\"1 minute\" \/>\n<script type=\"application\/ld+json\" class=\"yoast-schema-graph\">{\"@context\":\"https:\/\/schema.org\",\"@graph\":[{\"@type\":\"Article\",\"@id\":\"https:\/\/www.acomeambiente.org\/fr\/blog\/2016\/05\/22\/torna-la-giornata-internazionale-della-biodiversita\/#article\",\"isPartOf\":{\"@id\":\"https:\/\/www.acomeambiente.org\/fr\/blog\/2016\/05\/22\/torna-la-giornata-internazionale-della-biodiversita\/\"},\"author\":{\"name\":\"maca\",\"@id\":\"https:\/\/www.acomeambiente.org\/fr\/#\/schema\/person\/abb5b373fd10c6152f3ba6effe4922a8\"},\"headline\":\"Torna la Giornata Internazionale della Biodiversit\u00e0\",\"datePublished\":\"2016-05-22T05:29:05+00:00\",\"dateModified\":\"2017-04-11T08:38:34+00:00\",\"mainEntityOfPage\":{\"@id\":\"https:\/\/www.acomeambiente.org\/fr\/blog\/2016\/05\/22\/torna-la-giornata-internazionale-della-biodiversita\/\"},\"wordCount\":275,\"image\":{\"@id\":\"https:\/\/www.acomeambiente.org\/fr\/blog\/2016\/05\/22\/torna-la-giornata-internazionale-della-biodiversita\/#primaryimage\"},\"thumbnailUrl\":\"https:\/\/www.acomeambiente.org\/fr\/wp-content\/uploads\/sites\/2\/2016\/05\/firefish-274939_960_720.jpg\",\"keywords\":[\"22 maggio\",\"A come Ambiente\",\"biodiversit\u00e0\",\"Convenzione sulla Diversit\u00e0 Biologica\",\"Giornata Internazionale della Biodiversit\u00e0\",\"International Day od Biological Diversity\",\"Let It Grow\",\"MAcA\",\"Museo A come Ambiente\",\"Torino\"],\"articleSection\":[\"News\"],\"inLanguage\":\"fr-FR\"},{\"@type\":\"WebPage\",\"@id\":\"https:\/\/www.acomeambiente.org\/fr\/blog\/2016\/05\/22\/torna-la-giornata-internazionale-della-biodiversita\/\",\"url\":\"https:\/\/www.acomeambiente.org\/fr\/blog\/2016\/05\/22\/torna-la-giornata-internazionale-della-biodiversita\/\",\"name\":\"Torna la Giornata Internazionale della Biodiversit\u00e0 - Fr - MAcA - Museo A come Ambiente\",\"isPartOf\":{\"@id\":\"https:\/\/www.acomeambiente.org\/fr\/#website\"},\"primaryImageOfPage\":{\"@id\":\"https:\/\/www.acomeambiente.org\/fr\/blog\/2016\/05\/22\/torna-la-giornata-internazionale-della-biodiversita\/#primaryimage\"},\"image\":{\"@id\":\"https:\/\/www.acomeambiente.org\/fr\/blog\/2016\/05\/22\/torna-la-giornata-internazionale-della-biodiversita\/#primaryimage\"},\"thumbnailUrl\":\"https:\/\/www.acomeambiente.org\/fr\/wp-content\/uploads\/sites\/2\/2016\/05\/firefish-274939_960_720.jpg\",\"datePublished\":\"2016-05-22T05:29:05+00:00\",\"dateModified\":\"2017-04-11T08:38:34+00:00\",\"author\":{\"@id\":\"https:\/\/www.acomeambiente.org\/fr\/#\/schema\/person\/abb5b373fd10c6152f3ba6effe4922a8\"},\"breadcrumb\":{\"@id\":\"https:\/\/www.acomeambiente.org\/fr\/blog\/2016\/05\/22\/torna-la-giornata-internazionale-della-biodiversita\/#breadcrumb\"},\"inLanguage\":\"fr-FR\",\"potentialAction\":[{\"@type\":\"ReadAction\",\"target\":[\"https:\/\/www.acomeambiente.org\/fr\/blog\/2016\/05\/22\/torna-la-giornata-internazionale-della-biodiversita\/\"]}]},{\"@type\":\"ImageObject\",\"inLanguage\":\"fr-FR\",\"@id\":\"https:\/\/www.acomeambiente.org\/fr\/blog\/2016\/05\/22\/torna-la-giornata-internazionale-della-biodiversita\/#primaryimage\",\"url\":\"https:\/\/www.acomeambiente.org\/fr\/wp-content\/uploads\/sites\/2\/2016\/05\/firefish-274939_960_720.jpg\",\"contentUrl\":\"https:\/\/www.acomeambiente.org\/fr\/wp-content\/uploads\/sites\/2\/2016\/05\/firefish-274939_960_720.jpg\",\"width\":960,\"height\":617},{\"@type\":\"BreadcrumbList\",\"@id\":\"https:\/\/www.acomeambiente.org\/fr\/blog\/2016\/05\/22\/torna-la-giornata-internazionale-della-biodiversita\/#breadcrumb\",\"itemListElement\":[{\"@type\":\"ListItem\",\"position\":1,\"name\":\"Home\",\"item\":\"https:\/\/www.acomeambiente.org\/fr\/\"},{\"@type\":\"ListItem\",\"position\":2,\"name\":\"Torna la Giornata Internazionale della Biodiversit\u00e0\"}]},{\"@type\":\"WebSite\",\"@id\":\"https:\/\/www.acomeambiente.org\/fr\/#website\",\"url\":\"https:\/\/www.acomeambiente.org\/fr\/\",\"name\":\"Fr - MAcA - Museo A come Ambiente\",\"description\":\"Passa al MAcA, costruiamo insieme un mondo pi\u00f9 sostenibile\",\"potentialAction\":[{\"@type\":\"SearchAction\",\"target\":{\"@type\":\"EntryPoint\",\"urlTemplate\":\"https:\/\/www.acomeambiente.org\/fr\/?s={search_term_string}\"},\"query-input\":{\"@type\":\"PropertyValueSpecification\",\"valueRequired\":true,\"valueName\":\"search_term_string\"}}],\"inLanguage\":\"fr-FR\"},{\"@type\":\"Person\",\"@id\":\"https:\/\/www.acomeambiente.org\/fr\/#\/schema\/person\/abb5b373fd10c6152f3ba6effe4922a8\",\"name\":\"maca\",\"image\":{\"@type\":\"ImageObject\",\"inLanguage\":\"fr-FR\",\"@id\":\"https:\/\/www.acomeambiente.org\/fr\/#\/schema\/person\/image\/\",\"url\":\"https:\/\/secure.gravatar.com\/avatar\/638ecfb6ae252284df22625e08c27812f9102da6030194ee85189eda9b903f6a?s=96&d=mm&r=g\",\"contentUrl\":\"https:\/\/secure.gravatar.com\/avatar\/638ecfb6ae252284df22625e08c27812f9102da6030194ee85189eda9b903f6a?s=96&d=mm&r=g\",\"caption\":\"maca\"},\"url\":\"https:\/\/www.acomeambiente.org\/fr\/blog\/author\/maca\/\"}]}<\/script>\n<!-- \/ Yoast SEO plugin. -->","yoast_head_json":{"title":"Torna la Giornata Internazionale della Biodiversit\u00e0 - Fr - MAcA - Museo A come Ambiente","robots":{"index":"index","follow":"follow","max-snippet":"max-snippet:-1","max-image-preview":"max-image-preview:large","max-video-preview":"max-video-preview:-1"},"canonical":"https:\/\/www.acomeambiente.org\/fr\/blog\/2016\/05\/22\/torna-la-giornata-internazionale-della-biodiversita\/","og_locale":"fr_FR","og_type":"article","og_title":"Torna la Giornata Internazionale della Biodiversit\u00e0 - Fr - MAcA - Museo A come Ambiente","og_description":"Torna la Giornata Internazionale della Biodiversit\u00e0 Si rinnova anche quest\u2019anno l\u2019appuntamento con la Giornata Internazionale della Biodiversit\u00e0, in programma il prossimo 22 maggio. Una giornata dedicata alla difesa e alla [...]","og_url":"https:\/\/www.acomeambiente.org\/fr\/blog\/2016\/05\/22\/torna-la-giornata-internazionale-della-biodiversita\/","og_site_name":"Fr - MAcA - Museo A come Ambiente","article_published_time":"2016-05-22T05:29:05+00:00","article_modified_time":"2017-04-11T08:38:34+00:00","og_image":[{"width":960,"height":617,"url":"https:\/\/www.acomeambiente.org\/fr\/wp-content\/uploads\/sites\/2\/2016\/05\/firefish-274939_960_720.jpg","type":"image\/jpeg"}],"author":"maca","twitter_card":"summary_large_image","twitter_misc":{"\u00c9crit par":"maca","Dur\u00e9e de lecture estim\u00e9e":"1 minute"},"schema":{"@context":"https:\/\/schema.org","@graph":[{"@type":"Article","@id":"https:\/\/www.acomeambiente.org\/fr\/blog\/2016\/05\/22\/torna-la-giornata-internazionale-della-biodiversita\/#article","isPartOf":{"@id":"https:\/\/www.acomeambiente.org\/fr\/blog\/2016\/05\/22\/torna-la-giornata-internazionale-della-biodiversita\/"},"author":{"name":"maca","@id":"https:\/\/www.acomeambiente.org\/fr\/#\/schema\/person\/abb5b373fd10c6152f3ba6effe4922a8"},"headline":"Torna la Giornata Internazionale della Biodiversit\u00e0","datePublished":"2016-05-22T05:29:05+00:00","dateModified":"2017-04-11T08:38:34+00:00","mainEntityOfPage":{"@id":"https:\/\/www.acomeambiente.org\/fr\/blog\/2016\/05\/22\/torna-la-giornata-internazionale-della-biodiversita\/"},"wordCount":275,"image":{"@id":"https:\/\/www.acomeambiente.org\/fr\/blog\/2016\/05\/22\/torna-la-giornata-internazionale-della-biodiversita\/#primaryimage"},"thumbnailUrl":"https:\/\/www.acomeambiente.org\/fr\/wp-content\/uploads\/sites\/2\/2016\/05\/firefish-274939_960_720.jpg","keywords":["22 maggio","A come Ambiente","biodiversit\u00e0","Convenzione sulla Diversit\u00e0 Biologica","Giornata Internazionale della Biodiversit\u00e0","International Day od Biological Diversity","Let It Grow","MAcA","Museo A come Ambiente","Torino"],"articleSection":["News"],"inLanguage":"fr-FR"},{"@type":"WebPage","@id":"https:\/\/www.acomeambiente.org\/fr\/blog\/2016\/05\/22\/torna-la-giornata-internazionale-della-biodiversita\/","url":"https:\/\/www.acomeambiente.org\/fr\/blog\/2016\/05\/22\/torna-la-giornata-internazionale-della-biodiversita\/","name":"Torna la Giornata Internazionale della Biodiversit\u00e0 - Fr - MAcA - Museo A come Ambiente","isPartOf":{"@id":"https:\/\/www.acomeambiente.org\/fr\/#website"},"primaryImageOfPage":{"@id":"https:\/\/www.acomeambiente.org\/fr\/blog\/2016\/05\/22\/torna-la-giornata-internazionale-della-biodiversita\/#primaryimage"},"image":{"@id":"https:\/\/www.acomeambiente.org\/fr\/blog\/2016\/05\/22\/torna-la-giornata-internazionale-della-biodiversita\/#primaryimage"},"thumbnailUrl":"https:\/\/www.acomeambiente.org\/fr\/wp-content\/uploads\/sites\/2\/2016\/05\/firefish-274939_960_720.jpg","datePublished":"2016-05-22T05:29:05+00:00","dateModified":"2017-04-11T08:38:34+00:00","author":{"@id":"https:\/\/www.acomeambiente.org\/fr\/#\/schema\/person\/abb5b373fd10c6152f3ba6effe4922a8"},"breadcrumb":{"@id":"https:\/\/www.acomeambiente.org\/fr\/blog\/2016\/05\/22\/torna-la-giornata-internazionale-della-biodiversita\/#breadcrumb"},"inLanguage":"fr-FR","potentialAction":[{"@type":"ReadAction","target":["https:\/\/www.acomeambiente.org\/fr\/blog\/2016\/05\/22\/torna-la-giornata-internazionale-della-biodiversita\/"]}]},{"@type":"ImageObject","inLanguage":"fr-FR","@id":"https:\/\/www.acomeambiente.org\/fr\/blog\/2016\/05\/22\/torna-la-giornata-internazionale-della-biodiversita\/#primaryimage","url":"https:\/\/www.acomeambiente.org\/fr\/wp-content\/uploads\/sites\/2\/2016\/05\/firefish-274939_960_720.jpg","contentUrl":"https:\/\/www.acomeambiente.org\/fr\/wp-content\/uploads\/sites\/2\/2016\/05\/firefish-274939_960_720.jpg","width":960,"height":617},{"@type":"BreadcrumbList","@id":"https:\/\/www.acomeambiente.org\/fr\/blog\/2016\/05\/22\/torna-la-giornata-internazionale-della-biodiversita\/#breadcrumb","itemListElement":[{"@type":"ListItem","position":1,"name":"Home","item":"https:\/\/www.acomeambiente.org\/fr\/"},{"@type":"ListItem","position":2,"name":"Torna la Giornata Internazionale della Biodiversit\u00e0"}]},{"@type":"WebSite","@id":"https:\/\/www.acomeambiente.org\/fr\/#website","url":"https:\/\/www.acomeambiente.org\/fr\/","name":"Fr - MAcA - Museo A come Ambiente","description":"Passa al MAcA, costruiamo insieme un mondo pi\u00f9 sostenibile","potentialAction":[{"@type":"SearchAction","target":{"@type":"EntryPoint","urlTemplate":"https:\/\/www.acomeambiente.org\/fr\/?s={search_term_string}"},"query-input":{"@type":"PropertyValueSpecification","valueRequired":true,"valueName":"search_term_string"}}],"inLanguage":"fr-FR"},{"@type":"Person","@id":"https:\/\/www.acomeambiente.org\/fr\/#\/schema\/person\/abb5b373fd10c6152f3ba6effe4922a8","name":"maca","image":{"@type":"ImageObject","inLanguage":"fr-FR","@id":"https:\/\/www.acomeambiente.org\/fr\/#\/schema\/person\/image\/","url":"https:\/\/secure.gravatar.com\/avatar\/638ecfb6ae252284df22625e08c27812f9102da6030194ee85189eda9b903f6a?s=96&d=mm&r=g","contentUrl":"https:\/\/secure.gravatar.com\/avatar\/638ecfb6ae252284df22625e08c27812f9102da6030194ee85189eda9b903f6a?s=96&d=mm&r=g","caption":"maca"},"url":"https:\/\/www.acomeambiente.org\/fr\/blog\/author\/maca\/"}]}},"_links":{"self":[{"href":"https:\/\/www.acomeambiente.org\/fr\/wp-json\/wp\/v2\/posts\/3195","targetHints":{"allow":["GET"]}}],"collection":[{"href":"https:\/\/www.acomeambiente.org\/fr\/wp-json\/wp\/v2\/posts"}],"about":[{"href":"https:\/\/www.acomeambiente.org\/fr\/wp-json\/wp\/v2\/types\/post"}],"author":[{"embeddable":true,"href":"https:\/\/www.acomeambiente.org\/fr\/wp-json\/wp\/v2\/users\/2"}],"replies":[{"embeddable":true,"href":"https:\/\/www.acomeambiente.org\/fr\/wp-json\/wp\/v2\/comments?post=3195"}],"version-history":[{"count":1,"href":"https:\/\/www.acomeambiente.org\/fr\/wp-json\/wp\/v2\/posts\/3195\/revisions"}],"predecessor-version":[{"id":3197,"href":"https:\/\/www.acomeambiente.org\/fr\/wp-json\/wp\/v2\/posts\/3195\/revisions\/3197"}],"wp:featuredmedia":[{"embeddable":true,"href":"https:\/\/www.acomeambiente.org\/fr\/wp-json\/wp\/v2\/media\/3196"}],"wp:attachment":[{"href":"https:\/\/www.acomeambiente.org\/fr\/wp-json\/wp\/v2\/media?parent=3195"}],"wp:term":[{"taxonomy":"category","embeddable":true,"href":"https:\/\/www.acomeambiente.org\/fr\/wp-json\/wp\/v2\/categories?post=3195"},{"taxonomy":"post_tag","embeddable":true,"href":"https:\/\/www.acomeambiente.org\/fr\/wp-json\/wp\/v2\/tags?post=3195"}],"curies":[{"name":"wp","href":"https:\/\/api.w.org\/{rel}","templated":true}]}}