{"id":2963,"date":"2016-03-29T13:16:32","date_gmt":"2016-03-29T13:16:32","guid":{"rendered":"http:\/\/www.acomeambiente.org\/fr\/?p=2963"},"modified":"2017-04-11T08:38:36","modified_gmt":"2017-04-11T08:38:36","slug":"9-aprile-2016-gran-finale-progetto-lacqua-vita-del-sct-centre","status":"publish","type":"post","link":"https:\/\/www.acomeambiente.org\/fr\/blog\/2016\/03\/29\/9-aprile-2016-gran-finale-progetto-lacqua-vita-del-sct-centre\/","title":{"rendered":"9 aprile 2016: gran finale per il progetto \u201cL\u2019acqua \u00e8 vita\u201d del SCT Centre"},"content":{"rendered":"<h1 class=\"entry-title\" style=\"text-align: justify;\">9 aprile 2016: gran finale per il progetto \u201cL\u2019acqua \u00e8 vita\u201d del SCT Centre<\/h1>\n<p><img decoding=\"async\" class=\"alignnone wp-image-2964\" src=\"http:\/\/www.acomeambiente.org\/wp-content\/uploads\/sites\/2\/2016\/03\/Acqua-gocce-1.jpg\" alt=\"Acqua-gocce-1\" width=\"602\" height=\"399\" srcset=\"https:\/\/www.acomeambiente.org\/fr\/wp-content\/uploads\/sites\/2\/2016\/03\/Acqua-gocce-1-300x199.jpg 300w, https:\/\/www.acomeambiente.org\/fr\/wp-content\/uploads\/sites\/2\/2016\/03\/Acqua-gocce-1-600x398.jpg 600w, https:\/\/www.acomeambiente.org\/fr\/wp-content\/uploads\/sites\/2\/2016\/03\/Acqua-gocce-1-768x509.jpg 768w, https:\/\/www.acomeambiente.org\/fr\/wp-content\/uploads\/sites\/2\/2016\/03\/Acqua-gocce-1.jpg 960w\" sizes=\"(max-width: 602px) 100vw, 602px\" \/><\/p>\n<p>Sabato <strong>9 aprile 2016<\/strong>, alle ore <strong>14:30<\/strong>, nella cornice di <strong>Parco Dora<\/strong>, presso l\u2019Area Michelin su cui si affaccia il <em>Museo A come Ambiente<\/em> di Torino, si terr\u00e0 l\u2019evento ad ingresso gratuito \u201c<strong>L\u2019acqua \u00e8 vita<\/strong>\u201d, che concluder\u00e0 in bellezza l\u2019omonimo progetto di teatro sociale e di comunit\u00e0.<\/p>\n<p>A cura del <a href=\"http:\/\/www.socialcommunitytheatre.com\/it\/\" target=\"_blank\"><strong>Social Community Theatre Centre<\/strong><\/a> del dipartimento <strong><em>Studium<\/em><\/strong> dell\u2019<a href=\"http:\/\/www.unito.it\/\" target=\"_blank\"><strong>Universit\u00e0 degli Studi di Torino<\/strong><\/a> e dell\u2019azienda <a href=\"http:\/\/aquanova.it\/\" target=\"_blank\"><strong>AQUANOVA<\/strong><\/a>, l\u2019evento coinvolge 250 bambini di cinque scuole primarie torinesi (<em>Coppino<\/em>, <em>Falletti di Barolo<\/em>, <em>Parato<\/em>, <em>San Francesco d\u2019Assisi<\/em> e <em>Tommaseo<\/em>) e vedr\u00e0 la partecipazione straordinaria del climatologo <strong>Luca Mercalli<\/strong>.<\/p>\n<p>Tema portante sar\u00e0 l\u2019acqua, in un\u2019ottica di sostenibilit\u00e0 e di etica ambientale. Si tratta di una tematica di portata mondiale, approfondita nel corso della recente <em>XXI Conference of the Parties<\/em>, la conferenza ONU sui cambiamenti climatici che ha messo in luce dati allarmanti sull\u2019accesso all\u2019acqua e sulla sua disponibilit\u00e0 nel breve e lungo termine.<\/p>\n<p>Dalle <strong>14:30<\/strong> il pubblico avr\u00e0 modo di interagire con gli allestimenti di <em>SCT Centre<\/em> e dei partner. Alle <strong>16:00<\/strong> gli attori e i bambini coinvolti porteranno in scena gli esiti dei laboratori teatrali a cui le classi hanno lavorato, esplorando il tema dell\u2019acqua da punti di vista differenti, a partire da un approccio di gioco e di scoperta: <em>l\u2019acqua come fonte di vita<\/em>; <em>il viaggio di una goccia d\u2019acqua in Africa<\/em>; <em>il viaggio di una goccia d\u2019acqua in una grande citt\u00e0 quale Torino<\/em>; <em>l\u2019acqua e il suo rapporto con il clima<\/em> e <em>l\u2019acqua virtuale<\/em>.<\/p>\n<p>Alle ore <strong>17:00<\/strong> Luca Mercalli interverr\u00e0 con la sua conferenza scritta e pensata per l\u2019occasione e per un pubblico di bambini. A seguire, alle ore <strong>17:45<\/strong>, un rito conclusivo durante cui i bambini faranno volare in cielo 300 palloncini biodegradabili con i loro messaggi da far arrivare al mondo. Si concluder\u00e0 con una deliziosa merenda.<\/p>\n<p>Alla realizzazione del progetto collaborano il <strong>Museo A come Ambiente<\/strong>, <a href=\"http:\/\/www.pelagosphera.com\/\" target=\"_blank\"><strong>Pelagosphera \u2013 Societ\u00e0 cooperativa di servizi in ambiente marino<\/strong><\/a>, \u00a0<a href=\"http:\/\/www.hydroaid-it.org\/\" target=\"_blank\"><strong>Hydroaid \u2013 Scuola Internazionale dell\u2019Acqua per lo Sviluppo<\/strong><\/a>, <a href=\"http:\/\/www.nimbus.it\/\" target=\"_blank\"><strong>Societ\u00e0 Meteorologica Italiana &#8211; Nimbus<\/strong><\/a> e <a href=\"http:\/\/www.e-coop.it\/web\/nova-coop\/r\/home\" target=\"_blank\"><strong>Nova Coop<\/strong><\/a>.<\/p>\n<p>All\u2019evento partecipano, inoltre, <strong>Maurizio Agostinetti<\/strong>, artista che curer\u00e0 l\u2019allestimento dell\u2019intero spazio di Parco Dora, e il fumettista <strong>Davide Pascutti<\/strong>, con la realizzazione di una cartolina e di una calamita da regalare ai bambini, oltre che di una serie di tavole a fumetti per lo spettacolo che nascer\u00e0 dal progetto.<\/p>\n<p>Tra arte, scienza e divulgazione, SCT Centre punta infatti a far crescere e ampliare \u201c<em>L\u2019acqua \u00e8 vita<\/em>\u201d, dandogli un seguiro con la creazione di uno spettacolo teatrale destinato ai bambini delle scuole elementari.<\/p>\n<p>In caso di maltempo il grande evento finale del 9 aprile\u00a0 si terr\u00e0 presso lo <strong>Sporting Dora<\/strong> in Corso Umbria.<\/p>\n<p>&nbsp;<\/p>\n","protected":false},"excerpt":{"rendered":"<p>9 aprile 2016, Torino<\/p>\n","protected":false},"author":2,"featured_media":2964,"comment_status":"closed","ping_status":"open","sticky":false,"template":"","format":"standard","meta":{"footnotes":""},"categories":[7],"tags":[168,411,14,413,407,408,19,9,415,16,412,409,284,410,414,12,279],"class_list":["post-2963","post","type-post","status-publish","format-standard","has-post-thumbnail","hentry","category-evenements","tag-acqua","tag-aquanova","tag-eventi","tag-hydroaid","tag-lacqua-e-vita","tag-luca-mercalli","tag-maca","tag-museo-a-come-ambiente","tag-nova-coop","tag-parco-dora","tag-pelagosphera","tag-sct-centre","tag-scuole-primarie","tag-social-community-theatre-centre","tag-societa-meteorologica-italiana-nimbus","tag-torino","tag-universita-degli-studi-di-torino"],"yoast_head":"<!-- This site is optimized with the Yoast SEO plugin v26.9 - https:\/\/yoast.com\/product\/yoast-seo-wordpress\/ -->\n<title>9 aprile 2016: gran finale per il progetto \u201cL\u2019acqua \u00e8 vita\u201d del SCT Centre - Fr - MAcA - Museo A come Ambiente<\/title>\n<meta name=\"robots\" content=\"index, follow, max-snippet:-1, max-image-preview:large, max-video-preview:-1\" \/>\n<link rel=\"canonical\" href=\"https:\/\/www.acomeambiente.org\/fr\/blog\/2016\/03\/29\/9-aprile-2016-gran-finale-progetto-lacqua-vita-del-sct-centre\/\" \/>\n<meta property=\"og:locale\" content=\"fr_FR\" \/>\n<meta property=\"og:type\" content=\"article\" \/>\n<meta property=\"og:title\" content=\"9 aprile 2016: gran finale per il progetto \u201cL\u2019acqua \u00e8 vita\u201d del SCT Centre - Fr - MAcA - Museo A come Ambiente\" \/>\n<meta property=\"og:description\" content=\"9 aprile 2016, Torino\" \/>\n<meta property=\"og:url\" content=\"https:\/\/www.acomeambiente.org\/fr\/blog\/2016\/03\/29\/9-aprile-2016-gran-finale-progetto-lacqua-vita-del-sct-centre\/\" \/>\n<meta property=\"og:site_name\" content=\"Fr - MAcA - Museo A come Ambiente\" \/>\n<meta property=\"article:published_time\" content=\"2016-03-29T13:16:32+00:00\" \/>\n<meta property=\"article:modified_time\" content=\"2017-04-11T08:38:36+00:00\" \/>\n<meta property=\"og:image\" content=\"https:\/\/www.acomeambiente.org\/fr\/wp-content\/uploads\/sites\/2\/2016\/03\/Acqua-gocce-1.jpg\" \/>\n\t<meta property=\"og:image:width\" content=\"960\" \/>\n\t<meta property=\"og:image:height\" content=\"636\" \/>\n\t<meta property=\"og:image:type\" content=\"image\/jpeg\" \/>\n<meta name=\"author\" content=\"maca\" \/>\n<meta name=\"twitter:card\" content=\"summary_large_image\" \/>\n<meta name=\"twitter:label1\" content=\"\u00c9crit par\" \/>\n\t<meta name=\"twitter:data1\" content=\"maca\" \/>\n\t<meta name=\"twitter:label2\" content=\"Dur\u00e9e de lecture estim\u00e9e\" \/>\n\t<meta name=\"twitter:data2\" content=\"2 minutes\" \/>\n<script type=\"application\/ld+json\" class=\"yoast-schema-graph\">{\"@context\":\"https:\/\/schema.org\",\"@graph\":[{\"@type\":\"Article\",\"@id\":\"https:\/\/www.acomeambiente.org\/fr\/blog\/2016\/03\/29\/9-aprile-2016-gran-finale-progetto-lacqua-vita-del-sct-centre\/#article\",\"isPartOf\":{\"@id\":\"https:\/\/www.acomeambiente.org\/fr\/blog\/2016\/03\/29\/9-aprile-2016-gran-finale-progetto-lacqua-vita-del-sct-centre\/\"},\"author\":{\"name\":\"maca\",\"@id\":\"https:\/\/www.acomeambiente.org\/fr\/#\/schema\/person\/abb5b373fd10c6152f3ba6effe4922a8\"},\"headline\":\"9 aprile 2016: gran finale per il progetto \u201cL\u2019acqua \u00e8 vita\u201d del SCT Centre\",\"datePublished\":\"2016-03-29T13:16:32+00:00\",\"dateModified\":\"2017-04-11T08:38:36+00:00\",\"mainEntityOfPage\":{\"@id\":\"https:\/\/www.acomeambiente.org\/fr\/blog\/2016\/03\/29\/9-aprile-2016-gran-finale-progetto-lacqua-vita-del-sct-centre\/\"},\"wordCount\":468,\"image\":{\"@id\":\"https:\/\/www.acomeambiente.org\/fr\/blog\/2016\/03\/29\/9-aprile-2016-gran-finale-progetto-lacqua-vita-del-sct-centre\/#primaryimage\"},\"thumbnailUrl\":\"https:\/\/www.acomeambiente.org\/fr\/wp-content\/uploads\/sites\/2\/2016\/03\/Acqua-gocce-1.jpg\",\"keywords\":[\"acqua\",\"Aquanova\",\"Eventi\",\"Hydroaid\",\"L'acqua \u00e8 vita\",\"Luca Mercalli\",\"MAcA\",\"Museo A come Ambiente\",\"Nova Coop\",\"Parco Dora\",\"Pelagosphera\",\"SCT Centre\",\"scuole primarie\",\"Social Community Theatre Centre\",\"Societ\u00e0 Meteorologica Italiana Nimbus\",\"Torino\",\"Universit\u00e0 degli Studi di Torino\"],\"articleSection\":[\"\u00c9v\u00e9nements\"],\"inLanguage\":\"fr-FR\"},{\"@type\":\"WebPage\",\"@id\":\"https:\/\/www.acomeambiente.org\/fr\/blog\/2016\/03\/29\/9-aprile-2016-gran-finale-progetto-lacqua-vita-del-sct-centre\/\",\"url\":\"https:\/\/www.acomeambiente.org\/fr\/blog\/2016\/03\/29\/9-aprile-2016-gran-finale-progetto-lacqua-vita-del-sct-centre\/\",\"name\":\"9 aprile 2016: gran finale per il progetto \u201cL\u2019acqua \u00e8 vita\u201d del SCT Centre - Fr - MAcA - Museo A come Ambiente\",\"isPartOf\":{\"@id\":\"https:\/\/www.acomeambiente.org\/fr\/#website\"},\"primaryImageOfPage\":{\"@id\":\"https:\/\/www.acomeambiente.org\/fr\/blog\/2016\/03\/29\/9-aprile-2016-gran-finale-progetto-lacqua-vita-del-sct-centre\/#primaryimage\"},\"image\":{\"@id\":\"https:\/\/www.acomeambiente.org\/fr\/blog\/2016\/03\/29\/9-aprile-2016-gran-finale-progetto-lacqua-vita-del-sct-centre\/#primaryimage\"},\"thumbnailUrl\":\"https:\/\/www.acomeambiente.org\/fr\/wp-content\/uploads\/sites\/2\/2016\/03\/Acqua-gocce-1.jpg\",\"datePublished\":\"2016-03-29T13:16:32+00:00\",\"dateModified\":\"2017-04-11T08:38:36+00:00\",\"author\":{\"@id\":\"https:\/\/www.acomeambiente.org\/fr\/#\/schema\/person\/abb5b373fd10c6152f3ba6effe4922a8\"},\"breadcrumb\":{\"@id\":\"https:\/\/www.acomeambiente.org\/fr\/blog\/2016\/03\/29\/9-aprile-2016-gran-finale-progetto-lacqua-vita-del-sct-centre\/#breadcrumb\"},\"inLanguage\":\"fr-FR\",\"potentialAction\":[{\"@type\":\"ReadAction\",\"target\":[\"https:\/\/www.acomeambiente.org\/fr\/blog\/2016\/03\/29\/9-aprile-2016-gran-finale-progetto-lacqua-vita-del-sct-centre\/\"]}]},{\"@type\":\"ImageObject\",\"inLanguage\":\"fr-FR\",\"@id\":\"https:\/\/www.acomeambiente.org\/fr\/blog\/2016\/03\/29\/9-aprile-2016-gran-finale-progetto-lacqua-vita-del-sct-centre\/#primaryimage\",\"url\":\"https:\/\/www.acomeambiente.org\/fr\/wp-content\/uploads\/sites\/2\/2016\/03\/Acqua-gocce-1.jpg\",\"contentUrl\":\"https:\/\/www.acomeambiente.org\/fr\/wp-content\/uploads\/sites\/2\/2016\/03\/Acqua-gocce-1.jpg\",\"width\":960,\"height\":636},{\"@type\":\"BreadcrumbList\",\"@id\":\"https:\/\/www.acomeambiente.org\/fr\/blog\/2016\/03\/29\/9-aprile-2016-gran-finale-progetto-lacqua-vita-del-sct-centre\/#breadcrumb\",\"itemListElement\":[{\"@type\":\"ListItem\",\"position\":1,\"name\":\"Home\",\"item\":\"https:\/\/www.acomeambiente.org\/fr\/\"},{\"@type\":\"ListItem\",\"position\":2,\"name\":\"9 aprile 2016: gran finale per il progetto \u201cL\u2019acqua \u00e8 vita\u201d del SCT Centre\"}]},{\"@type\":\"WebSite\",\"@id\":\"https:\/\/www.acomeambiente.org\/fr\/#website\",\"url\":\"https:\/\/www.acomeambiente.org\/fr\/\",\"name\":\"Fr - MAcA - Museo A come Ambiente\",\"description\":\"Passa al MAcA, costruiamo insieme un mondo pi\u00f9 sostenibile\",\"potentialAction\":[{\"@type\":\"SearchAction\",\"target\":{\"@type\":\"EntryPoint\",\"urlTemplate\":\"https:\/\/www.acomeambiente.org\/fr\/?s={search_term_string}\"},\"query-input\":{\"@type\":\"PropertyValueSpecification\",\"valueRequired\":true,\"valueName\":\"search_term_string\"}}],\"inLanguage\":\"fr-FR\"},{\"@type\":\"Person\",\"@id\":\"https:\/\/www.acomeambiente.org\/fr\/#\/schema\/person\/abb5b373fd10c6152f3ba6effe4922a8\",\"name\":\"maca\",\"image\":{\"@type\":\"ImageObject\",\"inLanguage\":\"fr-FR\",\"@id\":\"https:\/\/www.acomeambiente.org\/fr\/#\/schema\/person\/image\/\",\"url\":\"https:\/\/secure.gravatar.com\/avatar\/638ecfb6ae252284df22625e08c27812f9102da6030194ee85189eda9b903f6a?s=96&d=mm&r=g\",\"contentUrl\":\"https:\/\/secure.gravatar.com\/avatar\/638ecfb6ae252284df22625e08c27812f9102da6030194ee85189eda9b903f6a?s=96&d=mm&r=g\",\"caption\":\"maca\"},\"url\":\"https:\/\/www.acomeambiente.org\/fr\/blog\/author\/maca\/\"}]}<\/script>\n<!-- \/ Yoast SEO plugin. -->","yoast_head_json":{"title":"9 aprile 2016: gran finale per il progetto \u201cL\u2019acqua \u00e8 vita\u201d del SCT Centre - Fr - MAcA - Museo A come Ambiente","robots":{"index":"index","follow":"follow","max-snippet":"max-snippet:-1","max-image-preview":"max-image-preview:large","max-video-preview":"max-video-preview:-1"},"canonical":"https:\/\/www.acomeambiente.org\/fr\/blog\/2016\/03\/29\/9-aprile-2016-gran-finale-progetto-lacqua-vita-del-sct-centre\/","og_locale":"fr_FR","og_type":"article","og_title":"9 aprile 2016: gran finale per il progetto \u201cL\u2019acqua \u00e8 vita\u201d del SCT Centre - Fr - MAcA - Museo A come Ambiente","og_description":"9 aprile 2016, Torino","og_url":"https:\/\/www.acomeambiente.org\/fr\/blog\/2016\/03\/29\/9-aprile-2016-gran-finale-progetto-lacqua-vita-del-sct-centre\/","og_site_name":"Fr - MAcA - Museo A come Ambiente","article_published_time":"2016-03-29T13:16:32+00:00","article_modified_time":"2017-04-11T08:38:36+00:00","og_image":[{"width":960,"height":636,"url":"https:\/\/www.acomeambiente.org\/fr\/wp-content\/uploads\/sites\/2\/2016\/03\/Acqua-gocce-1.jpg","type":"image\/jpeg"}],"author":"maca","twitter_card":"summary_large_image","twitter_misc":{"\u00c9crit par":"maca","Dur\u00e9e de lecture estim\u00e9e":"2 minutes"},"schema":{"@context":"https:\/\/schema.org","@graph":[{"@type":"Article","@id":"https:\/\/www.acomeambiente.org\/fr\/blog\/2016\/03\/29\/9-aprile-2016-gran-finale-progetto-lacqua-vita-del-sct-centre\/#article","isPartOf":{"@id":"https:\/\/www.acomeambiente.org\/fr\/blog\/2016\/03\/29\/9-aprile-2016-gran-finale-progetto-lacqua-vita-del-sct-centre\/"},"author":{"name":"maca","@id":"https:\/\/www.acomeambiente.org\/fr\/#\/schema\/person\/abb5b373fd10c6152f3ba6effe4922a8"},"headline":"9 aprile 2016: gran finale per il progetto \u201cL\u2019acqua \u00e8 vita\u201d del SCT Centre","datePublished":"2016-03-29T13:16:32+00:00","dateModified":"2017-04-11T08:38:36+00:00","mainEntityOfPage":{"@id":"https:\/\/www.acomeambiente.org\/fr\/blog\/2016\/03\/29\/9-aprile-2016-gran-finale-progetto-lacqua-vita-del-sct-centre\/"},"wordCount":468,"image":{"@id":"https:\/\/www.acomeambiente.org\/fr\/blog\/2016\/03\/29\/9-aprile-2016-gran-finale-progetto-lacqua-vita-del-sct-centre\/#primaryimage"},"thumbnailUrl":"https:\/\/www.acomeambiente.org\/fr\/wp-content\/uploads\/sites\/2\/2016\/03\/Acqua-gocce-1.jpg","keywords":["acqua","Aquanova","Eventi","Hydroaid","L'acqua \u00e8 vita","Luca Mercalli","MAcA","Museo A come Ambiente","Nova Coop","Parco Dora","Pelagosphera","SCT Centre","scuole primarie","Social Community Theatre Centre","Societ\u00e0 Meteorologica Italiana Nimbus","Torino","Universit\u00e0 degli Studi di Torino"],"articleSection":["\u00c9v\u00e9nements"],"inLanguage":"fr-FR"},{"@type":"WebPage","@id":"https:\/\/www.acomeambiente.org\/fr\/blog\/2016\/03\/29\/9-aprile-2016-gran-finale-progetto-lacqua-vita-del-sct-centre\/","url":"https:\/\/www.acomeambiente.org\/fr\/blog\/2016\/03\/29\/9-aprile-2016-gran-finale-progetto-lacqua-vita-del-sct-centre\/","name":"9 aprile 2016: gran finale per il progetto \u201cL\u2019acqua \u00e8 vita\u201d del SCT Centre - Fr - MAcA - Museo A come Ambiente","isPartOf":{"@id":"https:\/\/www.acomeambiente.org\/fr\/#website"},"primaryImageOfPage":{"@id":"https:\/\/www.acomeambiente.org\/fr\/blog\/2016\/03\/29\/9-aprile-2016-gran-finale-progetto-lacqua-vita-del-sct-centre\/#primaryimage"},"image":{"@id":"https:\/\/www.acomeambiente.org\/fr\/blog\/2016\/03\/29\/9-aprile-2016-gran-finale-progetto-lacqua-vita-del-sct-centre\/#primaryimage"},"thumbnailUrl":"https:\/\/www.acomeambiente.org\/fr\/wp-content\/uploads\/sites\/2\/2016\/03\/Acqua-gocce-1.jpg","datePublished":"2016-03-29T13:16:32+00:00","dateModified":"2017-04-11T08:38:36+00:00","author":{"@id":"https:\/\/www.acomeambiente.org\/fr\/#\/schema\/person\/abb5b373fd10c6152f3ba6effe4922a8"},"breadcrumb":{"@id":"https:\/\/www.acomeambiente.org\/fr\/blog\/2016\/03\/29\/9-aprile-2016-gran-finale-progetto-lacqua-vita-del-sct-centre\/#breadcrumb"},"inLanguage":"fr-FR","potentialAction":[{"@type":"ReadAction","target":["https:\/\/www.acomeambiente.org\/fr\/blog\/2016\/03\/29\/9-aprile-2016-gran-finale-progetto-lacqua-vita-del-sct-centre\/"]}]},{"@type":"ImageObject","inLanguage":"fr-FR","@id":"https:\/\/www.acomeambiente.org\/fr\/blog\/2016\/03\/29\/9-aprile-2016-gran-finale-progetto-lacqua-vita-del-sct-centre\/#primaryimage","url":"https:\/\/www.acomeambiente.org\/fr\/wp-content\/uploads\/sites\/2\/2016\/03\/Acqua-gocce-1.jpg","contentUrl":"https:\/\/www.acomeambiente.org\/fr\/wp-content\/uploads\/sites\/2\/2016\/03\/Acqua-gocce-1.jpg","width":960,"height":636},{"@type":"BreadcrumbList","@id":"https:\/\/www.acomeambiente.org\/fr\/blog\/2016\/03\/29\/9-aprile-2016-gran-finale-progetto-lacqua-vita-del-sct-centre\/#breadcrumb","itemListElement":[{"@type":"ListItem","position":1,"name":"Home","item":"https:\/\/www.acomeambiente.org\/fr\/"},{"@type":"ListItem","position":2,"name":"9 aprile 2016: gran finale per il progetto \u201cL\u2019acqua \u00e8 vita\u201d del SCT Centre"}]},{"@type":"WebSite","@id":"https:\/\/www.acomeambiente.org\/fr\/#website","url":"https:\/\/www.acomeambiente.org\/fr\/","name":"Fr - MAcA - Museo A come Ambiente","description":"Passa al MAcA, costruiamo insieme un mondo pi\u00f9 sostenibile","potentialAction":[{"@type":"SearchAction","target":{"@type":"EntryPoint","urlTemplate":"https:\/\/www.acomeambiente.org\/fr\/?s={search_term_string}"},"query-input":{"@type":"PropertyValueSpecification","valueRequired":true,"valueName":"search_term_string"}}],"inLanguage":"fr-FR"},{"@type":"Person","@id":"https:\/\/www.acomeambiente.org\/fr\/#\/schema\/person\/abb5b373fd10c6152f3ba6effe4922a8","name":"maca","image":{"@type":"ImageObject","inLanguage":"fr-FR","@id":"https:\/\/www.acomeambiente.org\/fr\/#\/schema\/person\/image\/","url":"https:\/\/secure.gravatar.com\/avatar\/638ecfb6ae252284df22625e08c27812f9102da6030194ee85189eda9b903f6a?s=96&d=mm&r=g","contentUrl":"https:\/\/secure.gravatar.com\/avatar\/638ecfb6ae252284df22625e08c27812f9102da6030194ee85189eda9b903f6a?s=96&d=mm&r=g","caption":"maca"},"url":"https:\/\/www.acomeambiente.org\/fr\/blog\/author\/maca\/"}]}},"_links":{"self":[{"href":"https:\/\/www.acomeambiente.org\/fr\/wp-json\/wp\/v2\/posts\/2963","targetHints":{"allow":["GET"]}}],"collection":[{"href":"https:\/\/www.acomeambiente.org\/fr\/wp-json\/wp\/v2\/posts"}],"about":[{"href":"https:\/\/www.acomeambiente.org\/fr\/wp-json\/wp\/v2\/types\/post"}],"author":[{"embeddable":true,"href":"https:\/\/www.acomeambiente.org\/fr\/wp-json\/wp\/v2\/users\/2"}],"replies":[{"embeddable":true,"href":"https:\/\/www.acomeambiente.org\/fr\/wp-json\/wp\/v2\/comments?post=2963"}],"version-history":[{"count":2,"href":"https:\/\/www.acomeambiente.org\/fr\/wp-json\/wp\/v2\/posts\/2963\/revisions"}],"predecessor-version":[{"id":2966,"href":"https:\/\/www.acomeambiente.org\/fr\/wp-json\/wp\/v2\/posts\/2963\/revisions\/2966"}],"wp:featuredmedia":[{"embeddable":true,"href":"https:\/\/www.acomeambiente.org\/fr\/wp-json\/wp\/v2\/media\/2964"}],"wp:attachment":[{"href":"https:\/\/www.acomeambiente.org\/fr\/wp-json\/wp\/v2\/media?parent=2963"}],"wp:term":[{"taxonomy":"category","embeddable":true,"href":"https:\/\/www.acomeambiente.org\/fr\/wp-json\/wp\/v2\/categories?post=2963"},{"taxonomy":"post_tag","embeddable":true,"href":"https:\/\/www.acomeambiente.org\/fr\/wp-json\/wp\/v2\/tags?post=2963"}],"curies":[{"name":"wp","href":"https:\/\/api.w.org\/{rel}","templated":true}]}}