{"id":2630,"date":"2016-02-09T07:39:43","date_gmt":"2016-02-09T07:39:43","guid":{"rendered":"http:\/\/www.acomeambiente.org\/fr\/?p=2630"},"modified":"2017-04-11T08:38:39","modified_gmt":"2017-04-11T08:38:39","slug":"save-the-date-il-maca-inaugura-i-nuovi-percorsi-espositivi","status":"publish","type":"post","link":"https:\/\/www.acomeambiente.org\/fr\/blog\/2016\/02\/09\/save-the-date-il-maca-inaugura-i-nuovi-percorsi-espositivi\/","title":{"rendered":"16 febbraio 2016, inaugurazione dei nuovi spazi espositivi del MAcA"},"content":{"rendered":"<div class=\"fusion-fullwidth fullwidth-box fusion-builder-row-1 hundred-percent-fullwidth non-hundred-percent-height-scrolling\" style=\"--awb-border-radius-top-left:0px;--awb-border-radius-top-right:0px;--awb-border-radius-bottom-right:0px;--awb-border-radius-bottom-left:0px;--awb-overflow:visible;--awb-flex-wrap:wrap;\" ><div class=\"fusion-builder-row fusion-row\"><div class=\"fusion-layout-column fusion_builder_column fusion-builder-column-0 fusion_builder_column_1_1 1_1 fusion-one-full fusion-column-first fusion-column-last fusion-column-no-min-height\" style=\"--awb-bg-size:cover;--awb-margin-bottom:0px;\"><div class=\"fusion-column-wrapper fusion-flex-column-wrapper-legacy\"><div class=\"fusion-text fusion-text-1\"><h1 class=\"entry-title\" style=\"text-align: justify;\">16 febbraio 2016, inaugurazione dei nuovi spazi espositivi del MAcA<\/h1>\n<p><a href=\"http:\/\/www.acomeambiente.org\/wp-content\/uploads\/sites\/2\/2016\/02\/IMG-20160126-WA0029.jpg\"><img decoding=\"async\" class=\"size-full wp-image-2631 aligncenter\" src=\"http:\/\/www.acomeambiente.org\/wp-content\/uploads\/sites\/2\/2016\/02\/IMG-20160126-WA0029.jpg\" alt=\"IMG-20160126-WA0029\" width=\"500\" height=\"375\" srcset=\"https:\/\/www.acomeambiente.org\/fr\/wp-content\/uploads\/sites\/2\/2016\/02\/IMG-20160126-WA0029-300x225.jpg 300w, https:\/\/www.acomeambiente.org\/fr\/wp-content\/uploads\/sites\/2\/2016\/02\/IMG-20160126-WA0029.jpg 500w\" sizes=\"(max-width: 500px) 100vw, 500px\" \/><\/a><\/p>\n<p>Il <strong>16 febbraio 2016<\/strong>, con l\u2019inaugurazione dei nuovi spazi espositivi e dei nuovi percorsi interattivi, il <strong>Museo A come Ambiente<\/strong> di Torino ha presentato a tutti il suo nuovo volto.<\/p>\n<p>L\u2019apertura del nuovo <strong>Padiglione Verde<\/strong> e dell\u2019<em>Area Alimentazione<\/em>, il riallestimento dell\u2019<em>Area Energia<\/em> e l\u2019arricchimento dell\u2019<em>Area Acqua<\/em> e dell\u2019<em>Area Scarti<\/em>\u00a0sono soltanto alcune delle grandi novit\u00e0 del Museo.<\/p>\n<p>A presentarle a pubblico e stampa il presidente del<em> Museo A come Ambiente<\/em> <strong>Agostino Re Rebaudengo<\/strong> e il direttore del <em>MAc<\/em>A <strong>Paolo Legato<\/strong>.<\/p>\n<p>Leggi\u00a0la <a href=\"http:\/\/www.acomeambiente.org\/wp-content\/uploads\/sites\/2\/2016\/02\/RS-inaugurazione-MAcA.pdf\" target=\"_blank\">Rassegna Stampa inaugurazione MAcA<\/a>.<\/p>\n<ul>\n<li>link al\u00a0<a href=\"https:\/\/youtu.be\/dGgiDVRhiT0?t=18m49s\" target=\"_blank\">servizio di Rete 7<\/a>\u00a0(min. 19\u2019)<\/li>\n<li>link al\u00a0<a href=\"https:\/\/www.youtube.com\/watch?v=HLjXU-lO19s\" target=\"_blank\">servizio di GRP<\/a><\/li>\n<li>link al\u00a0<a href=\"https:\/\/www.youtube.com\/watch?v=4zMY-fJAN7s\" target=\"_blank\">servizio di Tekla<\/a><\/li>\n<li>link al\u00a0<a href=\"http:\/\/www.radio24.ilsole24ore.com\/programma\/altro-pianeta\/puntate\" target=\"_blank\">servizio di Radio 24<\/a>\u00a0(min. 11\u201956\u2019\u2019).<\/li>\n<\/ul>\n<p>Guarda la <a href=\"http:\/\/www.acomeambiente.org\/fr\/la-campagna-di-comunicazione\/\" target=\"_blank\">Campagna di comunicazione<\/a>.<\/p>\n<h2 class=\"entry-title\" style=\"color: #1f5e97; font-weight: bold;\">Ecco la gallery con le foto dell&rsquo;evento di inaugurazione per chi non \u00e8 riuscito a partecipare!<\/h2>\n<\/div><div class=\"fusion-clearfix\"><\/div><\/div><\/div><div class=\"fusion-layout-column fusion_builder_column fusion-builder-column-1 fusion_builder_column_1_1 1_1 fusion-one-full fusion-column-first fusion-column-last fusion-column-no-min-height\" style=\"--awb-bg-size:cover;--awb-margin-bottom:0px;\"><div class=\"fusion-column-wrapper fusion-flex-column-wrapper-legacy\"><div class=\"fusion-image-carousel fusion-image-carousel-auto fusion-image-carousel-1 lightbox-enabled fusion-carousel-border\"><div class=\"awb-carousel awb-swiper awb-swiper-carousel awb-carousel--carousel awb-swiper-dots-position-bottom\" data-layout=\"carousel\" data-autoplay=\"no\" data-autoplayspeed=\"2500\" data-autoplaypause=\"no\" data-columns=\"3\" data-columnsmedium=\"1\" data-columnssmall=\"1\" data-itemmargin=\"13\" data-itemwidth=\"180\" data-touchscroll=\"no\" data-freemode=\"no\" data-imagesize=\"auto\" data-scrollitems=\"0\" data-centeredslides=\"no\" data-rotationangle=\"50\" data-depth=\"100\" data-speed=\"500\" data-shadow=\"no\" data-pagination=\"bullets\" style=\"--awb-columns:3;--awb-border-width:1px;--awb-border-color:#e9eaee;\"><div class=\"swiper-wrapper awb-image-carousel-wrapper fusion-flex-align-items-center\"><div class=\"swiper-slide\"><div class=\"fusion-carousel-item-wrapper\"><div class=\"fusion-image-wrapper hover-type-none\"><a data-rel=\"iLightbox[image_carousel_1]\" href=\"http:\/\/www.acomeambiente.org\/wp-content\/uploads\/sites\/2\/2016\/02\/inaugurazione_01.jpg\" target=\"_self\"><img decoding=\"async\" src=\"http:\/\/www.acomeambiente.org\/wp-content\/uploads\/sites\/2\/2016\/02\/inaugurazione_01.jpg\" alt=\"\"\/><\/a><\/div><\/div><\/div><div class=\"swiper-slide\"><div class=\"fusion-carousel-item-wrapper\"><div class=\"fusion-image-wrapper hover-type-none\"><a data-rel=\"iLightbox[image_carousel_1]\" href=\"http:\/\/www.acomeambiente.org\/wp-content\/uploads\/sites\/2\/2016\/02\/inaugurazione_02.jpg\" target=\"_self\"><img decoding=\"async\" src=\"http:\/\/www.acomeambiente.org\/wp-content\/uploads\/sites\/2\/2016\/02\/inaugurazione_02.jpg\" alt=\"\"\/><\/a><\/div><\/div><\/div><div class=\"swiper-slide\"><div class=\"fusion-carousel-item-wrapper\"><div class=\"fusion-image-wrapper hover-type-none\"><a data-rel=\"iLightbox[image_carousel_1]\" href=\"http:\/\/www.acomeambiente.org\/wp-content\/uploads\/sites\/2\/2016\/02\/inaugurazione_05.jpg\" target=\"_self\"><img decoding=\"async\" src=\"http:\/\/www.acomeambiente.org\/wp-content\/uploads\/sites\/2\/2016\/02\/inaugurazione_05.jpg\" alt=\"\"\/><\/a><\/div><\/div><\/div><div class=\"swiper-slide\"><div class=\"fusion-carousel-item-wrapper\"><div class=\"fusion-image-wrapper hover-type-none\"><a data-rel=\"iLightbox[image_carousel_1]\" href=\"http:\/\/www.acomeambiente.org\/wp-content\/uploads\/sites\/2\/2016\/02\/inaugurazione_07.jpg\" target=\"_self\"><img decoding=\"async\" src=\"http:\/\/www.acomeambiente.org\/wp-content\/uploads\/sites\/2\/2016\/02\/inaugurazione_07.jpg\" alt=\"\"\/><\/a><\/div><\/div><\/div><div class=\"swiper-slide\"><div class=\"fusion-carousel-item-wrapper\"><div class=\"fusion-image-wrapper hover-type-none\"><a data-rel=\"iLightbox[image_carousel_1]\" href=\"http:\/\/www.acomeambiente.org\/wp-content\/uploads\/sites\/2\/2016\/02\/inaugurazione_09.jpg\" target=\"_self\"><img decoding=\"async\" src=\"http:\/\/www.acomeambiente.org\/wp-content\/uploads\/sites\/2\/2016\/02\/inaugurazione_09.jpg\" alt=\"\"\/><\/a><\/div><\/div><\/div><div class=\"swiper-slide\"><div class=\"fusion-carousel-item-wrapper\"><div class=\"fusion-image-wrapper hover-type-none\"><a data-rel=\"iLightbox[image_carousel_1]\" href=\"http:\/\/www.acomeambiente.org\/wp-content\/uploads\/sites\/2\/2016\/02\/inaugurazione_10.jpg\" target=\"_self\"><img decoding=\"async\" src=\"http:\/\/www.acomeambiente.org\/wp-content\/uploads\/sites\/2\/2016\/02\/inaugurazione_10.jpg\" alt=\"\"\/><\/a><\/div><\/div><\/div><div class=\"swiper-slide\"><div class=\"fusion-carousel-item-wrapper\"><div class=\"fusion-image-wrapper hover-type-none\"><a data-rel=\"iLightbox[image_carousel_1]\" href=\"http:\/\/www.acomeambiente.org\/wp-content\/uploads\/sites\/2\/2016\/02\/inaugurazione_11.jpg\" target=\"_self\"><img decoding=\"async\" src=\"http:\/\/www.acomeambiente.org\/wp-content\/uploads\/sites\/2\/2016\/02\/inaugurazione_11.jpg\" alt=\"\"\/><\/a><\/div><\/div><\/div><div class=\"swiper-slide\"><div class=\"fusion-carousel-item-wrapper\"><div class=\"fusion-image-wrapper hover-type-none\"><a data-rel=\"iLightbox[image_carousel_1]\" href=\"http:\/\/www.acomeambiente.org\/wp-content\/uploads\/sites\/2\/2016\/02\/inaugurazione_12.jpg\" target=\"_self\"><img decoding=\"async\" src=\"http:\/\/www.acomeambiente.org\/wp-content\/uploads\/sites\/2\/2016\/02\/inaugurazione_12.jpg\" alt=\"\"\/><\/a><\/div><\/div><\/div><div class=\"swiper-slide\"><div class=\"fusion-carousel-item-wrapper\"><div class=\"fusion-image-wrapper hover-type-none\"><a data-rel=\"iLightbox[image_carousel_1]\" href=\"http:\/\/www.acomeambiente.org\/wp-content\/uploads\/sites\/2\/2016\/02\/inaugurazione_15.jpg\" target=\"_self\"><img decoding=\"async\" src=\"http:\/\/www.acomeambiente.org\/wp-content\/uploads\/sites\/2\/2016\/02\/inaugurazione_15.jpg\" alt=\"\"\/><\/a><\/div><\/div><\/div><div class=\"swiper-slide\"><div class=\"fusion-carousel-item-wrapper\"><div class=\"fusion-image-wrapper hover-type-none\"><a data-rel=\"iLightbox[image_carousel_1]\" href=\"http:\/\/www.acomeambiente.org\/wp-content\/uploads\/sites\/2\/2016\/02\/inaugurazione_18.jpg\" target=\"_self\"><img decoding=\"async\" src=\"http:\/\/www.acomeambiente.org\/wp-content\/uploads\/sites\/2\/2016\/02\/inaugurazione_18.jpg\" alt=\"\"\/><\/a><\/div><\/div><\/div><div class=\"swiper-slide\"><div class=\"fusion-carousel-item-wrapper\"><div class=\"fusion-image-wrapper hover-type-none\"><a data-rel=\"iLightbox[image_carousel_1]\" href=\"http:\/\/www.acomeambiente.org\/wp-content\/uploads\/sites\/2\/2016\/02\/inaugurazione_19.jpg\" target=\"_self\"><img decoding=\"async\" src=\"http:\/\/www.acomeambiente.org\/wp-content\/uploads\/sites\/2\/2016\/02\/inaugurazione_19.jpg\" alt=\"\"\/><\/a><\/div><\/div><\/div><div class=\"swiper-slide\"><div class=\"fusion-carousel-item-wrapper\"><div class=\"fusion-image-wrapper hover-type-none\"><a data-rel=\"iLightbox[image_carousel_1]\" href=\"http:\/\/www.acomeambiente.org\/wp-content\/uploads\/sites\/2\/2016\/02\/inaugurazione_21.jpg\" target=\"_self\"><img decoding=\"async\" src=\"http:\/\/www.acomeambiente.org\/wp-content\/uploads\/sites\/2\/2016\/02\/inaugurazione_21.jpg\" alt=\"\"\/><\/a><\/div><\/div><\/div><div class=\"swiper-slide\"><div class=\"fusion-carousel-item-wrapper\"><div class=\"fusion-image-wrapper hover-type-none\"><a data-rel=\"iLightbox[image_carousel_1]\" href=\"http:\/\/www.acomeambiente.org\/wp-content\/uploads\/sites\/2\/2016\/02\/inaugurazione_22.jpg\" target=\"_self\"><img decoding=\"async\" src=\"http:\/\/www.acomeambiente.org\/wp-content\/uploads\/sites\/2\/2016\/02\/inaugurazione_22.jpg\" alt=\"\"\/><\/a><\/div><\/div><\/div><div class=\"swiper-slide\"><div class=\"fusion-carousel-item-wrapper\"><div class=\"fusion-image-wrapper hover-type-none\"><a data-rel=\"iLightbox[image_carousel_1]\" href=\"http:\/\/www.acomeambiente.org\/wp-content\/uploads\/sites\/2\/2016\/02\/inaugurazione_23.jpg\" target=\"_self\"><img decoding=\"async\" src=\"http:\/\/www.acomeambiente.org\/wp-content\/uploads\/sites\/2\/2016\/02\/inaugurazione_23.jpg\" alt=\"\"\/><\/a><\/div><\/div><\/div><div class=\"swiper-slide\"><div class=\"fusion-carousel-item-wrapper\"><div class=\"fusion-image-wrapper hover-type-none\"><a data-rel=\"iLightbox[image_carousel_1]\" href=\"http:\/\/www.acomeambiente.org\/wp-content\/uploads\/sites\/2\/2016\/02\/inaugurazione_24.jpg\" target=\"_self\"><img decoding=\"async\" src=\"http:\/\/www.acomeambiente.org\/wp-content\/uploads\/sites\/2\/2016\/02\/inaugurazione_24.jpg\" alt=\"\"\/><\/a><\/div><\/div><\/div><div class=\"swiper-slide\"><div class=\"fusion-carousel-item-wrapper\"><div class=\"fusion-image-wrapper hover-type-none\"><a data-rel=\"iLightbox[image_carousel_1]\" href=\"http:\/\/www.acomeambiente.org\/wp-content\/uploads\/sites\/2\/2016\/02\/inaugurazione_25.jpg\" target=\"_self\"><img decoding=\"async\" src=\"http:\/\/www.acomeambiente.org\/wp-content\/uploads\/sites\/2\/2016\/02\/inaugurazione_25.jpg\" alt=\"\"\/><\/a><\/div><\/div><\/div><div class=\"swiper-slide\"><div class=\"fusion-carousel-item-wrapper\"><div class=\"fusion-image-wrapper hover-type-none\"><a data-rel=\"iLightbox[image_carousel_1]\" href=\"http:\/\/www.acomeambiente.org\/wp-content\/uploads\/sites\/2\/2016\/02\/inaugurazione_26.jpg\" target=\"_self\"><img decoding=\"async\" src=\"http:\/\/www.acomeambiente.org\/wp-content\/uploads\/sites\/2\/2016\/02\/inaugurazione_26.jpg\" alt=\"\"\/><\/a><\/div><\/div><\/div><div class=\"swiper-slide\"><div class=\"fusion-carousel-item-wrapper\"><div class=\"fusion-image-wrapper hover-type-none\"><a data-rel=\"iLightbox[image_carousel_1]\" href=\"http:\/\/www.acomeambiente.org\/wp-content\/uploads\/sites\/2\/2016\/02\/inaugurazione_27.jpg\" target=\"_self\"><img decoding=\"async\" src=\"http:\/\/www.acomeambiente.org\/wp-content\/uploads\/sites\/2\/2016\/02\/inaugurazione_27.jpg\" alt=\"\"\/><\/a><\/div><\/div><\/div><div class=\"swiper-slide\"><div class=\"fusion-carousel-item-wrapper\"><div class=\"fusion-image-wrapper hover-type-none\"><a data-rel=\"iLightbox[image_carousel_1]\" href=\"http:\/\/www.acomeambiente.org\/wp-content\/uploads\/sites\/2\/2016\/02\/inaugurazione_28.jpg\" target=\"_self\"><img decoding=\"async\" src=\"http:\/\/www.acomeambiente.org\/wp-content\/uploads\/sites\/2\/2016\/02\/inaugurazione_28.jpg\" alt=\"\"\/><\/a><\/div><\/div><\/div><div class=\"swiper-slide\"><div class=\"fusion-carousel-item-wrapper\"><div class=\"fusion-image-wrapper hover-type-none\"><a data-rel=\"iLightbox[image_carousel_1]\" href=\"http:\/\/www.acomeambiente.org\/wp-content\/uploads\/sites\/2\/2016\/02\/inaugurazione_29.jpg\" target=\"_self\"><img decoding=\"async\" src=\"http:\/\/www.acomeambiente.org\/wp-content\/uploads\/sites\/2\/2016\/02\/inaugurazione_29.jpg\" alt=\"\"\/><\/a><\/div><\/div><\/div><div class=\"swiper-slide\"><div class=\"fusion-carousel-item-wrapper\"><div class=\"fusion-image-wrapper hover-type-none\"><a data-rel=\"iLightbox[image_carousel_1]\" href=\"http:\/\/www.acomeambiente.org\/wp-content\/uploads\/sites\/2\/2016\/02\/inaugurazione_30.jpg\" target=\"_self\"><img decoding=\"async\" src=\"http:\/\/www.acomeambiente.org\/wp-content\/uploads\/sites\/2\/2016\/02\/inaugurazione_30.jpg\" alt=\"\"\/><\/a><\/div><\/div><\/div><div class=\"swiper-slide\"><div class=\"fusion-carousel-item-wrapper\"><div class=\"fusion-image-wrapper hover-type-none\"><a data-rel=\"iLightbox[image_carousel_1]\" href=\"http:\/\/www.acomeambiente.org\/wp-content\/uploads\/sites\/2\/2016\/02\/inaugurazione_31.jpg\" target=\"_self\"><img decoding=\"async\" src=\"http:\/\/www.acomeambiente.org\/wp-content\/uploads\/sites\/2\/2016\/02\/inaugurazione_31.jpg\" alt=\"\"\/><\/a><\/div><\/div><\/div><div class=\"swiper-slide\"><div class=\"fusion-carousel-item-wrapper\"><div class=\"fusion-image-wrapper hover-type-none\"><a data-rel=\"iLightbox[image_carousel_1]\" href=\"http:\/\/www.acomeambiente.org\/wp-content\/uploads\/sites\/2\/2016\/02\/inaugurazione_34.jpg\" target=\"_self\"><img decoding=\"async\" src=\"http:\/\/www.acomeambiente.org\/wp-content\/uploads\/sites\/2\/2016\/02\/inaugurazione_34.jpg\" alt=\"\"\/><\/a><\/div><\/div><\/div><div class=\"swiper-slide\"><div class=\"fusion-carousel-item-wrapper\"><div class=\"fusion-image-wrapper hover-type-none\"><a data-rel=\"iLightbox[image_carousel_1]\" href=\"http:\/\/www.acomeambiente.org\/wp-content\/uploads\/sites\/2\/2016\/02\/inaugurazione_35.jpg\" target=\"_self\"><img decoding=\"async\" src=\"http:\/\/www.acomeambiente.org\/wp-content\/uploads\/sites\/2\/2016\/02\/inaugurazione_35.jpg\" alt=\"\"\/><\/a><\/div><\/div><\/div><div class=\"swiper-slide\"><div class=\"fusion-carousel-item-wrapper\"><div class=\"fusion-image-wrapper hover-type-none\"><a data-rel=\"iLightbox[image_carousel_1]\" href=\"http:\/\/www.acomeambiente.org\/wp-content\/uploads\/sites\/2\/2016\/02\/inaugurazione_37.jpg\" target=\"_self\"><img decoding=\"async\" src=\"http:\/\/www.acomeambiente.org\/wp-content\/uploads\/sites\/2\/2016\/02\/inaugurazione_37.jpg\" alt=\"\"\/><\/a><\/div><\/div><\/div><div class=\"swiper-slide\"><div class=\"fusion-carousel-item-wrapper\"><div class=\"fusion-image-wrapper hover-type-none\"><a data-rel=\"iLightbox[image_carousel_1]\" href=\"http:\/\/www.acomeambiente.org\/wp-content\/uploads\/sites\/2\/2016\/02\/inaugurazione_39.jpg\" target=\"_self\"><img decoding=\"async\" src=\"http:\/\/www.acomeambiente.org\/wp-content\/uploads\/sites\/2\/2016\/02\/inaugurazione_39.jpg\" alt=\"\"\/><\/a><\/div><\/div><\/div><div class=\"swiper-slide\"><div class=\"fusion-carousel-item-wrapper\"><div class=\"fusion-image-wrapper hover-type-none\"><a data-rel=\"iLightbox[image_carousel_1]\" href=\"http:\/\/www.acomeambiente.org\/wp-content\/uploads\/sites\/2\/2016\/02\/inaugurazione_40.jpg\" target=\"_self\"><img decoding=\"async\" src=\"http:\/\/www.acomeambiente.org\/wp-content\/uploads\/sites\/2\/2016\/02\/inaugurazione_40.jpg\" alt=\"\"\/><\/a><\/div><\/div><\/div><div class=\"swiper-slide\"><div class=\"fusion-carousel-item-wrapper\"><div class=\"fusion-image-wrapper hover-type-none\"><a data-rel=\"iLightbox[image_carousel_1]\" href=\"http:\/\/www.acomeambiente.org\/wp-content\/uploads\/sites\/2\/2016\/02\/inaugurazione_43.jpg\" target=\"_self\"><img decoding=\"async\" src=\"http:\/\/www.acomeambiente.org\/wp-content\/uploads\/sites\/2\/2016\/02\/inaugurazione_43.jpg\" alt=\"\"\/><\/a><\/div><\/div><\/div><div class=\"swiper-slide\"><div class=\"fusion-carousel-item-wrapper\"><div class=\"fusion-image-wrapper hover-type-none\"><a data-rel=\"iLightbox[image_carousel_1]\" href=\"http:\/\/www.acomeambiente.org\/wp-content\/uploads\/sites\/2\/2016\/02\/inaugurazione_45.jpg\" target=\"_self\"><img decoding=\"async\" src=\"http:\/\/www.acomeambiente.org\/wp-content\/uploads\/sites\/2\/2016\/02\/inaugurazione_45.jpg\" alt=\"\"\/><\/a><\/div><\/div><\/div><div class=\"swiper-slide\"><div class=\"fusion-carousel-item-wrapper\"><div class=\"fusion-image-wrapper hover-type-none\"><a data-rel=\"iLightbox[image_carousel_1]\" href=\"http:\/\/www.acomeambiente.org\/wp-content\/uploads\/sites\/2\/2016\/02\/inaugurazione_48.jpg\" target=\"_self\"><img decoding=\"async\" src=\"http:\/\/www.acomeambiente.org\/wp-content\/uploads\/sites\/2\/2016\/02\/inaugurazione_48.jpg\" alt=\"\"\/><\/a><\/div><\/div><\/div><div class=\"swiper-slide\"><div class=\"fusion-carousel-item-wrapper\"><div class=\"fusion-image-wrapper hover-type-none\"><a data-rel=\"iLightbox[image_carousel_1]\" href=\"http:\/\/www.acomeambiente.org\/wp-content\/uploads\/sites\/2\/2016\/02\/inaugurazione_50.jpg\" target=\"_self\"><img decoding=\"async\" src=\"http:\/\/www.acomeambiente.org\/wp-content\/uploads\/sites\/2\/2016\/02\/inaugurazione_50.jpg\" alt=\"\"\/><\/a><\/div><\/div><\/div><div class=\"swiper-slide\"><div class=\"fusion-carousel-item-wrapper\"><div class=\"fusion-image-wrapper hover-type-none\"><a data-rel=\"iLightbox[image_carousel_1]\" href=\"http:\/\/www.acomeambiente.org\/wp-content\/uploads\/sites\/2\/2016\/02\/inaugurazione_54.jpg\" target=\"_self\"><img decoding=\"async\" src=\"http:\/\/www.acomeambiente.org\/wp-content\/uploads\/sites\/2\/2016\/02\/inaugurazione_54.jpg\" alt=\"\"\/><\/a><\/div><\/div><\/div><div class=\"swiper-slide\"><div class=\"fusion-carousel-item-wrapper\"><div class=\"fusion-image-wrapper hover-type-none\"><a data-rel=\"iLightbox[image_carousel_1]\" href=\"http:\/\/www.acomeambiente.org\/wp-content\/uploads\/sites\/2\/2016\/02\/inaugurazione_55.jpg\" target=\"_self\"><img decoding=\"async\" src=\"http:\/\/www.acomeambiente.org\/wp-content\/uploads\/sites\/2\/2016\/02\/inaugurazione_55.jpg\" alt=\"\"\/><\/a><\/div><\/div><\/div><div class=\"swiper-slide\"><div class=\"fusion-carousel-item-wrapper\"><div class=\"fusion-image-wrapper hover-type-none\"><a data-rel=\"iLightbox[image_carousel_1]\" href=\"http:\/\/www.acomeambiente.org\/wp-content\/uploads\/sites\/2\/2016\/02\/inaugurazione_58.jpg\" target=\"_self\"><img decoding=\"async\" src=\"http:\/\/www.acomeambiente.org\/wp-content\/uploads\/sites\/2\/2016\/02\/inaugurazione_58.jpg\" alt=\"\"\/><\/a><\/div><\/div><\/div><div class=\"swiper-slide\"><div class=\"fusion-carousel-item-wrapper\"><div class=\"fusion-image-wrapper hover-type-none\"><a data-rel=\"iLightbox[image_carousel_1]\" href=\"http:\/\/www.acomeambiente.org\/wp-content\/uploads\/sites\/2\/2016\/02\/inaugurazione_62.jpg\" target=\"_self\"><img decoding=\"async\" src=\"http:\/\/www.acomeambiente.org\/wp-content\/uploads\/sites\/2\/2016\/02\/inaugurazione_62.jpg\" alt=\"\"\/><\/a><\/div><\/div><\/div><div class=\"swiper-slide\"><div class=\"fusion-carousel-item-wrapper\"><div class=\"fusion-image-wrapper hover-type-none\"><a data-rel=\"iLightbox[image_carousel_1]\" href=\"http:\/\/www.acomeambiente.org\/wp-content\/uploads\/sites\/2\/2016\/02\/inaugurazione_63.jpg\" target=\"_self\"><img decoding=\"async\" src=\"http:\/\/www.acomeambiente.org\/wp-content\/uploads\/sites\/2\/2016\/02\/inaugurazione_63.jpg\" alt=\"\"\/><\/a><\/div><\/div><\/div><div class=\"swiper-slide\"><div class=\"fusion-carousel-item-wrapper\"><div class=\"fusion-image-wrapper hover-type-none\"><a data-rel=\"iLightbox[image_carousel_1]\" href=\"http:\/\/www.acomeambiente.org\/wp-content\/uploads\/sites\/2\/2016\/02\/inaugurazione_65.jpg\" target=\"_self\"><img decoding=\"async\" src=\"http:\/\/www.acomeambiente.org\/wp-content\/uploads\/sites\/2\/2016\/02\/inaugurazione_65.jpg\" alt=\"\"\/><\/a><\/div><\/div><\/div><div class=\"swiper-slide\"><div class=\"fusion-carousel-item-wrapper\"><div class=\"fusion-image-wrapper hover-type-none\"><a data-rel=\"iLightbox[image_carousel_1]\" href=\"http:\/\/www.acomeambiente.org\/wp-content\/uploads\/sites\/2\/2016\/02\/inaugurazione_66.jpg\" target=\"_self\"><img decoding=\"async\" src=\"http:\/\/www.acomeambiente.org\/wp-content\/uploads\/sites\/2\/2016\/02\/inaugurazione_66.jpg\" alt=\"\"\/><\/a><\/div><\/div><\/div><div class=\"swiper-slide\"><div class=\"fusion-carousel-item-wrapper\"><div class=\"fusion-image-wrapper hover-type-none\"><a data-rel=\"iLightbox[image_carousel_1]\" href=\"http:\/\/www.acomeambiente.org\/wp-content\/uploads\/sites\/2\/2016\/02\/inaugurazione_67.jpg\" target=\"_self\"><img decoding=\"async\" src=\"http:\/\/www.acomeambiente.org\/wp-content\/uploads\/sites\/2\/2016\/02\/inaugurazione_67.jpg\" alt=\"\"\/><\/a><\/div><\/div><\/div><div class=\"swiper-slide\"><div class=\"fusion-carousel-item-wrapper\"><div class=\"fusion-image-wrapper hover-type-none\"><a data-rel=\"iLightbox[image_carousel_1]\" href=\"http:\/\/www.acomeambiente.org\/wp-content\/uploads\/sites\/2\/2016\/02\/inaugurazione_74.jpg\" target=\"_self\"><img decoding=\"async\" src=\"http:\/\/www.acomeambiente.org\/wp-content\/uploads\/sites\/2\/2016\/02\/inaugurazione_74.jpg\" alt=\"\"\/><\/a><\/div><\/div><\/div><div class=\"swiper-slide\"><div class=\"fusion-carousel-item-wrapper\"><div class=\"fusion-image-wrapper hover-type-none\"><a data-rel=\"iLightbox[image_carousel_1]\" href=\"http:\/\/www.acomeambiente.org\/wp-content\/uploads\/sites\/2\/2016\/02\/inaugurazione_77.jpg\" target=\"_self\"><img decoding=\"async\" src=\"http:\/\/www.acomeambiente.org\/wp-content\/uploads\/sites\/2\/2016\/02\/inaugurazione_77.jpg\" alt=\"\"\/><\/a><\/div><\/div><\/div><div class=\"swiper-slide\"><div class=\"fusion-carousel-item-wrapper\"><div class=\"fusion-image-wrapper hover-type-none\"><a data-rel=\"iLightbox[image_carousel_1]\" href=\"http:\/\/www.acomeambiente.org\/wp-content\/uploads\/sites\/2\/2016\/02\/inaugurazione_78.jpg\" target=\"_self\"><img decoding=\"async\" src=\"http:\/\/www.acomeambiente.org\/wp-content\/uploads\/sites\/2\/2016\/02\/inaugurazione_78.jpg\" alt=\"\"\/><\/a><\/div><\/div><\/div><div class=\"swiper-slide\"><div class=\"fusion-carousel-item-wrapper\"><div class=\"fusion-image-wrapper hover-type-none\"><a data-rel=\"iLightbox[image_carousel_1]\" href=\"http:\/\/www.acomeambiente.org\/wp-content\/uploads\/sites\/2\/2016\/02\/inaugurazione_80.jpg\" target=\"_self\"><img decoding=\"async\" src=\"http:\/\/www.acomeambiente.org\/wp-content\/uploads\/sites\/2\/2016\/02\/inaugurazione_80.jpg\" alt=\"\"\/><\/a><\/div><\/div><\/div><div class=\"swiper-slide\"><div class=\"fusion-carousel-item-wrapper\"><div class=\"fusion-image-wrapper hover-type-none\"><a data-rel=\"iLightbox[image_carousel_1]\" href=\"http:\/\/www.acomeambiente.org\/wp-content\/uploads\/sites\/2\/2016\/02\/inaugurazione_84.jpg\" target=\"_self\"><img decoding=\"async\" src=\"http:\/\/www.acomeambiente.org\/wp-content\/uploads\/sites\/2\/2016\/02\/inaugurazione_84.jpg\" alt=\"\"\/><\/a><\/div><\/div><\/div><div class=\"swiper-slide\"><div class=\"fusion-carousel-item-wrapper\"><div class=\"fusion-image-wrapper hover-type-none\"><a data-rel=\"iLightbox[image_carousel_1]\" href=\"http:\/\/www.acomeambiente.org\/wp-content\/uploads\/sites\/2\/2016\/02\/inaugurazione_88.jpg\" target=\"_self\"><img decoding=\"async\" src=\"http:\/\/www.acomeambiente.org\/wp-content\/uploads\/sites\/2\/2016\/02\/inaugurazione_88.jpg\" alt=\"\"\/><\/a><\/div><\/div><\/div><div class=\"swiper-slide\"><div class=\"fusion-carousel-item-wrapper\"><div class=\"fusion-image-wrapper hover-type-none\"><a data-rel=\"iLightbox[image_carousel_1]\" href=\"http:\/\/www.acomeambiente.org\/wp-content\/uploads\/sites\/2\/2016\/02\/inaugurazione_89.jpg\" target=\"_self\"><img decoding=\"async\" src=\"http:\/\/www.acomeambiente.org\/wp-content\/uploads\/sites\/2\/2016\/02\/inaugurazione_89.jpg\" alt=\"\"\/><\/a><\/div><\/div><\/div><div class=\"swiper-slide\"><div class=\"fusion-carousel-item-wrapper\"><div class=\"fusion-image-wrapper hover-type-none\"><a data-rel=\"iLightbox[image_carousel_1]\" href=\"http:\/\/www.acomeambiente.org\/wp-content\/uploads\/sites\/2\/2016\/02\/inaugurazione_90.jpg\" target=\"_self\"><img decoding=\"async\" src=\"http:\/\/www.acomeambiente.org\/wp-content\/uploads\/sites\/2\/2016\/02\/inaugurazione_90.jpg\" alt=\"\"\/><\/a><\/div><\/div><\/div><div class=\"swiper-slide\"><div class=\"fusion-carousel-item-wrapper\"><div class=\"fusion-image-wrapper hover-type-none\"><a data-rel=\"iLightbox[image_carousel_1]\" href=\"http:\/\/www.acomeambiente.org\/wp-content\/uploads\/sites\/2\/2016\/02\/inaugurazione_91.jpg\" target=\"_self\"><img decoding=\"async\" src=\"http:\/\/www.acomeambiente.org\/wp-content\/uploads\/sites\/2\/2016\/02\/inaugurazione_91.jpg\" alt=\"\"\/><\/a><\/div><\/div><\/div><div class=\"swiper-slide\"><div class=\"fusion-carousel-item-wrapper\"><div class=\"fusion-image-wrapper hover-type-none\"><a data-rel=\"iLightbox[image_carousel_1]\" href=\"http:\/\/www.acomeambiente.org\/wp-content\/uploads\/sites\/2\/2016\/02\/inaugurazione_93.jpg\" target=\"_self\"><img decoding=\"async\" src=\"http:\/\/www.acomeambiente.org\/wp-content\/uploads\/sites\/2\/2016\/02\/inaugurazione_93.jpg\" alt=\"\"\/><\/a><\/div><\/div><\/div><div class=\"swiper-slide\"><div class=\"fusion-carousel-item-wrapper\"><div class=\"fusion-image-wrapper hover-type-none\"><a data-rel=\"iLightbox[image_carousel_1]\" href=\"http:\/\/www.acomeambiente.org\/wp-content\/uploads\/sites\/2\/2016\/02\/inaugurazione_94.jpg\" target=\"_self\"><img decoding=\"async\" src=\"http:\/\/www.acomeambiente.org\/wp-content\/uploads\/sites\/2\/2016\/02\/inaugurazione_94.jpg\" alt=\"\"\/><\/a><\/div><\/div><\/div><\/div><div class=\"awb-swiper-button awb-swiper-button-prev\"><i class=\"awb-icon-angle-left\" aria-hidden=\"true\"><\/i><\/div><div class=\"awb-swiper-button awb-swiper-button-next\"><i class=\"awb-icon-angle-right\" aria-hidden=\"true\"><\/i><\/div><\/div><\/div><div class=\"fusion-clearfix\"><\/div><\/div><\/div><\/div><\/div>\n","protected":false},"excerpt":{"rendered":"<p>16 febbraio 2016, Torino <\/p>\n","protected":false},"author":2,"featured_media":2631,"comment_status":"closed","ping_status":"open","sticky":false,"template":"","format":"standard","meta":{"footnotes":""},"categories":[7],"tags":[339,44,372,337,19,80,9,23,340,228,79,341,12],"class_list":["post-2630","post","type-post","status-publish","format-standard","has-post-thumbnail","hentry","category-evenements","tag-agostino-re-rebaudengo","tag-ambiente","tag-galleria-fotografica","tag-inaugurazione","tag-maca","tag-museo","tag-museo-a-come-ambiente","tag-news","tag-paolo-legato","tag-percorsi-espositivi","tag-piero-fassino","tag-riallestimento","tag-torino"],"yoast_head":"<!-- This site is optimized with the Yoast SEO plugin v26.9 - https:\/\/yoast.com\/product\/yoast-seo-wordpress\/ -->\n<title>16 febbraio 2016, inaugurazione dei nuovi spazi espositivi del MAcA - Fr - MAcA - Museo A come Ambiente<\/title>\n<meta name=\"robots\" content=\"index, follow, max-snippet:-1, max-image-preview:large, max-video-preview:-1\" \/>\n<link rel=\"canonical\" href=\"https:\/\/www.acomeambiente.org\/fr\/blog\/2016\/02\/09\/save-the-date-il-maca-inaugura-i-nuovi-percorsi-espositivi\/\" \/>\n<meta property=\"og:locale\" content=\"fr_FR\" \/>\n<meta property=\"og:type\" content=\"article\" \/>\n<meta property=\"og:title\" content=\"16 febbraio 2016, inaugurazione dei nuovi spazi espositivi del MAcA - Fr - MAcA - Museo A come Ambiente\" \/>\n<meta property=\"og:description\" content=\"16 febbraio 2016, Torino\" \/>\n<meta property=\"og:url\" content=\"https:\/\/www.acomeambiente.org\/fr\/blog\/2016\/02\/09\/save-the-date-il-maca-inaugura-i-nuovi-percorsi-espositivi\/\" \/>\n<meta property=\"og:site_name\" content=\"Fr - MAcA - Museo A come Ambiente\" \/>\n<meta property=\"article:published_time\" content=\"2016-02-09T07:39:43+00:00\" \/>\n<meta property=\"article:modified_time\" content=\"2017-04-11T08:38:39+00:00\" \/>\n<meta property=\"og:image\" content=\"https:\/\/www.acomeambiente.org\/fr\/wp-content\/uploads\/sites\/2\/2016\/02\/IMG-20160126-WA0029.jpg\" \/>\n\t<meta property=\"og:image:width\" content=\"500\" \/>\n\t<meta property=\"og:image:height\" content=\"375\" \/>\n\t<meta property=\"og:image:type\" content=\"image\/jpeg\" \/>\n<meta name=\"author\" content=\"maca\" \/>\n<meta name=\"twitter:card\" content=\"summary_large_image\" \/>\n<meta name=\"twitter:label1\" content=\"\u00c9crit par\" \/>\n\t<meta name=\"twitter:data1\" content=\"maca\" \/>\n\t<meta name=\"twitter:label2\" content=\"Dur\u00e9e de lecture estim\u00e9e\" \/>\n\t<meta name=\"twitter:data2\" content=\"5 minutes\" \/>\n<script type=\"application\/ld+json\" class=\"yoast-schema-graph\">{\"@context\":\"https:\/\/schema.org\",\"@graph\":[{\"@type\":\"Article\",\"@id\":\"https:\/\/www.acomeambiente.org\/fr\/blog\/2016\/02\/09\/save-the-date-il-maca-inaugura-i-nuovi-percorsi-espositivi\/#article\",\"isPartOf\":{\"@id\":\"https:\/\/www.acomeambiente.org\/fr\/blog\/2016\/02\/09\/save-the-date-il-maca-inaugura-i-nuovi-percorsi-espositivi\/\"},\"author\":{\"name\":\"maca\",\"@id\":\"https:\/\/www.acomeambiente.org\/fr\/#\/schema\/person\/abb5b373fd10c6152f3ba6effe4922a8\"},\"headline\":\"16 febbraio 2016, inaugurazione dei nuovi spazi espositivi del MAcA\",\"datePublished\":\"2016-02-09T07:39:43+00:00\",\"dateModified\":\"2017-04-11T08:38:39+00:00\",\"mainEntityOfPage\":{\"@id\":\"https:\/\/www.acomeambiente.org\/fr\/blog\/2016\/02\/09\/save-the-date-il-maca-inaugura-i-nuovi-percorsi-espositivi\/\"},\"wordCount\":1106,\"image\":{\"@id\":\"https:\/\/www.acomeambiente.org\/fr\/blog\/2016\/02\/09\/save-the-date-il-maca-inaugura-i-nuovi-percorsi-espositivi\/#primaryimage\"},\"thumbnailUrl\":\"https:\/\/www.acomeambiente.org\/fr\/wp-content\/uploads\/sites\/2\/2016\/02\/IMG-20160126-WA0029.jpg\",\"keywords\":[\"Agostino Re Rebaudengo\",\"ambiente\",\"galleria fotografica\",\"Inaugurazione\",\"MAcA\",\"Museo\",\"Museo A come Ambiente\",\"news\",\"Paolo Legato\",\"percorsi espositivi\",\"Piero Fassino\",\"riallestimento\",\"Torino\"],\"articleSection\":[\"\u00c9v\u00e9nements\"],\"inLanguage\":\"fr-FR\"},{\"@type\":\"WebPage\",\"@id\":\"https:\/\/www.acomeambiente.org\/fr\/blog\/2016\/02\/09\/save-the-date-il-maca-inaugura-i-nuovi-percorsi-espositivi\/\",\"url\":\"https:\/\/www.acomeambiente.org\/fr\/blog\/2016\/02\/09\/save-the-date-il-maca-inaugura-i-nuovi-percorsi-espositivi\/\",\"name\":\"16 febbraio 2016, inaugurazione dei nuovi spazi espositivi del MAcA - Fr - MAcA - Museo A come Ambiente\",\"isPartOf\":{\"@id\":\"https:\/\/www.acomeambiente.org\/fr\/#website\"},\"primaryImageOfPage\":{\"@id\":\"https:\/\/www.acomeambiente.org\/fr\/blog\/2016\/02\/09\/save-the-date-il-maca-inaugura-i-nuovi-percorsi-espositivi\/#primaryimage\"},\"image\":{\"@id\":\"https:\/\/www.acomeambiente.org\/fr\/blog\/2016\/02\/09\/save-the-date-il-maca-inaugura-i-nuovi-percorsi-espositivi\/#primaryimage\"},\"thumbnailUrl\":\"https:\/\/www.acomeambiente.org\/fr\/wp-content\/uploads\/sites\/2\/2016\/02\/IMG-20160126-WA0029.jpg\",\"datePublished\":\"2016-02-09T07:39:43+00:00\",\"dateModified\":\"2017-04-11T08:38:39+00:00\",\"author\":{\"@id\":\"https:\/\/www.acomeambiente.org\/fr\/#\/schema\/person\/abb5b373fd10c6152f3ba6effe4922a8\"},\"breadcrumb\":{\"@id\":\"https:\/\/www.acomeambiente.org\/fr\/blog\/2016\/02\/09\/save-the-date-il-maca-inaugura-i-nuovi-percorsi-espositivi\/#breadcrumb\"},\"inLanguage\":\"fr-FR\",\"potentialAction\":[{\"@type\":\"ReadAction\",\"target\":[\"https:\/\/www.acomeambiente.org\/fr\/blog\/2016\/02\/09\/save-the-date-il-maca-inaugura-i-nuovi-percorsi-espositivi\/\"]}]},{\"@type\":\"ImageObject\",\"inLanguage\":\"fr-FR\",\"@id\":\"https:\/\/www.acomeambiente.org\/fr\/blog\/2016\/02\/09\/save-the-date-il-maca-inaugura-i-nuovi-percorsi-espositivi\/#primaryimage\",\"url\":\"https:\/\/www.acomeambiente.org\/fr\/wp-content\/uploads\/sites\/2\/2016\/02\/IMG-20160126-WA0029.jpg\",\"contentUrl\":\"https:\/\/www.acomeambiente.org\/fr\/wp-content\/uploads\/sites\/2\/2016\/02\/IMG-20160126-WA0029.jpg\",\"width\":500,\"height\":375},{\"@type\":\"BreadcrumbList\",\"@id\":\"https:\/\/www.acomeambiente.org\/fr\/blog\/2016\/02\/09\/save-the-date-il-maca-inaugura-i-nuovi-percorsi-espositivi\/#breadcrumb\",\"itemListElement\":[{\"@type\":\"ListItem\",\"position\":1,\"name\":\"Home\",\"item\":\"https:\/\/www.acomeambiente.org\/fr\/\"},{\"@type\":\"ListItem\",\"position\":2,\"name\":\"16 febbraio 2016, inaugurazione dei nuovi spazi espositivi del MAcA\"}]},{\"@type\":\"WebSite\",\"@id\":\"https:\/\/www.acomeambiente.org\/fr\/#website\",\"url\":\"https:\/\/www.acomeambiente.org\/fr\/\",\"name\":\"Fr - MAcA - Museo A come Ambiente\",\"description\":\"Passa al MAcA, costruiamo insieme un mondo pi\u00f9 sostenibile\",\"potentialAction\":[{\"@type\":\"SearchAction\",\"target\":{\"@type\":\"EntryPoint\",\"urlTemplate\":\"https:\/\/www.acomeambiente.org\/fr\/?s={search_term_string}\"},\"query-input\":{\"@type\":\"PropertyValueSpecification\",\"valueRequired\":true,\"valueName\":\"search_term_string\"}}],\"inLanguage\":\"fr-FR\"},{\"@type\":\"Person\",\"@id\":\"https:\/\/www.acomeambiente.org\/fr\/#\/schema\/person\/abb5b373fd10c6152f3ba6effe4922a8\",\"name\":\"maca\",\"image\":{\"@type\":\"ImageObject\",\"inLanguage\":\"fr-FR\",\"@id\":\"https:\/\/www.acomeambiente.org\/fr\/#\/schema\/person\/image\/\",\"url\":\"https:\/\/secure.gravatar.com\/avatar\/638ecfb6ae252284df22625e08c27812f9102da6030194ee85189eda9b903f6a?s=96&d=mm&r=g\",\"contentUrl\":\"https:\/\/secure.gravatar.com\/avatar\/638ecfb6ae252284df22625e08c27812f9102da6030194ee85189eda9b903f6a?s=96&d=mm&r=g\",\"caption\":\"maca\"},\"url\":\"https:\/\/www.acomeambiente.org\/fr\/blog\/author\/maca\/\"}]}<\/script>\n<!-- \/ Yoast SEO plugin. -->","yoast_head_json":{"title":"16 febbraio 2016, inaugurazione dei nuovi spazi espositivi del MAcA - Fr - MAcA - Museo A come Ambiente","robots":{"index":"index","follow":"follow","max-snippet":"max-snippet:-1","max-image-preview":"max-image-preview:large","max-video-preview":"max-video-preview:-1"},"canonical":"https:\/\/www.acomeambiente.org\/fr\/blog\/2016\/02\/09\/save-the-date-il-maca-inaugura-i-nuovi-percorsi-espositivi\/","og_locale":"fr_FR","og_type":"article","og_title":"16 febbraio 2016, inaugurazione dei nuovi spazi espositivi del MAcA - Fr - MAcA - Museo A come Ambiente","og_description":"16 febbraio 2016, Torino","og_url":"https:\/\/www.acomeambiente.org\/fr\/blog\/2016\/02\/09\/save-the-date-il-maca-inaugura-i-nuovi-percorsi-espositivi\/","og_site_name":"Fr - MAcA - Museo A come Ambiente","article_published_time":"2016-02-09T07:39:43+00:00","article_modified_time":"2017-04-11T08:38:39+00:00","og_image":[{"width":500,"height":375,"url":"https:\/\/www.acomeambiente.org\/fr\/wp-content\/uploads\/sites\/2\/2016\/02\/IMG-20160126-WA0029.jpg","type":"image\/jpeg"}],"author":"maca","twitter_card":"summary_large_image","twitter_misc":{"\u00c9crit par":"maca","Dur\u00e9e de lecture estim\u00e9e":"5 minutes"},"schema":{"@context":"https:\/\/schema.org","@graph":[{"@type":"Article","@id":"https:\/\/www.acomeambiente.org\/fr\/blog\/2016\/02\/09\/save-the-date-il-maca-inaugura-i-nuovi-percorsi-espositivi\/#article","isPartOf":{"@id":"https:\/\/www.acomeambiente.org\/fr\/blog\/2016\/02\/09\/save-the-date-il-maca-inaugura-i-nuovi-percorsi-espositivi\/"},"author":{"name":"maca","@id":"https:\/\/www.acomeambiente.org\/fr\/#\/schema\/person\/abb5b373fd10c6152f3ba6effe4922a8"},"headline":"16 febbraio 2016, inaugurazione dei nuovi spazi espositivi del MAcA","datePublished":"2016-02-09T07:39:43+00:00","dateModified":"2017-04-11T08:38:39+00:00","mainEntityOfPage":{"@id":"https:\/\/www.acomeambiente.org\/fr\/blog\/2016\/02\/09\/save-the-date-il-maca-inaugura-i-nuovi-percorsi-espositivi\/"},"wordCount":1106,"image":{"@id":"https:\/\/www.acomeambiente.org\/fr\/blog\/2016\/02\/09\/save-the-date-il-maca-inaugura-i-nuovi-percorsi-espositivi\/#primaryimage"},"thumbnailUrl":"https:\/\/www.acomeambiente.org\/fr\/wp-content\/uploads\/sites\/2\/2016\/02\/IMG-20160126-WA0029.jpg","keywords":["Agostino Re Rebaudengo","ambiente","galleria fotografica","Inaugurazione","MAcA","Museo","Museo A come Ambiente","news","Paolo Legato","percorsi espositivi","Piero Fassino","riallestimento","Torino"],"articleSection":["\u00c9v\u00e9nements"],"inLanguage":"fr-FR"},{"@type":"WebPage","@id":"https:\/\/www.acomeambiente.org\/fr\/blog\/2016\/02\/09\/save-the-date-il-maca-inaugura-i-nuovi-percorsi-espositivi\/","url":"https:\/\/www.acomeambiente.org\/fr\/blog\/2016\/02\/09\/save-the-date-il-maca-inaugura-i-nuovi-percorsi-espositivi\/","name":"16 febbraio 2016, inaugurazione dei nuovi spazi espositivi del MAcA - Fr - MAcA - Museo A come Ambiente","isPartOf":{"@id":"https:\/\/www.acomeambiente.org\/fr\/#website"},"primaryImageOfPage":{"@id":"https:\/\/www.acomeambiente.org\/fr\/blog\/2016\/02\/09\/save-the-date-il-maca-inaugura-i-nuovi-percorsi-espositivi\/#primaryimage"},"image":{"@id":"https:\/\/www.acomeambiente.org\/fr\/blog\/2016\/02\/09\/save-the-date-il-maca-inaugura-i-nuovi-percorsi-espositivi\/#primaryimage"},"thumbnailUrl":"https:\/\/www.acomeambiente.org\/fr\/wp-content\/uploads\/sites\/2\/2016\/02\/IMG-20160126-WA0029.jpg","datePublished":"2016-02-09T07:39:43+00:00","dateModified":"2017-04-11T08:38:39+00:00","author":{"@id":"https:\/\/www.acomeambiente.org\/fr\/#\/schema\/person\/abb5b373fd10c6152f3ba6effe4922a8"},"breadcrumb":{"@id":"https:\/\/www.acomeambiente.org\/fr\/blog\/2016\/02\/09\/save-the-date-il-maca-inaugura-i-nuovi-percorsi-espositivi\/#breadcrumb"},"inLanguage":"fr-FR","potentialAction":[{"@type":"ReadAction","target":["https:\/\/www.acomeambiente.org\/fr\/blog\/2016\/02\/09\/save-the-date-il-maca-inaugura-i-nuovi-percorsi-espositivi\/"]}]},{"@type":"ImageObject","inLanguage":"fr-FR","@id":"https:\/\/www.acomeambiente.org\/fr\/blog\/2016\/02\/09\/save-the-date-il-maca-inaugura-i-nuovi-percorsi-espositivi\/#primaryimage","url":"https:\/\/www.acomeambiente.org\/fr\/wp-content\/uploads\/sites\/2\/2016\/02\/IMG-20160126-WA0029.jpg","contentUrl":"https:\/\/www.acomeambiente.org\/fr\/wp-content\/uploads\/sites\/2\/2016\/02\/IMG-20160126-WA0029.jpg","width":500,"height":375},{"@type":"BreadcrumbList","@id":"https:\/\/www.acomeambiente.org\/fr\/blog\/2016\/02\/09\/save-the-date-il-maca-inaugura-i-nuovi-percorsi-espositivi\/#breadcrumb","itemListElement":[{"@type":"ListItem","position":1,"name":"Home","item":"https:\/\/www.acomeambiente.org\/fr\/"},{"@type":"ListItem","position":2,"name":"16 febbraio 2016, inaugurazione dei nuovi spazi espositivi del MAcA"}]},{"@type":"WebSite","@id":"https:\/\/www.acomeambiente.org\/fr\/#website","url":"https:\/\/www.acomeambiente.org\/fr\/","name":"Fr - MAcA - Museo A come Ambiente","description":"Passa al MAcA, costruiamo insieme un mondo pi\u00f9 sostenibile","potentialAction":[{"@type":"SearchAction","target":{"@type":"EntryPoint","urlTemplate":"https:\/\/www.acomeambiente.org\/fr\/?s={search_term_string}"},"query-input":{"@type":"PropertyValueSpecification","valueRequired":true,"valueName":"search_term_string"}}],"inLanguage":"fr-FR"},{"@type":"Person","@id":"https:\/\/www.acomeambiente.org\/fr\/#\/schema\/person\/abb5b373fd10c6152f3ba6effe4922a8","name":"maca","image":{"@type":"ImageObject","inLanguage":"fr-FR","@id":"https:\/\/www.acomeambiente.org\/fr\/#\/schema\/person\/image\/","url":"https:\/\/secure.gravatar.com\/avatar\/638ecfb6ae252284df22625e08c27812f9102da6030194ee85189eda9b903f6a?s=96&d=mm&r=g","contentUrl":"https:\/\/secure.gravatar.com\/avatar\/638ecfb6ae252284df22625e08c27812f9102da6030194ee85189eda9b903f6a?s=96&d=mm&r=g","caption":"maca"},"url":"https:\/\/www.acomeambiente.org\/fr\/blog\/author\/maca\/"}]}},"_links":{"self":[{"href":"https:\/\/www.acomeambiente.org\/fr\/wp-json\/wp\/v2\/posts\/2630","targetHints":{"allow":["GET"]}}],"collection":[{"href":"https:\/\/www.acomeambiente.org\/fr\/wp-json\/wp\/v2\/posts"}],"about":[{"href":"https:\/\/www.acomeambiente.org\/fr\/wp-json\/wp\/v2\/types\/post"}],"author":[{"embeddable":true,"href":"https:\/\/www.acomeambiente.org\/fr\/wp-json\/wp\/v2\/users\/2"}],"replies":[{"embeddable":true,"href":"https:\/\/www.acomeambiente.org\/fr\/wp-json\/wp\/v2\/comments?post=2630"}],"version-history":[{"count":26,"href":"https:\/\/www.acomeambiente.org\/fr\/wp-json\/wp\/v2\/posts\/2630\/revisions"}],"predecessor-version":[{"id":4445,"href":"https:\/\/www.acomeambiente.org\/fr\/wp-json\/wp\/v2\/posts\/2630\/revisions\/4445"}],"wp:featuredmedia":[{"embeddable":true,"href":"https:\/\/www.acomeambiente.org\/fr\/wp-json\/wp\/v2\/media\/2631"}],"wp:attachment":[{"href":"https:\/\/www.acomeambiente.org\/fr\/wp-json\/wp\/v2\/media?parent=2630"}],"wp:term":[{"taxonomy":"category","embeddable":true,"href":"https:\/\/www.acomeambiente.org\/fr\/wp-json\/wp\/v2\/categories?post=2630"},{"taxonomy":"post_tag","embeddable":true,"href":"https:\/\/www.acomeambiente.org\/fr\/wp-json\/wp\/v2\/tags?post=2630"}],"curies":[{"name":"wp","href":"https:\/\/api.w.org\/{rel}","templated":true}]}}