{"id":2308,"date":"2015-12-05T07:26:00","date_gmt":"2015-12-05T07:26:00","guid":{"rendered":"http:\/\/www.acomeambiente.org\/fr\/?p=2308"},"modified":"2017-04-11T08:38:40","modified_gmt":"2017-04-11T08:38:40","slug":"una-solida-base-per-la-vita-torna-la-giornata-mondiale-del-suolo","status":"publish","type":"post","link":"https:\/\/www.acomeambiente.org\/fr\/blog\/2015\/12\/05\/una-solida-base-per-la-vita-torna-la-giornata-mondiale-del-suolo\/","title":{"rendered":"Una solida base per la vita, torna la Giornata Mondiale del Suolo"},"content":{"rendered":"<h1 class=\"entry-title\" style=\"text-align: justify;\">Una solida base per la vita, torna la Giornata Mondiale del Suolo<\/h1>\n<p><a href=\"http:\/\/www.acomeambiente.org\/wp-content\/uploads\/sites\/2\/2015\/11\/logosuolo1.jpg\"><img decoding=\"async\" class=\"alignnone size-full wp-image-2310\" src=\"http:\/\/www.acomeambiente.org\/wp-content\/uploads\/sites\/2\/2015\/11\/logosuolo1.jpg\" alt=\"logosuolo1\" width=\"599\" height=\"297\" srcset=\"https:\/\/www.acomeambiente.org\/fr\/wp-content\/uploads\/sites\/2\/2015\/11\/logosuolo1-300x149.jpg 300w, https:\/\/www.acomeambiente.org\/fr\/wp-content\/uploads\/sites\/2\/2015\/11\/logosuolo1.jpg 599w\" sizes=\"(max-width: 599px) 100vw, 599px\" \/><\/a><\/p>\n<p>Torna anche quest\u2019anno l\u2019appuntamento con la <a href=\"http:\/\/www.fao.org\/globalsoilpartnership\/world-soil-day\/en\/\" target=\"_blank\"><strong>Giornata Mondiale del Suolo<\/strong><\/a>, manifestazione promossa dalla <a href=\"http:\/\/www.fao.org\/home\/en\/\" target=\"_blank\"><strong>FAO<\/strong><\/a> . Sar\u00e0 un\u2019edizione speciale, poich\u00e9 coincider\u00e0 con l\u2019<a href=\"http:\/\/www.fao.org\/soils-2015\/en\/\" target=\"_blank\"><strong>Anno Internazionale del Suolo<\/strong><\/a>, istituito dalle <a href=\"http:\/\/www.un.org\/\" target=\"_blank\"><strong>Nazioni Unite<\/strong><\/a>.<\/p>\n<p>Oltre alla consueta data del <strong>5 dicembre<\/strong>, quest\u2019anno sono in programma eventi importanti anche nella giornata del 4, in cui la manifestazione prender\u00e0 il via da Roma, sede della FAO, per proseguire con <a href=\"http:\/\/www.fao.org\/globalsoilpartnership\/world-soil-day\/events\/en\/\" target=\"_blank\"><strong>azioni<\/strong><\/a> e incontri per riflettere sul ruolo fondamentale che il suolo svolge per la vita di tutti noi.<\/p>\n<p>L\u2019evento ha lo scopo di coinvolgere i cittadini nella scoperta di una risorsa cruciale per il nostro pianeta, come ricorda lo slogan \u201c<strong><em>Soils a solid ground for life<\/em><\/strong>\u201d(<em>Suoli, una solida base per la vita<\/em>). Una ricchezza troppo spesso invisibile e trascurata, ma che rende possibile la nostra stessa esistenza.<\/p>\n<p>Culla di migliaia di specie che regolano i cicli nutritivi e i flussi energetici tra atmosfera, acque sotterranee e vegetazione, il suolo \u00e8 determinante anche per la produzione dei nostri alimenti. \u00c8 attraverso il suolo che l\u2019acqua viene filtrata e trattenuta, e che il carbonio viene immagazzinato.<\/p>\n<p>In esso \u00e8 racchiuso il segreto della nostra sopravvivenza, processi imprescindibili per la vita e la biodiversit\u00e0 del nostro pianeta.<\/p>\n<p>Ci\u00f2 che accade al di sotto del suolo merita dunque la stessa attenzione di ci\u00f2 che accade al di sopra. Preservare e riabilitare i nostri suoli, migliorare il nostro terreno grazie a concrete politiche di sviluppo, significa agire per mantenere in vita il nostro ambiente e le specie che vi abitano.<\/p>\n<p>Acqua, cibo, ossigeno ed energia dipendono dal nostro suolo, e dunque tocca a noi prenderci cura di esso e valorizzarlo in quanto risorsa chiave per il nostro futuro.<\/p>\n<p>&nbsp;<\/p>\n","protected":false},"excerpt":{"rendered":"<p>Una solida base per la vita, torna la Giornata Mondiale del Suolo Torna anche quest\u2019anno l\u2019appuntamento con la Giornata Mondiale del Suolo, manifestazione promossa dalla FAO . Sar\u00e0 un\u2019edizione speciale,  [&#8230;]<\/p>\n","protected":false},"author":2,"featured_media":2310,"comment_status":"closed","ping_status":"open","sticky":false,"template":"","format":"standard","meta":{"footnotes":""},"categories":[61],"tags":[44,299,202,297,101,23,300,298],"class_list":["post-2308","post","type-post","status-publish","format-standard","has-post-thumbnail","hentry","category-news","tag-ambiente","tag-anno-internazionale-del-suolo","tag-fao","tag-giornata-mondiale-del-suolo","tag-nazioni-unite","tag-news","tag-soils-a-solid-ground-for-life","tag-suolo"],"yoast_head":"<!-- This site is optimized with the Yoast SEO plugin v26.9 - https:\/\/yoast.com\/product\/yoast-seo-wordpress\/ -->\n<title>Una solida base per la vita, torna la Giornata Mondiale del Suolo - Fr - MAcA - Museo A come Ambiente<\/title>\n<meta name=\"robots\" content=\"index, follow, max-snippet:-1, max-image-preview:large, max-video-preview:-1\" \/>\n<link rel=\"canonical\" href=\"https:\/\/www.acomeambiente.org\/fr\/blog\/2015\/12\/05\/una-solida-base-per-la-vita-torna-la-giornata-mondiale-del-suolo\/\" \/>\n<meta property=\"og:locale\" content=\"fr_FR\" \/>\n<meta property=\"og:type\" content=\"article\" \/>\n<meta property=\"og:title\" content=\"Una solida base per la vita, torna la Giornata Mondiale del Suolo - Fr - MAcA - Museo A come Ambiente\" \/>\n<meta property=\"og:description\" content=\"Una solida base per la vita, torna la Giornata Mondiale del Suolo Torna anche quest\u2019anno l\u2019appuntamento con la Giornata Mondiale del Suolo, manifestazione promossa dalla FAO . Sar\u00e0 un\u2019edizione speciale, [...]\" \/>\n<meta property=\"og:url\" content=\"https:\/\/www.acomeambiente.org\/fr\/blog\/2015\/12\/05\/una-solida-base-per-la-vita-torna-la-giornata-mondiale-del-suolo\/\" \/>\n<meta property=\"og:site_name\" content=\"Fr - MAcA - Museo A come Ambiente\" \/>\n<meta property=\"article:published_time\" content=\"2015-12-05T07:26:00+00:00\" \/>\n<meta property=\"article:modified_time\" content=\"2017-04-11T08:38:40+00:00\" \/>\n<meta property=\"og:image\" content=\"https:\/\/www.acomeambiente.org\/fr\/wp-content\/uploads\/sites\/2\/2015\/11\/logosuolo1.jpg\" \/>\n\t<meta property=\"og:image:width\" content=\"599\" \/>\n\t<meta property=\"og:image:height\" content=\"297\" \/>\n\t<meta property=\"og:image:type\" content=\"image\/jpeg\" \/>\n<meta name=\"author\" content=\"maca\" \/>\n<meta name=\"twitter:card\" content=\"summary_large_image\" \/>\n<meta name=\"twitter:label1\" content=\"\u00c9crit par\" \/>\n\t<meta name=\"twitter:data1\" content=\"maca\" \/>\n\t<meta name=\"twitter:label2\" content=\"Dur\u00e9e de lecture estim\u00e9e\" \/>\n\t<meta name=\"twitter:data2\" content=\"1 minute\" \/>\n<script type=\"application\/ld+json\" class=\"yoast-schema-graph\">{\"@context\":\"https:\/\/schema.org\",\"@graph\":[{\"@type\":\"Article\",\"@id\":\"https:\/\/www.acomeambiente.org\/fr\/blog\/2015\/12\/05\/una-solida-base-per-la-vita-torna-la-giornata-mondiale-del-suolo\/#article\",\"isPartOf\":{\"@id\":\"https:\/\/www.acomeambiente.org\/fr\/blog\/2015\/12\/05\/una-solida-base-per-la-vita-torna-la-giornata-mondiale-del-suolo\/\"},\"author\":{\"name\":\"maca\",\"@id\":\"https:\/\/www.acomeambiente.org\/fr\/#\/schema\/person\/abb5b373fd10c6152f3ba6effe4922a8\"},\"headline\":\"Una solida base per la vita, torna la Giornata Mondiale del Suolo\",\"datePublished\":\"2015-12-05T07:26:00+00:00\",\"dateModified\":\"2017-04-11T08:38:40+00:00\",\"mainEntityOfPage\":{\"@id\":\"https:\/\/www.acomeambiente.org\/fr\/blog\/2015\/12\/05\/una-solida-base-per-la-vita-torna-la-giornata-mondiale-del-suolo\/\"},\"wordCount\":302,\"image\":{\"@id\":\"https:\/\/www.acomeambiente.org\/fr\/blog\/2015\/12\/05\/una-solida-base-per-la-vita-torna-la-giornata-mondiale-del-suolo\/#primaryimage\"},\"thumbnailUrl\":\"https:\/\/www.acomeambiente.org\/fr\/wp-content\/uploads\/sites\/2\/2015\/11\/logosuolo1.jpg\",\"keywords\":[\"ambiente\",\"Anno Internazionale del Suolo\",\"FAO\",\"Giornata Mondiale del Suolo\",\"Nazioni Unite\",\"news\",\"Soils a solid ground for life.\",\"suolo\"],\"articleSection\":[\"News\"],\"inLanguage\":\"fr-FR\"},{\"@type\":\"WebPage\",\"@id\":\"https:\/\/www.acomeambiente.org\/fr\/blog\/2015\/12\/05\/una-solida-base-per-la-vita-torna-la-giornata-mondiale-del-suolo\/\",\"url\":\"https:\/\/www.acomeambiente.org\/fr\/blog\/2015\/12\/05\/una-solida-base-per-la-vita-torna-la-giornata-mondiale-del-suolo\/\",\"name\":\"Una solida base per la vita, torna la Giornata Mondiale del Suolo - Fr - MAcA - Museo A come Ambiente\",\"isPartOf\":{\"@id\":\"https:\/\/www.acomeambiente.org\/fr\/#website\"},\"primaryImageOfPage\":{\"@id\":\"https:\/\/www.acomeambiente.org\/fr\/blog\/2015\/12\/05\/una-solida-base-per-la-vita-torna-la-giornata-mondiale-del-suolo\/#primaryimage\"},\"image\":{\"@id\":\"https:\/\/www.acomeambiente.org\/fr\/blog\/2015\/12\/05\/una-solida-base-per-la-vita-torna-la-giornata-mondiale-del-suolo\/#primaryimage\"},\"thumbnailUrl\":\"https:\/\/www.acomeambiente.org\/fr\/wp-content\/uploads\/sites\/2\/2015\/11\/logosuolo1.jpg\",\"datePublished\":\"2015-12-05T07:26:00+00:00\",\"dateModified\":\"2017-04-11T08:38:40+00:00\",\"author\":{\"@id\":\"https:\/\/www.acomeambiente.org\/fr\/#\/schema\/person\/abb5b373fd10c6152f3ba6effe4922a8\"},\"breadcrumb\":{\"@id\":\"https:\/\/www.acomeambiente.org\/fr\/blog\/2015\/12\/05\/una-solida-base-per-la-vita-torna-la-giornata-mondiale-del-suolo\/#breadcrumb\"},\"inLanguage\":\"fr-FR\",\"potentialAction\":[{\"@type\":\"ReadAction\",\"target\":[\"https:\/\/www.acomeambiente.org\/fr\/blog\/2015\/12\/05\/una-solida-base-per-la-vita-torna-la-giornata-mondiale-del-suolo\/\"]}]},{\"@type\":\"ImageObject\",\"inLanguage\":\"fr-FR\",\"@id\":\"https:\/\/www.acomeambiente.org\/fr\/blog\/2015\/12\/05\/una-solida-base-per-la-vita-torna-la-giornata-mondiale-del-suolo\/#primaryimage\",\"url\":\"https:\/\/www.acomeambiente.org\/fr\/wp-content\/uploads\/sites\/2\/2015\/11\/logosuolo1.jpg\",\"contentUrl\":\"https:\/\/www.acomeambiente.org\/fr\/wp-content\/uploads\/sites\/2\/2015\/11\/logosuolo1.jpg\",\"width\":599,\"height\":297},{\"@type\":\"BreadcrumbList\",\"@id\":\"https:\/\/www.acomeambiente.org\/fr\/blog\/2015\/12\/05\/una-solida-base-per-la-vita-torna-la-giornata-mondiale-del-suolo\/#breadcrumb\",\"itemListElement\":[{\"@type\":\"ListItem\",\"position\":1,\"name\":\"Home\",\"item\":\"https:\/\/www.acomeambiente.org\/fr\/\"},{\"@type\":\"ListItem\",\"position\":2,\"name\":\"Una solida base per la vita, torna la Giornata Mondiale del Suolo\"}]},{\"@type\":\"WebSite\",\"@id\":\"https:\/\/www.acomeambiente.org\/fr\/#website\",\"url\":\"https:\/\/www.acomeambiente.org\/fr\/\",\"name\":\"Fr - MAcA - Museo A come Ambiente\",\"description\":\"Passa al MAcA, costruiamo insieme un mondo pi\u00f9 sostenibile\",\"potentialAction\":[{\"@type\":\"SearchAction\",\"target\":{\"@type\":\"EntryPoint\",\"urlTemplate\":\"https:\/\/www.acomeambiente.org\/fr\/?s={search_term_string}\"},\"query-input\":{\"@type\":\"PropertyValueSpecification\",\"valueRequired\":true,\"valueName\":\"search_term_string\"}}],\"inLanguage\":\"fr-FR\"},{\"@type\":\"Person\",\"@id\":\"https:\/\/www.acomeambiente.org\/fr\/#\/schema\/person\/abb5b373fd10c6152f3ba6effe4922a8\",\"name\":\"maca\",\"image\":{\"@type\":\"ImageObject\",\"inLanguage\":\"fr-FR\",\"@id\":\"https:\/\/www.acomeambiente.org\/fr\/#\/schema\/person\/image\/\",\"url\":\"https:\/\/secure.gravatar.com\/avatar\/638ecfb6ae252284df22625e08c27812f9102da6030194ee85189eda9b903f6a?s=96&d=mm&r=g\",\"contentUrl\":\"https:\/\/secure.gravatar.com\/avatar\/638ecfb6ae252284df22625e08c27812f9102da6030194ee85189eda9b903f6a?s=96&d=mm&r=g\",\"caption\":\"maca\"},\"url\":\"https:\/\/www.acomeambiente.org\/fr\/blog\/author\/maca\/\"}]}<\/script>\n<!-- \/ Yoast SEO plugin. -->","yoast_head_json":{"title":"Una solida base per la vita, torna la Giornata Mondiale del Suolo - Fr - MAcA - Museo A come Ambiente","robots":{"index":"index","follow":"follow","max-snippet":"max-snippet:-1","max-image-preview":"max-image-preview:large","max-video-preview":"max-video-preview:-1"},"canonical":"https:\/\/www.acomeambiente.org\/fr\/blog\/2015\/12\/05\/una-solida-base-per-la-vita-torna-la-giornata-mondiale-del-suolo\/","og_locale":"fr_FR","og_type":"article","og_title":"Una solida base per la vita, torna la Giornata Mondiale del Suolo - Fr - MAcA - Museo A come Ambiente","og_description":"Una solida base per la vita, torna la Giornata Mondiale del Suolo Torna anche quest\u2019anno l\u2019appuntamento con la Giornata Mondiale del Suolo, manifestazione promossa dalla FAO . Sar\u00e0 un\u2019edizione speciale, [...]","og_url":"https:\/\/www.acomeambiente.org\/fr\/blog\/2015\/12\/05\/una-solida-base-per-la-vita-torna-la-giornata-mondiale-del-suolo\/","og_site_name":"Fr - MAcA - Museo A come Ambiente","article_published_time":"2015-12-05T07:26:00+00:00","article_modified_time":"2017-04-11T08:38:40+00:00","og_image":[{"width":599,"height":297,"url":"https:\/\/www.acomeambiente.org\/fr\/wp-content\/uploads\/sites\/2\/2015\/11\/logosuolo1.jpg","type":"image\/jpeg"}],"author":"maca","twitter_card":"summary_large_image","twitter_misc":{"\u00c9crit par":"maca","Dur\u00e9e de lecture estim\u00e9e":"1 minute"},"schema":{"@context":"https:\/\/schema.org","@graph":[{"@type":"Article","@id":"https:\/\/www.acomeambiente.org\/fr\/blog\/2015\/12\/05\/una-solida-base-per-la-vita-torna-la-giornata-mondiale-del-suolo\/#article","isPartOf":{"@id":"https:\/\/www.acomeambiente.org\/fr\/blog\/2015\/12\/05\/una-solida-base-per-la-vita-torna-la-giornata-mondiale-del-suolo\/"},"author":{"name":"maca","@id":"https:\/\/www.acomeambiente.org\/fr\/#\/schema\/person\/abb5b373fd10c6152f3ba6effe4922a8"},"headline":"Una solida base per la vita, torna la Giornata Mondiale del Suolo","datePublished":"2015-12-05T07:26:00+00:00","dateModified":"2017-04-11T08:38:40+00:00","mainEntityOfPage":{"@id":"https:\/\/www.acomeambiente.org\/fr\/blog\/2015\/12\/05\/una-solida-base-per-la-vita-torna-la-giornata-mondiale-del-suolo\/"},"wordCount":302,"image":{"@id":"https:\/\/www.acomeambiente.org\/fr\/blog\/2015\/12\/05\/una-solida-base-per-la-vita-torna-la-giornata-mondiale-del-suolo\/#primaryimage"},"thumbnailUrl":"https:\/\/www.acomeambiente.org\/fr\/wp-content\/uploads\/sites\/2\/2015\/11\/logosuolo1.jpg","keywords":["ambiente","Anno Internazionale del Suolo","FAO","Giornata Mondiale del Suolo","Nazioni Unite","news","Soils a solid ground for life.","suolo"],"articleSection":["News"],"inLanguage":"fr-FR"},{"@type":"WebPage","@id":"https:\/\/www.acomeambiente.org\/fr\/blog\/2015\/12\/05\/una-solida-base-per-la-vita-torna-la-giornata-mondiale-del-suolo\/","url":"https:\/\/www.acomeambiente.org\/fr\/blog\/2015\/12\/05\/una-solida-base-per-la-vita-torna-la-giornata-mondiale-del-suolo\/","name":"Una solida base per la vita, torna la Giornata Mondiale del Suolo - Fr - MAcA - Museo A come Ambiente","isPartOf":{"@id":"https:\/\/www.acomeambiente.org\/fr\/#website"},"primaryImageOfPage":{"@id":"https:\/\/www.acomeambiente.org\/fr\/blog\/2015\/12\/05\/una-solida-base-per-la-vita-torna-la-giornata-mondiale-del-suolo\/#primaryimage"},"image":{"@id":"https:\/\/www.acomeambiente.org\/fr\/blog\/2015\/12\/05\/una-solida-base-per-la-vita-torna-la-giornata-mondiale-del-suolo\/#primaryimage"},"thumbnailUrl":"https:\/\/www.acomeambiente.org\/fr\/wp-content\/uploads\/sites\/2\/2015\/11\/logosuolo1.jpg","datePublished":"2015-12-05T07:26:00+00:00","dateModified":"2017-04-11T08:38:40+00:00","author":{"@id":"https:\/\/www.acomeambiente.org\/fr\/#\/schema\/person\/abb5b373fd10c6152f3ba6effe4922a8"},"breadcrumb":{"@id":"https:\/\/www.acomeambiente.org\/fr\/blog\/2015\/12\/05\/una-solida-base-per-la-vita-torna-la-giornata-mondiale-del-suolo\/#breadcrumb"},"inLanguage":"fr-FR","potentialAction":[{"@type":"ReadAction","target":["https:\/\/www.acomeambiente.org\/fr\/blog\/2015\/12\/05\/una-solida-base-per-la-vita-torna-la-giornata-mondiale-del-suolo\/"]}]},{"@type":"ImageObject","inLanguage":"fr-FR","@id":"https:\/\/www.acomeambiente.org\/fr\/blog\/2015\/12\/05\/una-solida-base-per-la-vita-torna-la-giornata-mondiale-del-suolo\/#primaryimage","url":"https:\/\/www.acomeambiente.org\/fr\/wp-content\/uploads\/sites\/2\/2015\/11\/logosuolo1.jpg","contentUrl":"https:\/\/www.acomeambiente.org\/fr\/wp-content\/uploads\/sites\/2\/2015\/11\/logosuolo1.jpg","width":599,"height":297},{"@type":"BreadcrumbList","@id":"https:\/\/www.acomeambiente.org\/fr\/blog\/2015\/12\/05\/una-solida-base-per-la-vita-torna-la-giornata-mondiale-del-suolo\/#breadcrumb","itemListElement":[{"@type":"ListItem","position":1,"name":"Home","item":"https:\/\/www.acomeambiente.org\/fr\/"},{"@type":"ListItem","position":2,"name":"Una solida base per la vita, torna la Giornata Mondiale del Suolo"}]},{"@type":"WebSite","@id":"https:\/\/www.acomeambiente.org\/fr\/#website","url":"https:\/\/www.acomeambiente.org\/fr\/","name":"Fr - MAcA - Museo A come Ambiente","description":"Passa al MAcA, costruiamo insieme un mondo pi\u00f9 sostenibile","potentialAction":[{"@type":"SearchAction","target":{"@type":"EntryPoint","urlTemplate":"https:\/\/www.acomeambiente.org\/fr\/?s={search_term_string}"},"query-input":{"@type":"PropertyValueSpecification","valueRequired":true,"valueName":"search_term_string"}}],"inLanguage":"fr-FR"},{"@type":"Person","@id":"https:\/\/www.acomeambiente.org\/fr\/#\/schema\/person\/abb5b373fd10c6152f3ba6effe4922a8","name":"maca","image":{"@type":"ImageObject","inLanguage":"fr-FR","@id":"https:\/\/www.acomeambiente.org\/fr\/#\/schema\/person\/image\/","url":"https:\/\/secure.gravatar.com\/avatar\/638ecfb6ae252284df22625e08c27812f9102da6030194ee85189eda9b903f6a?s=96&d=mm&r=g","contentUrl":"https:\/\/secure.gravatar.com\/avatar\/638ecfb6ae252284df22625e08c27812f9102da6030194ee85189eda9b903f6a?s=96&d=mm&r=g","caption":"maca"},"url":"https:\/\/www.acomeambiente.org\/fr\/blog\/author\/maca\/"}]}},"_links":{"self":[{"href":"https:\/\/www.acomeambiente.org\/fr\/wp-json\/wp\/v2\/posts\/2308","targetHints":{"allow":["GET"]}}],"collection":[{"href":"https:\/\/www.acomeambiente.org\/fr\/wp-json\/wp\/v2\/posts"}],"about":[{"href":"https:\/\/www.acomeambiente.org\/fr\/wp-json\/wp\/v2\/types\/post"}],"author":[{"embeddable":true,"href":"https:\/\/www.acomeambiente.org\/fr\/wp-json\/wp\/v2\/users\/2"}],"replies":[{"embeddable":true,"href":"https:\/\/www.acomeambiente.org\/fr\/wp-json\/wp\/v2\/comments?post=2308"}],"version-history":[{"count":1,"href":"https:\/\/www.acomeambiente.org\/fr\/wp-json\/wp\/v2\/posts\/2308\/revisions"}],"predecessor-version":[{"id":2311,"href":"https:\/\/www.acomeambiente.org\/fr\/wp-json\/wp\/v2\/posts\/2308\/revisions\/2311"}],"wp:featuredmedia":[{"embeddable":true,"href":"https:\/\/www.acomeambiente.org\/fr\/wp-json\/wp\/v2\/media\/2310"}],"wp:attachment":[{"href":"https:\/\/www.acomeambiente.org\/fr\/wp-json\/wp\/v2\/media?parent=2308"}],"wp:term":[{"taxonomy":"category","embeddable":true,"href":"https:\/\/www.acomeambiente.org\/fr\/wp-json\/wp\/v2\/categories?post=2308"},{"taxonomy":"post_tag","embeddable":true,"href":"https:\/\/www.acomeambiente.org\/fr\/wp-json\/wp\/v2\/tags?post=2308"}],"curies":[{"name":"wp","href":"https:\/\/api.w.org\/{rel}","templated":true}]}}