{"id":2296,"date":"2015-11-25T12:45:11","date_gmt":"2015-11-25T12:45:11","guid":{"rendered":"http:\/\/www.acomeambiente.org\/fr\/?p=2296"},"modified":"2017-04-11T08:38:40","modified_gmt":"2017-04-11T08:38:40","slug":"giornata-internazionale-per-leliminazione-della-violenza-sulle-donne","status":"publish","type":"post","link":"https:\/\/www.acomeambiente.org\/fr\/blog\/2015\/11\/25\/giornata-internazionale-per-leliminazione-della-violenza-sulle-donne\/","title":{"rendered":"Giornata internazionale per l&rsquo;eliminazione della violenza sulle donne"},"content":{"rendered":"<h1 class=\"entry-title\" style=\"text-align: justify;\">Giornata internazionale per l&rsquo;eliminazione della violenza sulle donne<\/h1>\n<div class=\"fusion-fullwidth fullwidth-box fusion-builder-row-1 hundred-percent-fullwidth non-hundred-percent-height-scrolling\" style=\"--awb-border-radius-top-left:0px;--awb-border-radius-top-right:0px;--awb-border-radius-bottom-right:0px;--awb-border-radius-bottom-left:0px;--awb-overflow:visible;--awb-flex-wrap:wrap;\" ><div class=\"fusion-builder-row fusion-row\"><div class=\"fusion-layout-column fusion_builder_column fusion-builder-column-0 fusion_builder_column_1_1 1_1 fusion-one-full fusion-column-first fusion-column-last fusion-column-no-min-height\" style=\"--awb-bg-size:cover;--awb-margin-bottom:0px;\"><div class=\"fusion-column-wrapper fusion-flex-column-wrapper-legacy\"><div id=\"attachment_2299\" style=\"width: 571px\" class=\"wp-caption alignnone\"><a href=\"http:\/\/www.acomeambiente.org\/wp-content\/uploads\/sites\/2\/2015\/11\/v.png\"><img decoding=\"async\" aria-describedby=\"caption-attachment-2299\" class=\" wp-image-2299\" src=\"http:\/\/www.acomeambiente.org\/wp-content\/uploads\/sites\/2\/2015\/11\/v.png\" alt=\"Foto di Paolo Siccardi \" width=\"561\" height=\"372\" srcset=\"https:\/\/www.acomeambiente.org\/fr\/wp-content\/uploads\/sites\/2\/2015\/11\/v-300x199.png 300w, https:\/\/www.acomeambiente.org\/fr\/wp-content\/uploads\/sites\/2\/2015\/11\/v-600x398.png 600w, https:\/\/www.acomeambiente.org\/fr\/wp-content\/uploads\/sites\/2\/2015\/11\/v.png 649w\" sizes=\"(max-width: 561px) 100vw, 561px\" \/><\/a><p id=\"caption-attachment-2299\" class=\"wp-caption-text\">Foto di Paolo Siccardi<\/p><\/div>\n<p>Come ogni<strong> 25 novembre<\/strong>, ricorre la <strong>Giornata internazionale per l&rsquo;eliminazione della violenza contro le donne<\/strong>.<br \/>\nAnche il <em>Museo A come Ambiente<\/em>\u00a0aderisce a sostegno dell&rsquo;evento, contro ogni forma di violenza nei confronti delle donne, invitando a diffondere ulteriormente e\u00a0a combattere in ogni modo possibile questa drammatica\u00a0piaga della nostra societ\u00e0, purtroppo anche molto diffusa.<\/p>\n<p>Anche semplici gesti possono fare la differenza\u00a0e permettere a moltissime donne di uscire dal vortice della violenza e della paura. Chiedere aiuto non sempre \u00e8 facile, ma possibile. Ecco alcuni numeri utili.<\/p>\n<p><strong>112<\/strong> e <strong>113<\/strong>, per rivolgersi alle <strong>Forze dell&rsquo;Ordine<\/strong>.<br \/>\n<strong>1522<\/strong>, il numero telefonico <strong>Antiviolenza Donna<\/strong>\u00a0sempre attivo e gratuito.<br \/>\n<strong>5<\/strong> il numero in rosa di <strong>Help Donna<\/strong>, un servizio di teleassistenza gratuita su cellulare, garantito dalla Regione Piemonte, a cui potersi registrare.<\/p>\n<p>Scarica la\u00a0<strong><a href=\"http:\/\/www.acomeambiente.org\/wp-content\/uploads\/sites\/2\/2015\/11\/contro-la-violenza-_locandina.pdf\" target=\"_blank\">locandina<\/a><\/strong>\u00a0della Consulta delle Elette del Piemonte\u00a0in formato pdf.<div class=\"fusion-clearfix\"><\/div><\/div><\/div><\/div><\/div>\n","protected":false},"excerpt":{"rendered":"<p>Giornata internazionale per l&rsquo;eliminazione della violenza sulle donne<\/p>\n","protected":false},"author":2,"featured_media":2299,"comment_status":"closed","ping_status":"open","sticky":false,"template":"","format":"standard","meta":{"footnotes":""},"categories":[61],"tags":[296,293,292,291,199,294,295],"class_list":["post-2296","post","type-post","status-publish","format-standard","has-post-thumbnail","hentry","category-news","tag-25-novembre","tag-aiuto","tag-donne","tag-giornata-internazionale-per-leliminazione-della-violenza-contro-le-donne","tag-prevenzione","tag-sostegno","tag-violenza-sulle-donne"],"yoast_head":"<!-- This site is optimized with the Yoast SEO plugin v26.9 - https:\/\/yoast.com\/product\/yoast-seo-wordpress\/ -->\n<title>Giornata internazionale per l&#039;eliminazione della violenza sulle donne<\/title>\n<meta name=\"description\" content=\"Il Museo A come Ambiente contro la violenza sulle donne. Ecco i numeri utili per chiedere aiuto e intervenire in caso di violenza.\" \/>\n<meta name=\"robots\" content=\"index, follow, max-snippet:-1, max-image-preview:large, max-video-preview:-1\" \/>\n<link rel=\"canonical\" href=\"https:\/\/www.acomeambiente.org\/fr\/blog\/2015\/11\/25\/giornata-internazionale-per-leliminazione-della-violenza-sulle-donne\/\" \/>\n<meta property=\"og:locale\" content=\"fr_FR\" \/>\n<meta property=\"og:type\" content=\"article\" \/>\n<meta property=\"og:title\" content=\"Giornata internazionale per l&#039;eliminazione della violenza sulle donne\" \/>\n<meta property=\"og:description\" content=\"Il Museo A come Ambiente contro la violenza sulle donne. Ecco i numeri utili per chiedere aiuto e intervenire in caso di violenza.\" \/>\n<meta property=\"og:url\" content=\"https:\/\/www.acomeambiente.org\/fr\/blog\/2015\/11\/25\/giornata-internazionale-per-leliminazione-della-violenza-sulle-donne\/\" \/>\n<meta property=\"og:site_name\" content=\"Fr - MAcA - Museo A come Ambiente\" \/>\n<meta property=\"article:published_time\" content=\"2015-11-25T12:45:11+00:00\" \/>\n<meta property=\"article:modified_time\" content=\"2017-04-11T08:38:40+00:00\" \/>\n<meta property=\"og:image\" content=\"https:\/\/www.acomeambiente.org\/fr\/wp-content\/uploads\/sites\/2\/2015\/11\/v.png\" \/>\n\t<meta property=\"og:image:width\" content=\"649\" \/>\n\t<meta property=\"og:image:height\" content=\"430\" \/>\n\t<meta property=\"og:image:type\" content=\"image\/png\" \/>\n<meta name=\"author\" content=\"maca\" \/>\n<meta name=\"twitter:card\" content=\"summary_large_image\" \/>\n<meta name=\"twitter:label1\" content=\"\u00c9crit par\" \/>\n\t<meta name=\"twitter:data1\" content=\"maca\" \/>\n\t<meta name=\"twitter:label2\" content=\"Dur\u00e9e de lecture estim\u00e9e\" \/>\n\t<meta name=\"twitter:data2\" content=\"1 minute\" \/>\n<script type=\"application\/ld+json\" class=\"yoast-schema-graph\">{\"@context\":\"https:\/\/schema.org\",\"@graph\":[{\"@type\":\"Article\",\"@id\":\"https:\/\/www.acomeambiente.org\/fr\/blog\/2015\/11\/25\/giornata-internazionale-per-leliminazione-della-violenza-sulle-donne\/#article\",\"isPartOf\":{\"@id\":\"https:\/\/www.acomeambiente.org\/fr\/blog\/2015\/11\/25\/giornata-internazionale-per-leliminazione-della-violenza-sulle-donne\/\"},\"author\":{\"name\":\"maca\",\"@id\":\"https:\/\/www.acomeambiente.org\/fr\/#\/schema\/person\/abb5b373fd10c6152f3ba6effe4922a8\"},\"headline\":\"Giornata internazionale per l&rsquo;eliminazione della violenza sulle donne\",\"datePublished\":\"2015-11-25T12:45:11+00:00\",\"dateModified\":\"2017-04-11T08:38:40+00:00\",\"mainEntityOfPage\":{\"@id\":\"https:\/\/www.acomeambiente.org\/fr\/blog\/2015\/11\/25\/giornata-internazionale-per-leliminazione-della-violenza-sulle-donne\/\"},\"wordCount\":237,\"image\":{\"@id\":\"https:\/\/www.acomeambiente.org\/fr\/blog\/2015\/11\/25\/giornata-internazionale-per-leliminazione-della-violenza-sulle-donne\/#primaryimage\"},\"thumbnailUrl\":\"https:\/\/www.acomeambiente.org\/fr\/wp-content\/uploads\/sites\/2\/2015\/11\/v.png\",\"keywords\":[\"25 novembre\",\"aiuto\",\"donne\",\"Giornata internazionale per l'eliminazione della violenza contro le donne\",\"prevenzione\",\"sostegno\",\"violenza sulle donne\"],\"articleSection\":[\"News\"],\"inLanguage\":\"fr-FR\"},{\"@type\":\"WebPage\",\"@id\":\"https:\/\/www.acomeambiente.org\/fr\/blog\/2015\/11\/25\/giornata-internazionale-per-leliminazione-della-violenza-sulle-donne\/\",\"url\":\"https:\/\/www.acomeambiente.org\/fr\/blog\/2015\/11\/25\/giornata-internazionale-per-leliminazione-della-violenza-sulle-donne\/\",\"name\":\"Giornata internazionale per l'eliminazione della violenza sulle donne\",\"isPartOf\":{\"@id\":\"https:\/\/www.acomeambiente.org\/fr\/#website\"},\"primaryImageOfPage\":{\"@id\":\"https:\/\/www.acomeambiente.org\/fr\/blog\/2015\/11\/25\/giornata-internazionale-per-leliminazione-della-violenza-sulle-donne\/#primaryimage\"},\"image\":{\"@id\":\"https:\/\/www.acomeambiente.org\/fr\/blog\/2015\/11\/25\/giornata-internazionale-per-leliminazione-della-violenza-sulle-donne\/#primaryimage\"},\"thumbnailUrl\":\"https:\/\/www.acomeambiente.org\/fr\/wp-content\/uploads\/sites\/2\/2015\/11\/v.png\",\"datePublished\":\"2015-11-25T12:45:11+00:00\",\"dateModified\":\"2017-04-11T08:38:40+00:00\",\"author\":{\"@id\":\"https:\/\/www.acomeambiente.org\/fr\/#\/schema\/person\/abb5b373fd10c6152f3ba6effe4922a8\"},\"description\":\"Il Museo A come Ambiente contro la violenza sulle donne. Ecco i numeri utili per chiedere aiuto e intervenire in caso di violenza.\",\"breadcrumb\":{\"@id\":\"https:\/\/www.acomeambiente.org\/fr\/blog\/2015\/11\/25\/giornata-internazionale-per-leliminazione-della-violenza-sulle-donne\/#breadcrumb\"},\"inLanguage\":\"fr-FR\",\"potentialAction\":[{\"@type\":\"ReadAction\",\"target\":[\"https:\/\/www.acomeambiente.org\/fr\/blog\/2015\/11\/25\/giornata-internazionale-per-leliminazione-della-violenza-sulle-donne\/\"]}]},{\"@type\":\"ImageObject\",\"inLanguage\":\"fr-FR\",\"@id\":\"https:\/\/www.acomeambiente.org\/fr\/blog\/2015\/11\/25\/giornata-internazionale-per-leliminazione-della-violenza-sulle-donne\/#primaryimage\",\"url\":\"https:\/\/www.acomeambiente.org\/fr\/wp-content\/uploads\/sites\/2\/2015\/11\/v.png\",\"contentUrl\":\"https:\/\/www.acomeambiente.org\/fr\/wp-content\/uploads\/sites\/2\/2015\/11\/v.png\",\"width\":649,\"height\":430,\"caption\":\"Foto di Paolo Siccardi\"},{\"@type\":\"BreadcrumbList\",\"@id\":\"https:\/\/www.acomeambiente.org\/fr\/blog\/2015\/11\/25\/giornata-internazionale-per-leliminazione-della-violenza-sulle-donne\/#breadcrumb\",\"itemListElement\":[{\"@type\":\"ListItem\",\"position\":1,\"name\":\"Home\",\"item\":\"https:\/\/www.acomeambiente.org\/fr\/\"},{\"@type\":\"ListItem\",\"position\":2,\"name\":\"Giornata internazionale per l&rsquo;eliminazione della violenza sulle donne\"}]},{\"@type\":\"WebSite\",\"@id\":\"https:\/\/www.acomeambiente.org\/fr\/#website\",\"url\":\"https:\/\/www.acomeambiente.org\/fr\/\",\"name\":\"Fr - MAcA - Museo A come Ambiente\",\"description\":\"Passa al MAcA, costruiamo insieme un mondo pi\u00f9 sostenibile\",\"potentialAction\":[{\"@type\":\"SearchAction\",\"target\":{\"@type\":\"EntryPoint\",\"urlTemplate\":\"https:\/\/www.acomeambiente.org\/fr\/?s={search_term_string}\"},\"query-input\":{\"@type\":\"PropertyValueSpecification\",\"valueRequired\":true,\"valueName\":\"search_term_string\"}}],\"inLanguage\":\"fr-FR\"},{\"@type\":\"Person\",\"@id\":\"https:\/\/www.acomeambiente.org\/fr\/#\/schema\/person\/abb5b373fd10c6152f3ba6effe4922a8\",\"name\":\"maca\",\"image\":{\"@type\":\"ImageObject\",\"inLanguage\":\"fr-FR\",\"@id\":\"https:\/\/www.acomeambiente.org\/fr\/#\/schema\/person\/image\/\",\"url\":\"https:\/\/secure.gravatar.com\/avatar\/638ecfb6ae252284df22625e08c27812f9102da6030194ee85189eda9b903f6a?s=96&d=mm&r=g\",\"contentUrl\":\"https:\/\/secure.gravatar.com\/avatar\/638ecfb6ae252284df22625e08c27812f9102da6030194ee85189eda9b903f6a?s=96&d=mm&r=g\",\"caption\":\"maca\"},\"url\":\"https:\/\/www.acomeambiente.org\/fr\/blog\/author\/maca\/\"}]}<\/script>\n<!-- \/ Yoast SEO plugin. -->","yoast_head_json":{"title":"Giornata internazionale per l'eliminazione della violenza sulle donne","description":"Il Museo A come Ambiente contro la violenza sulle donne. Ecco i numeri utili per chiedere aiuto e intervenire in caso di violenza.","robots":{"index":"index","follow":"follow","max-snippet":"max-snippet:-1","max-image-preview":"max-image-preview:large","max-video-preview":"max-video-preview:-1"},"canonical":"https:\/\/www.acomeambiente.org\/fr\/blog\/2015\/11\/25\/giornata-internazionale-per-leliminazione-della-violenza-sulle-donne\/","og_locale":"fr_FR","og_type":"article","og_title":"Giornata internazionale per l'eliminazione della violenza sulle donne","og_description":"Il Museo A come Ambiente contro la violenza sulle donne. Ecco i numeri utili per chiedere aiuto e intervenire in caso di violenza.","og_url":"https:\/\/www.acomeambiente.org\/fr\/blog\/2015\/11\/25\/giornata-internazionale-per-leliminazione-della-violenza-sulle-donne\/","og_site_name":"Fr - MAcA - Museo A come Ambiente","article_published_time":"2015-11-25T12:45:11+00:00","article_modified_time":"2017-04-11T08:38:40+00:00","og_image":[{"width":649,"height":430,"url":"https:\/\/www.acomeambiente.org\/fr\/wp-content\/uploads\/sites\/2\/2015\/11\/v.png","type":"image\/png"}],"author":"maca","twitter_card":"summary_large_image","twitter_misc":{"\u00c9crit par":"maca","Dur\u00e9e de lecture estim\u00e9e":"1 minute"},"schema":{"@context":"https:\/\/schema.org","@graph":[{"@type":"Article","@id":"https:\/\/www.acomeambiente.org\/fr\/blog\/2015\/11\/25\/giornata-internazionale-per-leliminazione-della-violenza-sulle-donne\/#article","isPartOf":{"@id":"https:\/\/www.acomeambiente.org\/fr\/blog\/2015\/11\/25\/giornata-internazionale-per-leliminazione-della-violenza-sulle-donne\/"},"author":{"name":"maca","@id":"https:\/\/www.acomeambiente.org\/fr\/#\/schema\/person\/abb5b373fd10c6152f3ba6effe4922a8"},"headline":"Giornata internazionale per l&rsquo;eliminazione della violenza sulle donne","datePublished":"2015-11-25T12:45:11+00:00","dateModified":"2017-04-11T08:38:40+00:00","mainEntityOfPage":{"@id":"https:\/\/www.acomeambiente.org\/fr\/blog\/2015\/11\/25\/giornata-internazionale-per-leliminazione-della-violenza-sulle-donne\/"},"wordCount":237,"image":{"@id":"https:\/\/www.acomeambiente.org\/fr\/blog\/2015\/11\/25\/giornata-internazionale-per-leliminazione-della-violenza-sulle-donne\/#primaryimage"},"thumbnailUrl":"https:\/\/www.acomeambiente.org\/fr\/wp-content\/uploads\/sites\/2\/2015\/11\/v.png","keywords":["25 novembre","aiuto","donne","Giornata internazionale per l'eliminazione della violenza contro le donne","prevenzione","sostegno","violenza sulle donne"],"articleSection":["News"],"inLanguage":"fr-FR"},{"@type":"WebPage","@id":"https:\/\/www.acomeambiente.org\/fr\/blog\/2015\/11\/25\/giornata-internazionale-per-leliminazione-della-violenza-sulle-donne\/","url":"https:\/\/www.acomeambiente.org\/fr\/blog\/2015\/11\/25\/giornata-internazionale-per-leliminazione-della-violenza-sulle-donne\/","name":"Giornata internazionale per l'eliminazione della violenza sulle donne","isPartOf":{"@id":"https:\/\/www.acomeambiente.org\/fr\/#website"},"primaryImageOfPage":{"@id":"https:\/\/www.acomeambiente.org\/fr\/blog\/2015\/11\/25\/giornata-internazionale-per-leliminazione-della-violenza-sulle-donne\/#primaryimage"},"image":{"@id":"https:\/\/www.acomeambiente.org\/fr\/blog\/2015\/11\/25\/giornata-internazionale-per-leliminazione-della-violenza-sulle-donne\/#primaryimage"},"thumbnailUrl":"https:\/\/www.acomeambiente.org\/fr\/wp-content\/uploads\/sites\/2\/2015\/11\/v.png","datePublished":"2015-11-25T12:45:11+00:00","dateModified":"2017-04-11T08:38:40+00:00","author":{"@id":"https:\/\/www.acomeambiente.org\/fr\/#\/schema\/person\/abb5b373fd10c6152f3ba6effe4922a8"},"description":"Il Museo A come Ambiente contro la violenza sulle donne. Ecco i numeri utili per chiedere aiuto e intervenire in caso di violenza.","breadcrumb":{"@id":"https:\/\/www.acomeambiente.org\/fr\/blog\/2015\/11\/25\/giornata-internazionale-per-leliminazione-della-violenza-sulle-donne\/#breadcrumb"},"inLanguage":"fr-FR","potentialAction":[{"@type":"ReadAction","target":["https:\/\/www.acomeambiente.org\/fr\/blog\/2015\/11\/25\/giornata-internazionale-per-leliminazione-della-violenza-sulle-donne\/"]}]},{"@type":"ImageObject","inLanguage":"fr-FR","@id":"https:\/\/www.acomeambiente.org\/fr\/blog\/2015\/11\/25\/giornata-internazionale-per-leliminazione-della-violenza-sulle-donne\/#primaryimage","url":"https:\/\/www.acomeambiente.org\/fr\/wp-content\/uploads\/sites\/2\/2015\/11\/v.png","contentUrl":"https:\/\/www.acomeambiente.org\/fr\/wp-content\/uploads\/sites\/2\/2015\/11\/v.png","width":649,"height":430,"caption":"Foto di Paolo Siccardi"},{"@type":"BreadcrumbList","@id":"https:\/\/www.acomeambiente.org\/fr\/blog\/2015\/11\/25\/giornata-internazionale-per-leliminazione-della-violenza-sulle-donne\/#breadcrumb","itemListElement":[{"@type":"ListItem","position":1,"name":"Home","item":"https:\/\/www.acomeambiente.org\/fr\/"},{"@type":"ListItem","position":2,"name":"Giornata internazionale per l&rsquo;eliminazione della violenza sulle donne"}]},{"@type":"WebSite","@id":"https:\/\/www.acomeambiente.org\/fr\/#website","url":"https:\/\/www.acomeambiente.org\/fr\/","name":"Fr - MAcA - Museo A come Ambiente","description":"Passa al MAcA, costruiamo insieme un mondo pi\u00f9 sostenibile","potentialAction":[{"@type":"SearchAction","target":{"@type":"EntryPoint","urlTemplate":"https:\/\/www.acomeambiente.org\/fr\/?s={search_term_string}"},"query-input":{"@type":"PropertyValueSpecification","valueRequired":true,"valueName":"search_term_string"}}],"inLanguage":"fr-FR"},{"@type":"Person","@id":"https:\/\/www.acomeambiente.org\/fr\/#\/schema\/person\/abb5b373fd10c6152f3ba6effe4922a8","name":"maca","image":{"@type":"ImageObject","inLanguage":"fr-FR","@id":"https:\/\/www.acomeambiente.org\/fr\/#\/schema\/person\/image\/","url":"https:\/\/secure.gravatar.com\/avatar\/638ecfb6ae252284df22625e08c27812f9102da6030194ee85189eda9b903f6a?s=96&d=mm&r=g","contentUrl":"https:\/\/secure.gravatar.com\/avatar\/638ecfb6ae252284df22625e08c27812f9102da6030194ee85189eda9b903f6a?s=96&d=mm&r=g","caption":"maca"},"url":"https:\/\/www.acomeambiente.org\/fr\/blog\/author\/maca\/"}]}},"_links":{"self":[{"href":"https:\/\/www.acomeambiente.org\/fr\/wp-json\/wp\/v2\/posts\/2296","targetHints":{"allow":["GET"]}}],"collection":[{"href":"https:\/\/www.acomeambiente.org\/fr\/wp-json\/wp\/v2\/posts"}],"about":[{"href":"https:\/\/www.acomeambiente.org\/fr\/wp-json\/wp\/v2\/types\/post"}],"author":[{"embeddable":true,"href":"https:\/\/www.acomeambiente.org\/fr\/wp-json\/wp\/v2\/users\/2"}],"replies":[{"embeddable":true,"href":"https:\/\/www.acomeambiente.org\/fr\/wp-json\/wp\/v2\/comments?post=2296"}],"version-history":[{"count":6,"href":"https:\/\/www.acomeambiente.org\/fr\/wp-json\/wp\/v2\/posts\/2296\/revisions"}],"predecessor-version":[{"id":4447,"href":"https:\/\/www.acomeambiente.org\/fr\/wp-json\/wp\/v2\/posts\/2296\/revisions\/4447"}],"wp:featuredmedia":[{"embeddable":true,"href":"https:\/\/www.acomeambiente.org\/fr\/wp-json\/wp\/v2\/media\/2299"}],"wp:attachment":[{"href":"https:\/\/www.acomeambiente.org\/fr\/wp-json\/wp\/v2\/media?parent=2296"}],"wp:term":[{"taxonomy":"category","embeddable":true,"href":"https:\/\/www.acomeambiente.org\/fr\/wp-json\/wp\/v2\/categories?post=2296"},{"taxonomy":"post_tag","embeddable":true,"href":"https:\/\/www.acomeambiente.org\/fr\/wp-json\/wp\/v2\/tags?post=2296"}],"curies":[{"name":"wp","href":"https:\/\/api.w.org\/{rel}","templated":true}]}}