{"id":2272,"date":"2015-11-24T14:23:09","date_gmt":"2015-11-24T14:23:09","guid":{"rendered":"http:\/\/www.acomeambiente.org\/fr\/?p=2272"},"modified":"2017-04-11T08:38:40","modified_gmt":"2017-04-11T08:38:40","slug":"un-mandala-per-lambiente-ad-agora-la-citta-dei-bambini","status":"publish","type":"post","link":"https:\/\/www.acomeambiente.org\/fr\/blog\/2015\/11\/24\/un-mandala-per-lambiente-ad-agora-la-citta-dei-bambini\/","title":{"rendered":"Un Mandala per l\u2019Ambiente ad AGOR\u00c0, la citt\u00e0 dei bambini"},"content":{"rendered":"<h1 class=\"entry-title\" style=\"text-align: justify;\">Un Mandala per l\u2019Ambiente ad AGOR\u00c0, la citt\u00e0 dei bambini<\/h1>\n<p><a href=\"http:\/\/www.acomeambiente.org\/wp-content\/uploads\/sites\/2\/2015\/11\/12088112_416187001925669_5055933830089292039_n.jpg\"><img decoding=\"async\" class=\"alignnone wp-image-2273\" src=\"http:\/\/www.acomeambiente.org\/wp-content\/uploads\/sites\/2\/2015\/11\/12088112_416187001925669_5055933830089292039_n.jpg\" alt=\"12088112_416187001925669_5055933830089292039_n\" width=\"444\" height=\"333\" srcset=\"https:\/\/www.acomeambiente.org\/fr\/wp-content\/uploads\/sites\/2\/2015\/11\/12088112_416187001925669_5055933830089292039_n-300x225.jpg 300w, https:\/\/www.acomeambiente.org\/fr\/wp-content\/uploads\/sites\/2\/2015\/11\/12088112_416187001925669_5055933830089292039_n.jpg 320w\" sizes=\"(max-width: 444px) 100vw, 444px\" \/><\/a><\/p>\n<p>Il <em>Museo A come Ambiente<\/em> di Torino organizza il ciclo di laboratori <strong>Un Mandala per l\u2019Ambiente<\/strong>, presso <strong>AGOR\u00c0, la citt\u00e0 dei bambini, <\/strong>in piazza Castello di fronte alla Prefettura.<\/p>\n<p>I laboratori, dalla durata di un\u2019ora e mezza, si terranno da <strong>luned\u00ec 30 novembre 2015<\/strong> a <strong>venerd\u00ec 4 dicembre<\/strong>, alle ore <strong>9:00<\/strong>, <strong>11:00<\/strong> e <strong>13:30<\/strong>.<\/p>\n<p>Il <em>Museo<\/em> ripete dunque la fortunata esperienza avviata in occasione del <a href=\"http:\/\/www.cinemambiente.it\/\" target=\"_blank\"><strong><em>18\u00b0 Festival CinemAmbiente<\/em><\/strong><\/a> di Torino, ospitando le scuole e invitandole a creare insieme un mandala, simbolo di armonia nella cultura tibetana, utilizzando dei materiali di recupero.<\/p>\n<p>Ogni alunno \u00e8 invitato a portare con se creativit\u00e0, voglia di divertirsi e tanti materiali da poter riutilizzare per costruire un mandala di classe (tappi di plastica, bottigliette, cartoni per uova, imballaggi puliti e di piccole dimensioni).<\/p>\n<p>Sar\u00e0 un momento per riflettere insieme sulle tematiche ambientali da un punto di vista inedito, quello della guida di montagna <strong>Achut Gurung<\/strong> e dei <strong>Green Soldiers<\/strong>, protagonisti del film \u201c<strong>Waste Mandala<\/strong>\u201d e attivi nel sensibilizzare la popolazione sul tema della riduzione dei rifiuti.<\/p>\n<p>Aumentare la quantit\u00e0 del materiale riciclato \u00e8 possibile, ed ogni cittadino pu\u00f2 fare la sua parte.\u00a0 Tra divertimento e apprendimento, il laboratorio <em>Un Mandala per l\u2019Ambiente<\/em> punta dunque ad informare e coinvolgere il pubblico scolastico, in particolare bambine e bambini della scuola primaria, in azioni strategiche che possono fare la differenza.<\/p>\n<p>Per informazioni e prenotazioni: agoratorino2015@gmail.com Tel. 011 4322852<\/p>\n","protected":false},"excerpt":{"rendered":"<p>30 novembre &#8211; 4 dicembre 2015<br \/>\nTorino <\/p>\n","protected":false},"author":2,"featured_media":2273,"comment_status":"closed","ping_status":"open","sticky":false,"template":"","format":"standard","meta":{"footnotes":""},"categories":[7],"tags":[285,81,14,47,19,151,9,153,284,286,12,141],"class_list":["post-2272","post","type-post","status-publish","format-standard","has-post-thumbnail","hentry","category-evenements","tag-agora-la-citta-dei-bambini","tag-cinemambiente","tag-eventi","tag-laboratori","tag-maca","tag-mandala","tag-museo-a-come-ambiente","tag-piazza-castello","tag-scuole-primarie","tag-spazio-agora","tag-torino","tag-un-mandala-per-lambiente"],"yoast_head":"<!-- This site is optimized with the Yoast SEO plugin v26.9 - https:\/\/yoast.com\/product\/yoast-seo-wordpress\/ -->\n<title>Un Mandala per l\u2019Ambiente ad AGOR\u00c0, la citt\u00e0 dei bambini<\/title>\n<meta name=\"description\" content=\"Dal 30 novembre al 4 dicembre, il Museo A come Ambiente organizza il ciclo di laboratori Un Mandala per l&#039;Ambiente, presso Agor\u00e0, la citt\u00e0 dei bambini.\" \/>\n<meta name=\"robots\" content=\"index, follow, max-snippet:-1, max-image-preview:large, max-video-preview:-1\" \/>\n<link rel=\"canonical\" href=\"https:\/\/www.acomeambiente.org\/fr\/blog\/2015\/11\/24\/un-mandala-per-lambiente-ad-agora-la-citta-dei-bambini\/\" \/>\n<meta property=\"og:locale\" content=\"fr_FR\" \/>\n<meta property=\"og:type\" content=\"article\" \/>\n<meta property=\"og:title\" content=\"Un Mandala per l\u2019Ambiente ad AGOR\u00c0, la citt\u00e0 dei bambini\" \/>\n<meta property=\"og:description\" content=\"Dal 30 novembre al 4 dicembre, il Museo A come Ambiente organizza il ciclo di laboratori Un Mandala per l&#039;Ambiente, presso Agor\u00e0, la citt\u00e0 dei bambini.\" \/>\n<meta property=\"og:url\" content=\"https:\/\/www.acomeambiente.org\/fr\/blog\/2015\/11\/24\/un-mandala-per-lambiente-ad-agora-la-citta-dei-bambini\/\" \/>\n<meta property=\"og:site_name\" content=\"Fr - MAcA - Museo A come Ambiente\" \/>\n<meta property=\"article:published_time\" content=\"2015-11-24T14:23:09+00:00\" \/>\n<meta property=\"article:modified_time\" content=\"2017-04-11T08:38:40+00:00\" \/>\n<meta property=\"og:image\" content=\"https:\/\/www.acomeambiente.org\/fr\/wp-content\/uploads\/sites\/2\/2015\/11\/12088112_416187001925669_5055933830089292039_n.jpg\" \/>\n\t<meta property=\"og:image:width\" content=\"320\" \/>\n\t<meta property=\"og:image:height\" content=\"240\" \/>\n\t<meta property=\"og:image:type\" content=\"image\/jpeg\" \/>\n<meta name=\"author\" content=\"maca\" \/>\n<meta name=\"twitter:card\" content=\"summary_large_image\" \/>\n<meta name=\"twitter:label1\" content=\"\u00c9crit par\" \/>\n\t<meta name=\"twitter:data1\" content=\"maca\" \/>\n\t<meta name=\"twitter:label2\" content=\"Dur\u00e9e de lecture estim\u00e9e\" \/>\n\t<meta name=\"twitter:data2\" content=\"1 minute\" \/>\n<script type=\"application\/ld+json\" class=\"yoast-schema-graph\">{\"@context\":\"https:\/\/schema.org\",\"@graph\":[{\"@type\":\"Article\",\"@id\":\"https:\/\/www.acomeambiente.org\/fr\/blog\/2015\/11\/24\/un-mandala-per-lambiente-ad-agora-la-citta-dei-bambini\/#article\",\"isPartOf\":{\"@id\":\"https:\/\/www.acomeambiente.org\/fr\/blog\/2015\/11\/24\/un-mandala-per-lambiente-ad-agora-la-citta-dei-bambini\/\"},\"author\":{\"name\":\"maca\",\"@id\":\"https:\/\/www.acomeambiente.org\/fr\/#\/schema\/person\/abb5b373fd10c6152f3ba6effe4922a8\"},\"headline\":\"Un Mandala per l\u2019Ambiente ad AGOR\u00c0, la citt\u00e0 dei bambini\",\"datePublished\":\"2015-11-24T14:23:09+00:00\",\"dateModified\":\"2017-04-11T08:38:40+00:00\",\"mainEntityOfPage\":{\"@id\":\"https:\/\/www.acomeambiente.org\/fr\/blog\/2015\/11\/24\/un-mandala-per-lambiente-ad-agora-la-citta-dei-bambini\/\"},\"wordCount\":246,\"image\":{\"@id\":\"https:\/\/www.acomeambiente.org\/fr\/blog\/2015\/11\/24\/un-mandala-per-lambiente-ad-agora-la-citta-dei-bambini\/#primaryimage\"},\"thumbnailUrl\":\"https:\/\/www.acomeambiente.org\/fr\/wp-content\/uploads\/sites\/2\/2015\/11\/12088112_416187001925669_5055933830089292039_n.jpg\",\"keywords\":[\"Agor\u00e0 la citt\u00e0 dei bambini\",\"CinemAmbiente\",\"Eventi\",\"laboratori\",\"MAcA\",\"mandala\",\"Museo A come Ambiente\",\"Piazza Castello\",\"scuole primarie\",\"Spazio Agor\u00e0\",\"Torino\",\"Un Mandala per l'Ambiente\"],\"articleSection\":[\"\u00c9v\u00e9nements\"],\"inLanguage\":\"fr-FR\"},{\"@type\":\"WebPage\",\"@id\":\"https:\/\/www.acomeambiente.org\/fr\/blog\/2015\/11\/24\/un-mandala-per-lambiente-ad-agora-la-citta-dei-bambini\/\",\"url\":\"https:\/\/www.acomeambiente.org\/fr\/blog\/2015\/11\/24\/un-mandala-per-lambiente-ad-agora-la-citta-dei-bambini\/\",\"name\":\"Un Mandala per l\u2019Ambiente ad AGOR\u00c0, la citt\u00e0 dei bambini\",\"isPartOf\":{\"@id\":\"https:\/\/www.acomeambiente.org\/fr\/#website\"},\"primaryImageOfPage\":{\"@id\":\"https:\/\/www.acomeambiente.org\/fr\/blog\/2015\/11\/24\/un-mandala-per-lambiente-ad-agora-la-citta-dei-bambini\/#primaryimage\"},\"image\":{\"@id\":\"https:\/\/www.acomeambiente.org\/fr\/blog\/2015\/11\/24\/un-mandala-per-lambiente-ad-agora-la-citta-dei-bambini\/#primaryimage\"},\"thumbnailUrl\":\"https:\/\/www.acomeambiente.org\/fr\/wp-content\/uploads\/sites\/2\/2015\/11\/12088112_416187001925669_5055933830089292039_n.jpg\",\"datePublished\":\"2015-11-24T14:23:09+00:00\",\"dateModified\":\"2017-04-11T08:38:40+00:00\",\"author\":{\"@id\":\"https:\/\/www.acomeambiente.org\/fr\/#\/schema\/person\/abb5b373fd10c6152f3ba6effe4922a8\"},\"description\":\"Dal 30 novembre al 4 dicembre, il Museo A come Ambiente organizza il ciclo di laboratori Un Mandala per l'Ambiente, presso Agor\u00e0, la citt\u00e0 dei bambini.\",\"breadcrumb\":{\"@id\":\"https:\/\/www.acomeambiente.org\/fr\/blog\/2015\/11\/24\/un-mandala-per-lambiente-ad-agora-la-citta-dei-bambini\/#breadcrumb\"},\"inLanguage\":\"fr-FR\",\"potentialAction\":[{\"@type\":\"ReadAction\",\"target\":[\"https:\/\/www.acomeambiente.org\/fr\/blog\/2015\/11\/24\/un-mandala-per-lambiente-ad-agora-la-citta-dei-bambini\/\"]}]},{\"@type\":\"ImageObject\",\"inLanguage\":\"fr-FR\",\"@id\":\"https:\/\/www.acomeambiente.org\/fr\/blog\/2015\/11\/24\/un-mandala-per-lambiente-ad-agora-la-citta-dei-bambini\/#primaryimage\",\"url\":\"https:\/\/www.acomeambiente.org\/fr\/wp-content\/uploads\/sites\/2\/2015\/11\/12088112_416187001925669_5055933830089292039_n.jpg\",\"contentUrl\":\"https:\/\/www.acomeambiente.org\/fr\/wp-content\/uploads\/sites\/2\/2015\/11\/12088112_416187001925669_5055933830089292039_n.jpg\",\"width\":320,\"height\":240},{\"@type\":\"BreadcrumbList\",\"@id\":\"https:\/\/www.acomeambiente.org\/fr\/blog\/2015\/11\/24\/un-mandala-per-lambiente-ad-agora-la-citta-dei-bambini\/#breadcrumb\",\"itemListElement\":[{\"@type\":\"ListItem\",\"position\":1,\"name\":\"Home\",\"item\":\"https:\/\/www.acomeambiente.org\/fr\/\"},{\"@type\":\"ListItem\",\"position\":2,\"name\":\"Un Mandala per l\u2019Ambiente ad AGOR\u00c0, la citt\u00e0 dei bambini\"}]},{\"@type\":\"WebSite\",\"@id\":\"https:\/\/www.acomeambiente.org\/fr\/#website\",\"url\":\"https:\/\/www.acomeambiente.org\/fr\/\",\"name\":\"Fr - MAcA - Museo A come Ambiente\",\"description\":\"Passa al MAcA, costruiamo insieme un mondo pi\u00f9 sostenibile\",\"potentialAction\":[{\"@type\":\"SearchAction\",\"target\":{\"@type\":\"EntryPoint\",\"urlTemplate\":\"https:\/\/www.acomeambiente.org\/fr\/?s={search_term_string}\"},\"query-input\":{\"@type\":\"PropertyValueSpecification\",\"valueRequired\":true,\"valueName\":\"search_term_string\"}}],\"inLanguage\":\"fr-FR\"},{\"@type\":\"Person\",\"@id\":\"https:\/\/www.acomeambiente.org\/fr\/#\/schema\/person\/abb5b373fd10c6152f3ba6effe4922a8\",\"name\":\"maca\",\"image\":{\"@type\":\"ImageObject\",\"inLanguage\":\"fr-FR\",\"@id\":\"https:\/\/www.acomeambiente.org\/fr\/#\/schema\/person\/image\/\",\"url\":\"https:\/\/secure.gravatar.com\/avatar\/638ecfb6ae252284df22625e08c27812f9102da6030194ee85189eda9b903f6a?s=96&d=mm&r=g\",\"contentUrl\":\"https:\/\/secure.gravatar.com\/avatar\/638ecfb6ae252284df22625e08c27812f9102da6030194ee85189eda9b903f6a?s=96&d=mm&r=g\",\"caption\":\"maca\"},\"url\":\"https:\/\/www.acomeambiente.org\/fr\/blog\/author\/maca\/\"}]}<\/script>\n<!-- \/ Yoast SEO plugin. -->","yoast_head_json":{"title":"Un Mandala per l\u2019Ambiente ad AGOR\u00c0, la citt\u00e0 dei bambini","description":"Dal 30 novembre al 4 dicembre, il Museo A come Ambiente organizza il ciclo di laboratori Un Mandala per l'Ambiente, presso Agor\u00e0, la citt\u00e0 dei bambini.","robots":{"index":"index","follow":"follow","max-snippet":"max-snippet:-1","max-image-preview":"max-image-preview:large","max-video-preview":"max-video-preview:-1"},"canonical":"https:\/\/www.acomeambiente.org\/fr\/blog\/2015\/11\/24\/un-mandala-per-lambiente-ad-agora-la-citta-dei-bambini\/","og_locale":"fr_FR","og_type":"article","og_title":"Un Mandala per l\u2019Ambiente ad AGOR\u00c0, la citt\u00e0 dei bambini","og_description":"Dal 30 novembre al 4 dicembre, il Museo A come Ambiente organizza il ciclo di laboratori Un Mandala per l'Ambiente, presso Agor\u00e0, la citt\u00e0 dei bambini.","og_url":"https:\/\/www.acomeambiente.org\/fr\/blog\/2015\/11\/24\/un-mandala-per-lambiente-ad-agora-la-citta-dei-bambini\/","og_site_name":"Fr - MAcA - Museo A come Ambiente","article_published_time":"2015-11-24T14:23:09+00:00","article_modified_time":"2017-04-11T08:38:40+00:00","og_image":[{"width":320,"height":240,"url":"https:\/\/www.acomeambiente.org\/fr\/wp-content\/uploads\/sites\/2\/2015\/11\/12088112_416187001925669_5055933830089292039_n.jpg","type":"image\/jpeg"}],"author":"maca","twitter_card":"summary_large_image","twitter_misc":{"\u00c9crit par":"maca","Dur\u00e9e de lecture estim\u00e9e":"1 minute"},"schema":{"@context":"https:\/\/schema.org","@graph":[{"@type":"Article","@id":"https:\/\/www.acomeambiente.org\/fr\/blog\/2015\/11\/24\/un-mandala-per-lambiente-ad-agora-la-citta-dei-bambini\/#article","isPartOf":{"@id":"https:\/\/www.acomeambiente.org\/fr\/blog\/2015\/11\/24\/un-mandala-per-lambiente-ad-agora-la-citta-dei-bambini\/"},"author":{"name":"maca","@id":"https:\/\/www.acomeambiente.org\/fr\/#\/schema\/person\/abb5b373fd10c6152f3ba6effe4922a8"},"headline":"Un Mandala per l\u2019Ambiente ad AGOR\u00c0, la citt\u00e0 dei bambini","datePublished":"2015-11-24T14:23:09+00:00","dateModified":"2017-04-11T08:38:40+00:00","mainEntityOfPage":{"@id":"https:\/\/www.acomeambiente.org\/fr\/blog\/2015\/11\/24\/un-mandala-per-lambiente-ad-agora-la-citta-dei-bambini\/"},"wordCount":246,"image":{"@id":"https:\/\/www.acomeambiente.org\/fr\/blog\/2015\/11\/24\/un-mandala-per-lambiente-ad-agora-la-citta-dei-bambini\/#primaryimage"},"thumbnailUrl":"https:\/\/www.acomeambiente.org\/fr\/wp-content\/uploads\/sites\/2\/2015\/11\/12088112_416187001925669_5055933830089292039_n.jpg","keywords":["Agor\u00e0 la citt\u00e0 dei bambini","CinemAmbiente","Eventi","laboratori","MAcA","mandala","Museo A come Ambiente","Piazza Castello","scuole primarie","Spazio Agor\u00e0","Torino","Un Mandala per l'Ambiente"],"articleSection":["\u00c9v\u00e9nements"],"inLanguage":"fr-FR"},{"@type":"WebPage","@id":"https:\/\/www.acomeambiente.org\/fr\/blog\/2015\/11\/24\/un-mandala-per-lambiente-ad-agora-la-citta-dei-bambini\/","url":"https:\/\/www.acomeambiente.org\/fr\/blog\/2015\/11\/24\/un-mandala-per-lambiente-ad-agora-la-citta-dei-bambini\/","name":"Un Mandala per l\u2019Ambiente ad AGOR\u00c0, la citt\u00e0 dei bambini","isPartOf":{"@id":"https:\/\/www.acomeambiente.org\/fr\/#website"},"primaryImageOfPage":{"@id":"https:\/\/www.acomeambiente.org\/fr\/blog\/2015\/11\/24\/un-mandala-per-lambiente-ad-agora-la-citta-dei-bambini\/#primaryimage"},"image":{"@id":"https:\/\/www.acomeambiente.org\/fr\/blog\/2015\/11\/24\/un-mandala-per-lambiente-ad-agora-la-citta-dei-bambini\/#primaryimage"},"thumbnailUrl":"https:\/\/www.acomeambiente.org\/fr\/wp-content\/uploads\/sites\/2\/2015\/11\/12088112_416187001925669_5055933830089292039_n.jpg","datePublished":"2015-11-24T14:23:09+00:00","dateModified":"2017-04-11T08:38:40+00:00","author":{"@id":"https:\/\/www.acomeambiente.org\/fr\/#\/schema\/person\/abb5b373fd10c6152f3ba6effe4922a8"},"description":"Dal 30 novembre al 4 dicembre, il Museo A come Ambiente organizza il ciclo di laboratori Un Mandala per l'Ambiente, presso Agor\u00e0, la citt\u00e0 dei bambini.","breadcrumb":{"@id":"https:\/\/www.acomeambiente.org\/fr\/blog\/2015\/11\/24\/un-mandala-per-lambiente-ad-agora-la-citta-dei-bambini\/#breadcrumb"},"inLanguage":"fr-FR","potentialAction":[{"@type":"ReadAction","target":["https:\/\/www.acomeambiente.org\/fr\/blog\/2015\/11\/24\/un-mandala-per-lambiente-ad-agora-la-citta-dei-bambini\/"]}]},{"@type":"ImageObject","inLanguage":"fr-FR","@id":"https:\/\/www.acomeambiente.org\/fr\/blog\/2015\/11\/24\/un-mandala-per-lambiente-ad-agora-la-citta-dei-bambini\/#primaryimage","url":"https:\/\/www.acomeambiente.org\/fr\/wp-content\/uploads\/sites\/2\/2015\/11\/12088112_416187001925669_5055933830089292039_n.jpg","contentUrl":"https:\/\/www.acomeambiente.org\/fr\/wp-content\/uploads\/sites\/2\/2015\/11\/12088112_416187001925669_5055933830089292039_n.jpg","width":320,"height":240},{"@type":"BreadcrumbList","@id":"https:\/\/www.acomeambiente.org\/fr\/blog\/2015\/11\/24\/un-mandala-per-lambiente-ad-agora-la-citta-dei-bambini\/#breadcrumb","itemListElement":[{"@type":"ListItem","position":1,"name":"Home","item":"https:\/\/www.acomeambiente.org\/fr\/"},{"@type":"ListItem","position":2,"name":"Un Mandala per l\u2019Ambiente ad AGOR\u00c0, la citt\u00e0 dei bambini"}]},{"@type":"WebSite","@id":"https:\/\/www.acomeambiente.org\/fr\/#website","url":"https:\/\/www.acomeambiente.org\/fr\/","name":"Fr - MAcA - Museo A come Ambiente","description":"Passa al MAcA, costruiamo insieme un mondo pi\u00f9 sostenibile","potentialAction":[{"@type":"SearchAction","target":{"@type":"EntryPoint","urlTemplate":"https:\/\/www.acomeambiente.org\/fr\/?s={search_term_string}"},"query-input":{"@type":"PropertyValueSpecification","valueRequired":true,"valueName":"search_term_string"}}],"inLanguage":"fr-FR"},{"@type":"Person","@id":"https:\/\/www.acomeambiente.org\/fr\/#\/schema\/person\/abb5b373fd10c6152f3ba6effe4922a8","name":"maca","image":{"@type":"ImageObject","inLanguage":"fr-FR","@id":"https:\/\/www.acomeambiente.org\/fr\/#\/schema\/person\/image\/","url":"https:\/\/secure.gravatar.com\/avatar\/638ecfb6ae252284df22625e08c27812f9102da6030194ee85189eda9b903f6a?s=96&d=mm&r=g","contentUrl":"https:\/\/secure.gravatar.com\/avatar\/638ecfb6ae252284df22625e08c27812f9102da6030194ee85189eda9b903f6a?s=96&d=mm&r=g","caption":"maca"},"url":"https:\/\/www.acomeambiente.org\/fr\/blog\/author\/maca\/"}]}},"_links":{"self":[{"href":"https:\/\/www.acomeambiente.org\/fr\/wp-json\/wp\/v2\/posts\/2272","targetHints":{"allow":["GET"]}}],"collection":[{"href":"https:\/\/www.acomeambiente.org\/fr\/wp-json\/wp\/v2\/posts"}],"about":[{"href":"https:\/\/www.acomeambiente.org\/fr\/wp-json\/wp\/v2\/types\/post"}],"author":[{"embeddable":true,"href":"https:\/\/www.acomeambiente.org\/fr\/wp-json\/wp\/v2\/users\/2"}],"replies":[{"embeddable":true,"href":"https:\/\/www.acomeambiente.org\/fr\/wp-json\/wp\/v2\/comments?post=2272"}],"version-history":[{"count":2,"href":"https:\/\/www.acomeambiente.org\/fr\/wp-json\/wp\/v2\/posts\/2272\/revisions"}],"predecessor-version":[{"id":2285,"href":"https:\/\/www.acomeambiente.org\/fr\/wp-json\/wp\/v2\/posts\/2272\/revisions\/2285"}],"wp:featuredmedia":[{"embeddable":true,"href":"https:\/\/www.acomeambiente.org\/fr\/wp-json\/wp\/v2\/media\/2273"}],"wp:attachment":[{"href":"https:\/\/www.acomeambiente.org\/fr\/wp-json\/wp\/v2\/media?parent=2272"}],"wp:term":[{"taxonomy":"category","embeddable":true,"href":"https:\/\/www.acomeambiente.org\/fr\/wp-json\/wp\/v2\/categories?post=2272"},{"taxonomy":"post_tag","embeddable":true,"href":"https:\/\/www.acomeambiente.org\/fr\/wp-json\/wp\/v2\/tags?post=2272"}],"curies":[{"name":"wp","href":"https:\/\/api.w.org\/{rel}","templated":true}]}}