{"id":2260,"date":"2015-11-21T07:21:24","date_gmt":"2015-11-21T07:21:24","guid":{"rendered":"http:\/\/www.acomeambiente.org\/fr\/?p=2260"},"modified":"2017-04-11T08:38:41","modified_gmt":"2017-04-11T08:38:41","slug":"torna-la-giornata-nazionale-degli-alberi","status":"publish","type":"post","link":"https:\/\/www.acomeambiente.org\/fr\/blog\/2015\/11\/21\/torna-la-giornata-nazionale-degli-alberi\/","title":{"rendered":"Torna la Giornata Nazionale degli Alberi"},"content":{"rendered":"<h1 class=\"entry-title\" style=\"text-align: justify;\">Torna la Giornata Nazionale degli Alberi<\/h1>\n<p><a href=\"http:\/\/www.acomeambiente.org\/wp-content\/uploads\/sites\/2\/2015\/11\/giornata_alberi_2015_logo.jpg\"><img decoding=\"async\" class=\"alignnone  wp-image-2261\" src=\"http:\/\/www.acomeambiente.org\/wp-content\/uploads\/sites\/2\/2015\/11\/giornata_alberi_2015_logo.jpg\" alt=\"giornata_alberi_2015_logo\" width=\"665\" height=\"246\" srcset=\"https:\/\/www.acomeambiente.org\/fr\/wp-content\/uploads\/sites\/2\/2015\/11\/giornata_alberi_2015_logo-300x111.jpg 300w, https:\/\/www.acomeambiente.org\/fr\/wp-content\/uploads\/sites\/2\/2015\/11\/giornata_alberi_2015_logo.jpg 600w\" sizes=\"(max-width: 665px) 100vw, 665px\" \/><\/a><\/p>\n<p>Un\u2019 intera giornata dedicata agli alberi, per riflettere sui rischi a cui vanno incontro e per omaggiare il ruolo fondamentale che rivestono nella nostra quotidianit\u00e0, troppo spesso dimenticato.<\/p>\n<p>Come ogni <strong>21 novembre<\/strong>, anche quest\u2019anno si celebra la <strong>Giornata Nazionale degli Alberi<\/strong>, un appuntamento con cui si invitano cittadini ed enti a prendere parte all\u2019azione per la valorizzazione e la tutela dell\u2019ambiente e del patrimonio arboreo e boschivo nazionale.<\/p>\n<p>L\u2019obiettivo della manifestazione \u00e8 quello di promuovere politiche volte alla riduzione delle emissioni, alla prevenzione del dissesto idrogeologico e alla protezione del suolo. Prendersi cura degli alberi, significa inoltre migliorare la qualit\u00e0 dell\u2019aria che respiriamo ogni giorno nelle nostre citt\u00e0, migliorare la vivibilit\u00e0 degli insediamenti urbani, ma anche preservare e valorizzare le tradizioni legate all\u2019albero presenti nella nostra cultura.<\/p>\n<p>Durante questa giornata saranno molte le iniziative finalizzare alla piantagione di nuovi esemplari di specie autoctone nelle aree pubbliche cittadine, il tutto contando su risorse umane, strumentali e finanziare gi\u00e0 disponibili.<\/p>\n<p>Quello del nostro territorio \u00e8 un vero e proprio patrimonio arboreo, che purtroppo \u00e8 minacciato ogni giorno da piaghe serie e difficili da combattere come quella del disboscamento, e non solo.\u00a0 Questioni imminenti che mettono a rischio la nostra sicurezza e quella della biodiversit\u00e0, e che incidono in modo significativo sull\u2019equilibrio del nostro clima.<\/p>\n<p>In mille modi diversi, gli alberi sono una risorsa per la nostra vita, e sono altrettante le modalit\u00e0 con cui poterci prendere cura di essi. Gesti semplici e quotidiani, che possono fare davvero la differenza.<\/p>\n<p>&nbsp;<\/p>\n","protected":false},"excerpt":{"rendered":"<p>Torna la Giornata Nazionale degli Alberi Un\u2019 intera giornata dedicata agli alberi, per riflettere sui rischi a cui vanno incontro e per omaggiare il ruolo fondamentale che rivestono nella nostra  [&#8230;]<\/p>\n","protected":false},"author":2,"featured_media":2261,"comment_status":"closed","ping_status":"open","sticky":false,"template":"","format":"standard","meta":{"footnotes":""},"categories":[61],"tags":[260,257,44,169,264,261,265,258,263,262,256,23,259],"class_list":["post-2260","post","type-post","status-publish","format-standard","has-post-thumbnail","hentry","category-news","tag-21-novembre","tag-alberi","tag-ambiente","tag-aria","tag-biodiversita","tag-boschi","tag-clima","tag-deforestazione","tag-disboscamento","tag-emissioni","tag-giornata-nazionale-degli-alberi","tag-news","tag-piantagione"],"yoast_head":"<!-- This site is optimized with the Yoast SEO plugin v26.9 - https:\/\/yoast.com\/product\/yoast-seo-wordpress\/ -->\n<title>Torna la Giornata Nazionale degli Alberi<\/title>\n<meta name=\"description\" content=\"Come ogni 21 novembre, ricorre la Giornata Nazionale degli Alberi, per omaggiare e preservare il nostro grande patrimonio arboreo, preziosa fonte di vita.\" \/>\n<meta name=\"robots\" content=\"index, follow, max-snippet:-1, max-image-preview:large, max-video-preview:-1\" \/>\n<link rel=\"canonical\" href=\"https:\/\/www.acomeambiente.org\/fr\/blog\/2015\/11\/21\/torna-la-giornata-nazionale-degli-alberi\/\" \/>\n<meta property=\"og:locale\" content=\"fr_FR\" \/>\n<meta property=\"og:type\" content=\"article\" \/>\n<meta property=\"og:title\" content=\"Torna la Giornata Nazionale degli Alberi\" \/>\n<meta property=\"og:description\" content=\"Come ogni 21 novembre, ricorre la Giornata Nazionale degli Alberi, per omaggiare e preservare il nostro grande patrimonio arboreo, preziosa fonte di vita.\" \/>\n<meta property=\"og:url\" content=\"https:\/\/www.acomeambiente.org\/fr\/blog\/2015\/11\/21\/torna-la-giornata-nazionale-degli-alberi\/\" \/>\n<meta property=\"og:site_name\" content=\"Fr - MAcA - Museo A come Ambiente\" \/>\n<meta property=\"article:published_time\" content=\"2015-11-21T07:21:24+00:00\" \/>\n<meta property=\"article:modified_time\" content=\"2017-04-11T08:38:41+00:00\" \/>\n<meta property=\"og:image\" content=\"https:\/\/www.acomeambiente.org\/fr\/wp-content\/uploads\/sites\/2\/2015\/11\/giornata_alberi_2015_logo.jpg\" \/>\n\t<meta property=\"og:image:width\" content=\"600\" \/>\n\t<meta property=\"og:image:height\" content=\"222\" \/>\n\t<meta property=\"og:image:type\" content=\"image\/jpeg\" \/>\n<meta name=\"author\" content=\"maca\" \/>\n<meta name=\"twitter:card\" content=\"summary_large_image\" \/>\n<meta name=\"twitter:label1\" content=\"\u00c9crit par\" \/>\n\t<meta name=\"twitter:data1\" content=\"maca\" \/>\n\t<meta name=\"twitter:label2\" content=\"Dur\u00e9e de lecture estim\u00e9e\" \/>\n\t<meta name=\"twitter:data2\" content=\"1 minute\" \/>\n<script type=\"application\/ld+json\" class=\"yoast-schema-graph\">{\"@context\":\"https:\/\/schema.org\",\"@graph\":[{\"@type\":\"Article\",\"@id\":\"https:\/\/www.acomeambiente.org\/fr\/blog\/2015\/11\/21\/torna-la-giornata-nazionale-degli-alberi\/#article\",\"isPartOf\":{\"@id\":\"https:\/\/www.acomeambiente.org\/fr\/blog\/2015\/11\/21\/torna-la-giornata-nazionale-degli-alberi\/\"},\"author\":{\"name\":\"maca\",\"@id\":\"https:\/\/www.acomeambiente.org\/fr\/#\/schema\/person\/abb5b373fd10c6152f3ba6effe4922a8\"},\"headline\":\"Torna la Giornata Nazionale degli Alberi\",\"datePublished\":\"2015-11-21T07:21:24+00:00\",\"dateModified\":\"2017-04-11T08:38:41+00:00\",\"mainEntityOfPage\":{\"@id\":\"https:\/\/www.acomeambiente.org\/fr\/blog\/2015\/11\/21\/torna-la-giornata-nazionale-degli-alberi\/\"},\"wordCount\":263,\"image\":{\"@id\":\"https:\/\/www.acomeambiente.org\/fr\/blog\/2015\/11\/21\/torna-la-giornata-nazionale-degli-alberi\/#primaryimage\"},\"thumbnailUrl\":\"https:\/\/www.acomeambiente.org\/fr\/wp-content\/uploads\/sites\/2\/2015\/11\/giornata_alberi_2015_logo.jpg\",\"keywords\":[\"21 novembre\",\"alberi\",\"ambiente\",\"aria\",\"biodiversit\u00e0\",\"boschi\",\"clima\",\"Deforestazione\",\"disboscamento\",\"emissioni\",\"Giornata Nazionale degli Alberi\",\"news\",\"piantagione\"],\"articleSection\":[\"News\"],\"inLanguage\":\"fr-FR\"},{\"@type\":\"WebPage\",\"@id\":\"https:\/\/www.acomeambiente.org\/fr\/blog\/2015\/11\/21\/torna-la-giornata-nazionale-degli-alberi\/\",\"url\":\"https:\/\/www.acomeambiente.org\/fr\/blog\/2015\/11\/21\/torna-la-giornata-nazionale-degli-alberi\/\",\"name\":\"Torna la Giornata Nazionale degli Alberi\",\"isPartOf\":{\"@id\":\"https:\/\/www.acomeambiente.org\/fr\/#website\"},\"primaryImageOfPage\":{\"@id\":\"https:\/\/www.acomeambiente.org\/fr\/blog\/2015\/11\/21\/torna-la-giornata-nazionale-degli-alberi\/#primaryimage\"},\"image\":{\"@id\":\"https:\/\/www.acomeambiente.org\/fr\/blog\/2015\/11\/21\/torna-la-giornata-nazionale-degli-alberi\/#primaryimage\"},\"thumbnailUrl\":\"https:\/\/www.acomeambiente.org\/fr\/wp-content\/uploads\/sites\/2\/2015\/11\/giornata_alberi_2015_logo.jpg\",\"datePublished\":\"2015-11-21T07:21:24+00:00\",\"dateModified\":\"2017-04-11T08:38:41+00:00\",\"author\":{\"@id\":\"https:\/\/www.acomeambiente.org\/fr\/#\/schema\/person\/abb5b373fd10c6152f3ba6effe4922a8\"},\"description\":\"Come ogni 21 novembre, ricorre la Giornata Nazionale degli Alberi, per omaggiare e preservare il nostro grande patrimonio arboreo, preziosa fonte di vita.\",\"breadcrumb\":{\"@id\":\"https:\/\/www.acomeambiente.org\/fr\/blog\/2015\/11\/21\/torna-la-giornata-nazionale-degli-alberi\/#breadcrumb\"},\"inLanguage\":\"fr-FR\",\"potentialAction\":[{\"@type\":\"ReadAction\",\"target\":[\"https:\/\/www.acomeambiente.org\/fr\/blog\/2015\/11\/21\/torna-la-giornata-nazionale-degli-alberi\/\"]}]},{\"@type\":\"ImageObject\",\"inLanguage\":\"fr-FR\",\"@id\":\"https:\/\/www.acomeambiente.org\/fr\/blog\/2015\/11\/21\/torna-la-giornata-nazionale-degli-alberi\/#primaryimage\",\"url\":\"https:\/\/www.acomeambiente.org\/fr\/wp-content\/uploads\/sites\/2\/2015\/11\/giornata_alberi_2015_logo.jpg\",\"contentUrl\":\"https:\/\/www.acomeambiente.org\/fr\/wp-content\/uploads\/sites\/2\/2015\/11\/giornata_alberi_2015_logo.jpg\",\"width\":600,\"height\":222},{\"@type\":\"BreadcrumbList\",\"@id\":\"https:\/\/www.acomeambiente.org\/fr\/blog\/2015\/11\/21\/torna-la-giornata-nazionale-degli-alberi\/#breadcrumb\",\"itemListElement\":[{\"@type\":\"ListItem\",\"position\":1,\"name\":\"Home\",\"item\":\"https:\/\/www.acomeambiente.org\/fr\/\"},{\"@type\":\"ListItem\",\"position\":2,\"name\":\"Torna la Giornata Nazionale degli Alberi\"}]},{\"@type\":\"WebSite\",\"@id\":\"https:\/\/www.acomeambiente.org\/fr\/#website\",\"url\":\"https:\/\/www.acomeambiente.org\/fr\/\",\"name\":\"Fr - MAcA - Museo A come Ambiente\",\"description\":\"Passa al MAcA, costruiamo insieme un mondo pi\u00f9 sostenibile\",\"potentialAction\":[{\"@type\":\"SearchAction\",\"target\":{\"@type\":\"EntryPoint\",\"urlTemplate\":\"https:\/\/www.acomeambiente.org\/fr\/?s={search_term_string}\"},\"query-input\":{\"@type\":\"PropertyValueSpecification\",\"valueRequired\":true,\"valueName\":\"search_term_string\"}}],\"inLanguage\":\"fr-FR\"},{\"@type\":\"Person\",\"@id\":\"https:\/\/www.acomeambiente.org\/fr\/#\/schema\/person\/abb5b373fd10c6152f3ba6effe4922a8\",\"name\":\"maca\",\"image\":{\"@type\":\"ImageObject\",\"inLanguage\":\"fr-FR\",\"@id\":\"https:\/\/www.acomeambiente.org\/fr\/#\/schema\/person\/image\/\",\"url\":\"https:\/\/secure.gravatar.com\/avatar\/638ecfb6ae252284df22625e08c27812f9102da6030194ee85189eda9b903f6a?s=96&d=mm&r=g\",\"contentUrl\":\"https:\/\/secure.gravatar.com\/avatar\/638ecfb6ae252284df22625e08c27812f9102da6030194ee85189eda9b903f6a?s=96&d=mm&r=g\",\"caption\":\"maca\"},\"url\":\"https:\/\/www.acomeambiente.org\/fr\/blog\/author\/maca\/\"}]}<\/script>\n<!-- \/ Yoast SEO plugin. -->","yoast_head_json":{"title":"Torna la Giornata Nazionale degli Alberi","description":"Come ogni 21 novembre, ricorre la Giornata Nazionale degli Alberi, per omaggiare e preservare il nostro grande patrimonio arboreo, preziosa fonte di vita.","robots":{"index":"index","follow":"follow","max-snippet":"max-snippet:-1","max-image-preview":"max-image-preview:large","max-video-preview":"max-video-preview:-1"},"canonical":"https:\/\/www.acomeambiente.org\/fr\/blog\/2015\/11\/21\/torna-la-giornata-nazionale-degli-alberi\/","og_locale":"fr_FR","og_type":"article","og_title":"Torna la Giornata Nazionale degli Alberi","og_description":"Come ogni 21 novembre, ricorre la Giornata Nazionale degli Alberi, per omaggiare e preservare il nostro grande patrimonio arboreo, preziosa fonte di vita.","og_url":"https:\/\/www.acomeambiente.org\/fr\/blog\/2015\/11\/21\/torna-la-giornata-nazionale-degli-alberi\/","og_site_name":"Fr - MAcA - Museo A come Ambiente","article_published_time":"2015-11-21T07:21:24+00:00","article_modified_time":"2017-04-11T08:38:41+00:00","og_image":[{"width":600,"height":222,"url":"https:\/\/www.acomeambiente.org\/fr\/wp-content\/uploads\/sites\/2\/2015\/11\/giornata_alberi_2015_logo.jpg","type":"image\/jpeg"}],"author":"maca","twitter_card":"summary_large_image","twitter_misc":{"\u00c9crit par":"maca","Dur\u00e9e de lecture estim\u00e9e":"1 minute"},"schema":{"@context":"https:\/\/schema.org","@graph":[{"@type":"Article","@id":"https:\/\/www.acomeambiente.org\/fr\/blog\/2015\/11\/21\/torna-la-giornata-nazionale-degli-alberi\/#article","isPartOf":{"@id":"https:\/\/www.acomeambiente.org\/fr\/blog\/2015\/11\/21\/torna-la-giornata-nazionale-degli-alberi\/"},"author":{"name":"maca","@id":"https:\/\/www.acomeambiente.org\/fr\/#\/schema\/person\/abb5b373fd10c6152f3ba6effe4922a8"},"headline":"Torna la Giornata Nazionale degli Alberi","datePublished":"2015-11-21T07:21:24+00:00","dateModified":"2017-04-11T08:38:41+00:00","mainEntityOfPage":{"@id":"https:\/\/www.acomeambiente.org\/fr\/blog\/2015\/11\/21\/torna-la-giornata-nazionale-degli-alberi\/"},"wordCount":263,"image":{"@id":"https:\/\/www.acomeambiente.org\/fr\/blog\/2015\/11\/21\/torna-la-giornata-nazionale-degli-alberi\/#primaryimage"},"thumbnailUrl":"https:\/\/www.acomeambiente.org\/fr\/wp-content\/uploads\/sites\/2\/2015\/11\/giornata_alberi_2015_logo.jpg","keywords":["21 novembre","alberi","ambiente","aria","biodiversit\u00e0","boschi","clima","Deforestazione","disboscamento","emissioni","Giornata Nazionale degli Alberi","news","piantagione"],"articleSection":["News"],"inLanguage":"fr-FR"},{"@type":"WebPage","@id":"https:\/\/www.acomeambiente.org\/fr\/blog\/2015\/11\/21\/torna-la-giornata-nazionale-degli-alberi\/","url":"https:\/\/www.acomeambiente.org\/fr\/blog\/2015\/11\/21\/torna-la-giornata-nazionale-degli-alberi\/","name":"Torna la Giornata Nazionale degli Alberi","isPartOf":{"@id":"https:\/\/www.acomeambiente.org\/fr\/#website"},"primaryImageOfPage":{"@id":"https:\/\/www.acomeambiente.org\/fr\/blog\/2015\/11\/21\/torna-la-giornata-nazionale-degli-alberi\/#primaryimage"},"image":{"@id":"https:\/\/www.acomeambiente.org\/fr\/blog\/2015\/11\/21\/torna-la-giornata-nazionale-degli-alberi\/#primaryimage"},"thumbnailUrl":"https:\/\/www.acomeambiente.org\/fr\/wp-content\/uploads\/sites\/2\/2015\/11\/giornata_alberi_2015_logo.jpg","datePublished":"2015-11-21T07:21:24+00:00","dateModified":"2017-04-11T08:38:41+00:00","author":{"@id":"https:\/\/www.acomeambiente.org\/fr\/#\/schema\/person\/abb5b373fd10c6152f3ba6effe4922a8"},"description":"Come ogni 21 novembre, ricorre la Giornata Nazionale degli Alberi, per omaggiare e preservare il nostro grande patrimonio arboreo, preziosa fonte di vita.","breadcrumb":{"@id":"https:\/\/www.acomeambiente.org\/fr\/blog\/2015\/11\/21\/torna-la-giornata-nazionale-degli-alberi\/#breadcrumb"},"inLanguage":"fr-FR","potentialAction":[{"@type":"ReadAction","target":["https:\/\/www.acomeambiente.org\/fr\/blog\/2015\/11\/21\/torna-la-giornata-nazionale-degli-alberi\/"]}]},{"@type":"ImageObject","inLanguage":"fr-FR","@id":"https:\/\/www.acomeambiente.org\/fr\/blog\/2015\/11\/21\/torna-la-giornata-nazionale-degli-alberi\/#primaryimage","url":"https:\/\/www.acomeambiente.org\/fr\/wp-content\/uploads\/sites\/2\/2015\/11\/giornata_alberi_2015_logo.jpg","contentUrl":"https:\/\/www.acomeambiente.org\/fr\/wp-content\/uploads\/sites\/2\/2015\/11\/giornata_alberi_2015_logo.jpg","width":600,"height":222},{"@type":"BreadcrumbList","@id":"https:\/\/www.acomeambiente.org\/fr\/blog\/2015\/11\/21\/torna-la-giornata-nazionale-degli-alberi\/#breadcrumb","itemListElement":[{"@type":"ListItem","position":1,"name":"Home","item":"https:\/\/www.acomeambiente.org\/fr\/"},{"@type":"ListItem","position":2,"name":"Torna la Giornata Nazionale degli Alberi"}]},{"@type":"WebSite","@id":"https:\/\/www.acomeambiente.org\/fr\/#website","url":"https:\/\/www.acomeambiente.org\/fr\/","name":"Fr - MAcA - Museo A come Ambiente","description":"Passa al MAcA, costruiamo insieme un mondo pi\u00f9 sostenibile","potentialAction":[{"@type":"SearchAction","target":{"@type":"EntryPoint","urlTemplate":"https:\/\/www.acomeambiente.org\/fr\/?s={search_term_string}"},"query-input":{"@type":"PropertyValueSpecification","valueRequired":true,"valueName":"search_term_string"}}],"inLanguage":"fr-FR"},{"@type":"Person","@id":"https:\/\/www.acomeambiente.org\/fr\/#\/schema\/person\/abb5b373fd10c6152f3ba6effe4922a8","name":"maca","image":{"@type":"ImageObject","inLanguage":"fr-FR","@id":"https:\/\/www.acomeambiente.org\/fr\/#\/schema\/person\/image\/","url":"https:\/\/secure.gravatar.com\/avatar\/638ecfb6ae252284df22625e08c27812f9102da6030194ee85189eda9b903f6a?s=96&d=mm&r=g","contentUrl":"https:\/\/secure.gravatar.com\/avatar\/638ecfb6ae252284df22625e08c27812f9102da6030194ee85189eda9b903f6a?s=96&d=mm&r=g","caption":"maca"},"url":"https:\/\/www.acomeambiente.org\/fr\/blog\/author\/maca\/"}]}},"_links":{"self":[{"href":"https:\/\/www.acomeambiente.org\/fr\/wp-json\/wp\/v2\/posts\/2260","targetHints":{"allow":["GET"]}}],"collection":[{"href":"https:\/\/www.acomeambiente.org\/fr\/wp-json\/wp\/v2\/posts"}],"about":[{"href":"https:\/\/www.acomeambiente.org\/fr\/wp-json\/wp\/v2\/types\/post"}],"author":[{"embeddable":true,"href":"https:\/\/www.acomeambiente.org\/fr\/wp-json\/wp\/v2\/users\/2"}],"replies":[{"embeddable":true,"href":"https:\/\/www.acomeambiente.org\/fr\/wp-json\/wp\/v2\/comments?post=2260"}],"version-history":[{"count":1,"href":"https:\/\/www.acomeambiente.org\/fr\/wp-json\/wp\/v2\/posts\/2260\/revisions"}],"predecessor-version":[{"id":2262,"href":"https:\/\/www.acomeambiente.org\/fr\/wp-json\/wp\/v2\/posts\/2260\/revisions\/2262"}],"wp:featuredmedia":[{"embeddable":true,"href":"https:\/\/www.acomeambiente.org\/fr\/wp-json\/wp\/v2\/media\/2261"}],"wp:attachment":[{"href":"https:\/\/www.acomeambiente.org\/fr\/wp-json\/wp\/v2\/media?parent=2260"}],"wp:term":[{"taxonomy":"category","embeddable":true,"href":"https:\/\/www.acomeambiente.org\/fr\/wp-json\/wp\/v2\/categories?post=2260"},{"taxonomy":"post_tag","embeddable":true,"href":"https:\/\/www.acomeambiente.org\/fr\/wp-json\/wp\/v2\/tags?post=2260"}],"curies":[{"name":"wp","href":"https:\/\/api.w.org\/{rel}","templated":true}]}}