{"id":1807,"date":"2015-10-05T06:01:14","date_gmt":"2015-10-05T06:01:14","guid":{"rendered":"http:\/\/www.acomeambiente.org\/fr\/?p=1807"},"modified":"2017-04-11T08:38:43","modified_gmt":"2017-04-11T08:38:43","slug":"world-habitat-day-2015-lo-spazio-pubblico-come-risorsa-sociale","status":"publish","type":"post","link":"https:\/\/www.acomeambiente.org\/fr\/blog\/2015\/10\/05\/world-habitat-day-2015-lo-spazio-pubblico-come-risorsa-sociale\/","title":{"rendered":"World Habitat Day 2015, lo spazio pubblico come risorsa sociale"},"content":{"rendered":"<h1 class=\"entry-title\" style=\"text-align: justify;\">World Habitat Day 2015, lo spazio pubblico come risorsa sociale<\/h1>\n<p><strong><a href=\"http:\/\/www.acomeambiente.org\/wp-content\/uploads\/sites\/2\/2015\/10\/gdw_whd_2013_logo.jpg\"><img decoding=\"async\" class=\"alignnone wp-image-1808\" src=\"http:\/\/www.acomeambiente.org\/wp-content\/uploads\/sites\/2\/2015\/10\/gdw_whd_2013_logo.jpg\" alt=\"gdw_whd_2013_logo\" width=\"481\" height=\"347\" srcset=\"https:\/\/www.acomeambiente.org\/fr\/wp-content\/uploads\/sites\/2\/2015\/10\/gdw_whd_2013_logo-300x216.jpg 300w, https:\/\/www.acomeambiente.org\/fr\/wp-content\/uploads\/sites\/2\/2015\/10\/gdw_whd_2013_logo.jpg 330w\" sizes=\"(max-width: 481px) 100vw, 481px\" \/><\/a><\/strong><\/p>\n<p>Public Spaces for All. <em>Spazi Pubblici per Tutti<\/em> \u00e8 il motto scelto dalle <a href=\"http:\/\/www.un.org\/\" target=\"_blank\"><strong>Nazioni Unite<\/strong><\/a> per l\u2019edizione 2015 della <a href=\"http:\/\/unhabitat.org\/world-habitat-day\/\" target=\"_blank\"><strong>Giornata Internazionale dell\u2019Habitat<\/strong><\/a>, che quest\u2019anno cade nella giornata <strong>del 5 ottobre<\/strong>, primo luned\u00ec del mese. L\u2019evento, voluto dall\u2019<strong>Assemblea Generale dell\u2019ONU<\/strong>, \u00e8 stato istituito nel 1985 e da allora si batte per migliorare la qualit\u00e0 della vita nelle nostre citt\u00e0 e nel nostro pianeta.<\/p>\n<p>Obiettivo del\u00a0<em>World Habitat Day <\/em>\u00e8 quello di promuovere la riflessione sullo stato delle nostre citt\u00e0, e sul diritto fondamentale di tutti i cittadini ad un alloggio adeguato. La <em>Giornata<\/em>, inoltre, ci ricorda che ognuno di noi ha la possibilit\u00e0 e la responsabilit\u00e0 di determinare il futuro del nostro pianeta, indirizzandolo verso un cambiamento efficace e in linea con i buoni principi di cura e rispetto dell\u2019ambiente.<\/p>\n<p>Da sempre la manifestazione \u00e8 attiva in tutto il mondo per promuovere politiche di sviluppo sostenibile.<em>World Habitat Day<\/em> lotta per un ambiente pi\u00f9 sano e sicuro, un luogo da poter condividere dimostrando attenzione per ciascuna categoria di cittadini, in particolare bambini, donne, anziani, disabili e giovani.<\/p>\n<p>Ciascuno di noi, ogni giorno, condivide con altri degli spazi, e l\u2019obiettivo \u00e8 quello di migliorarli insieme in tutti i loro aspetti. Dai trasporti a prezzi accessibili e sostenibili alla disponibilit\u00e0 di acqua potabile. <em>World Habitat Day<\/em> agisce direttamente sulla vita quotidiana, per una migliore qualit\u00e0 dell\u2019aria, la creazione di occupazione, la cura degli spazi verdi urbani e un\u2019ottimale gestione dei rifiuti.<\/p>\n<p>Quest\u2019anno il tema centrale \u00e8 quello degli <strong>spazi pubblici<\/strong>, fulcro delle nostre citt\u00e0, ma spesso trascurati da cittadini e istituzioni. Gli spazi pubblici sono luoghi aperti a tutti, e come tali \u00e8 nel nostro interesse fare la nostra parte per renderli accessibili e vivibili per ogni categoria di cittadini. Strade, parchi, marciapiedi e mercati sono spazi dal grande valore sociale, che contribuiscono alla coesione e alla solidificazione dei nostri legami, rendendoci cittadini pi\u00f9 uniti.<\/p>\n<p>La cura degli spazi pubblici, dunque, \u00e8 la cura di noi stessi e della societ\u00e0 di cui facciamo parte. Migliorare la loro qualit\u00e0 significa promuovere il benessere della comunit\u00e0, nonch\u00e9 lavorare per il loro\u00a0sviluppo economico e per la sostenibilit\u00e0 ambientale. Lo <strong>sviluppo sostenibile<\/strong> \u00e8 obiettivo centrale di <em>World Habitat Day<\/em>, che entro il 2030 punta ad un accesso universale agli spazi verdi e pubblici, rendendoli sempre pi\u00f9 sicuri e alla portata di ognuno.<\/p>\n<p>La <em>Giornata Internazionale dell\u2019Habitat<\/em> \u00e8 un appuntamento speciale per omaggiare il pianeta che tutti noi condividiamo, e per ricordarci che ognuno di noi, nel suo piccolo, pu\u00f2 dare un grande contributo per rendere il nostro ambiente un posto migliore, per noi stessi e per chi ci sta intorno.<\/p>\n","protected":false},"excerpt":{"rendered":"<p>World Habitat Day 2015, lo spazio pubblico come risorsa sociale Public Spaces for All. Spazi Pubblici per Tutti \u00e8 il motto scelto dalle Nazioni Unite per l\u2019edizione 2015 della Giornata  [&#8230;]<\/p>\n","protected":false},"author":2,"featured_media":1808,"comment_status":"closed","ping_status":"open","sticky":false,"template":"","format":"standard","meta":{"footnotes":""},"categories":[61],"tags":[168,44,169,171,163,164,23,174,167,165,170,166,97,172,173],"class_list":["post-1807","post","type-post","status-publish","format-standard","has-post-thumbnail","hentry","category-news","tag-acqua","tag-ambiente","tag-aria","tag-citta","tag-giornata-internazionale-dellhabitat","tag-habitat","tag-news","tag-public-spaces-for-all","tag-rifiuti","tag-spazi-pubblici","tag-spazi-verdi","tag-sviluppo-sostenibile","tag-trasporti","tag-world-habitat-day","tag-world-habitat-day-2015"],"yoast_head":"<!-- This site is optimized with the Yoast SEO plugin v26.9 - https:\/\/yoast.com\/product\/yoast-seo-wordpress\/ -->\n<title>World Habitat Day 2015, lo spazio pubblico come risorsa sociale<\/title>\n<meta name=\"description\" content=\"Habitat World Day 2015, in programma il 5 ottobre, ha come tema quello degli spazi pubblici, luoghi da rendere accessibili a tutti e di cui occuparci.\" \/>\n<meta name=\"robots\" content=\"index, follow, max-snippet:-1, max-image-preview:large, max-video-preview:-1\" \/>\n<link rel=\"canonical\" href=\"https:\/\/www.acomeambiente.org\/fr\/blog\/2015\/10\/05\/world-habitat-day-2015-lo-spazio-pubblico-come-risorsa-sociale\/\" \/>\n<meta property=\"og:locale\" content=\"fr_FR\" \/>\n<meta property=\"og:type\" content=\"article\" \/>\n<meta property=\"og:title\" content=\"World Habitat Day 2015, lo spazio pubblico come risorsa sociale\" \/>\n<meta property=\"og:description\" content=\"Habitat World Day 2015, in programma il 5 ottobre, ha come tema quello degli spazi pubblici, luoghi da rendere accessibili a tutti e di cui occuparci.\" \/>\n<meta property=\"og:url\" content=\"https:\/\/www.acomeambiente.org\/fr\/blog\/2015\/10\/05\/world-habitat-day-2015-lo-spazio-pubblico-come-risorsa-sociale\/\" \/>\n<meta property=\"og:site_name\" content=\"Fr - MAcA - Museo A come Ambiente\" \/>\n<meta property=\"article:published_time\" content=\"2015-10-05T06:01:14+00:00\" \/>\n<meta property=\"article:modified_time\" content=\"2017-04-11T08:38:43+00:00\" \/>\n<meta property=\"og:image\" content=\"https:\/\/www.acomeambiente.org\/fr\/wp-content\/uploads\/sites\/2\/2015\/10\/gdw_whd_2013_logo.jpg\" \/>\n\t<meta property=\"og:image:width\" content=\"330\" \/>\n\t<meta property=\"og:image:height\" content=\"238\" \/>\n\t<meta property=\"og:image:type\" content=\"image\/jpeg\" \/>\n<meta name=\"author\" content=\"maca\" \/>\n<meta name=\"twitter:card\" content=\"summary_large_image\" \/>\n<meta name=\"twitter:label1\" content=\"\u00c9crit par\" \/>\n\t<meta name=\"twitter:data1\" content=\"maca\" \/>\n\t<meta name=\"twitter:label2\" content=\"Dur\u00e9e de lecture estim\u00e9e\" \/>\n\t<meta name=\"twitter:data2\" content=\"2 minutes\" \/>\n<script type=\"application\/ld+json\" class=\"yoast-schema-graph\">{\"@context\":\"https:\/\/schema.org\",\"@graph\":[{\"@type\":\"Article\",\"@id\":\"https:\/\/www.acomeambiente.org\/fr\/blog\/2015\/10\/05\/world-habitat-day-2015-lo-spazio-pubblico-come-risorsa-sociale\/#article\",\"isPartOf\":{\"@id\":\"https:\/\/www.acomeambiente.org\/fr\/blog\/2015\/10\/05\/world-habitat-day-2015-lo-spazio-pubblico-come-risorsa-sociale\/\"},\"author\":{\"name\":\"maca\",\"@id\":\"https:\/\/www.acomeambiente.org\/fr\/#\/schema\/person\/abb5b373fd10c6152f3ba6effe4922a8\"},\"headline\":\"World Habitat Day 2015, lo spazio pubblico come risorsa sociale\",\"datePublished\":\"2015-10-05T06:01:14+00:00\",\"dateModified\":\"2017-04-11T08:38:43+00:00\",\"mainEntityOfPage\":{\"@id\":\"https:\/\/www.acomeambiente.org\/fr\/blog\/2015\/10\/05\/world-habitat-day-2015-lo-spazio-pubblico-come-risorsa-sociale\/\"},\"wordCount\":450,\"image\":{\"@id\":\"https:\/\/www.acomeambiente.org\/fr\/blog\/2015\/10\/05\/world-habitat-day-2015-lo-spazio-pubblico-come-risorsa-sociale\/#primaryimage\"},\"thumbnailUrl\":\"https:\/\/www.acomeambiente.org\/fr\/wp-content\/uploads\/sites\/2\/2015\/10\/gdw_whd_2013_logo.jpg\",\"keywords\":[\"acqua\",\"ambiente\",\"aria\",\"citt\u00e0\",\"Giornata Internazionale dell'Habitat\",\"habitat\",\"news\",\"Public Spaces for All\",\"rifiuti\",\"spazi pubblici\",\"spazi verdi\",\"sviluppo sostenibile\",\"trasporti\",\"World Habitat Day\",\"World Habitat Day 2015\"],\"articleSection\":[\"News\"],\"inLanguage\":\"fr-FR\"},{\"@type\":\"WebPage\",\"@id\":\"https:\/\/www.acomeambiente.org\/fr\/blog\/2015\/10\/05\/world-habitat-day-2015-lo-spazio-pubblico-come-risorsa-sociale\/\",\"url\":\"https:\/\/www.acomeambiente.org\/fr\/blog\/2015\/10\/05\/world-habitat-day-2015-lo-spazio-pubblico-come-risorsa-sociale\/\",\"name\":\"World Habitat Day 2015, lo spazio pubblico come risorsa sociale\",\"isPartOf\":{\"@id\":\"https:\/\/www.acomeambiente.org\/fr\/#website\"},\"primaryImageOfPage\":{\"@id\":\"https:\/\/www.acomeambiente.org\/fr\/blog\/2015\/10\/05\/world-habitat-day-2015-lo-spazio-pubblico-come-risorsa-sociale\/#primaryimage\"},\"image\":{\"@id\":\"https:\/\/www.acomeambiente.org\/fr\/blog\/2015\/10\/05\/world-habitat-day-2015-lo-spazio-pubblico-come-risorsa-sociale\/#primaryimage\"},\"thumbnailUrl\":\"https:\/\/www.acomeambiente.org\/fr\/wp-content\/uploads\/sites\/2\/2015\/10\/gdw_whd_2013_logo.jpg\",\"datePublished\":\"2015-10-05T06:01:14+00:00\",\"dateModified\":\"2017-04-11T08:38:43+00:00\",\"author\":{\"@id\":\"https:\/\/www.acomeambiente.org\/fr\/#\/schema\/person\/abb5b373fd10c6152f3ba6effe4922a8\"},\"description\":\"Habitat World Day 2015, in programma il 5 ottobre, ha come tema quello degli spazi pubblici, luoghi da rendere accessibili a tutti e di cui occuparci.\",\"breadcrumb\":{\"@id\":\"https:\/\/www.acomeambiente.org\/fr\/blog\/2015\/10\/05\/world-habitat-day-2015-lo-spazio-pubblico-come-risorsa-sociale\/#breadcrumb\"},\"inLanguage\":\"fr-FR\",\"potentialAction\":[{\"@type\":\"ReadAction\",\"target\":[\"https:\/\/www.acomeambiente.org\/fr\/blog\/2015\/10\/05\/world-habitat-day-2015-lo-spazio-pubblico-come-risorsa-sociale\/\"]}]},{\"@type\":\"ImageObject\",\"inLanguage\":\"fr-FR\",\"@id\":\"https:\/\/www.acomeambiente.org\/fr\/blog\/2015\/10\/05\/world-habitat-day-2015-lo-spazio-pubblico-come-risorsa-sociale\/#primaryimage\",\"url\":\"https:\/\/www.acomeambiente.org\/fr\/wp-content\/uploads\/sites\/2\/2015\/10\/gdw_whd_2013_logo.jpg\",\"contentUrl\":\"https:\/\/www.acomeambiente.org\/fr\/wp-content\/uploads\/sites\/2\/2015\/10\/gdw_whd_2013_logo.jpg\",\"width\":330,\"height\":238},{\"@type\":\"BreadcrumbList\",\"@id\":\"https:\/\/www.acomeambiente.org\/fr\/blog\/2015\/10\/05\/world-habitat-day-2015-lo-spazio-pubblico-come-risorsa-sociale\/#breadcrumb\",\"itemListElement\":[{\"@type\":\"ListItem\",\"position\":1,\"name\":\"Home\",\"item\":\"https:\/\/www.acomeambiente.org\/fr\/\"},{\"@type\":\"ListItem\",\"position\":2,\"name\":\"World Habitat Day 2015, lo spazio pubblico come risorsa sociale\"}]},{\"@type\":\"WebSite\",\"@id\":\"https:\/\/www.acomeambiente.org\/fr\/#website\",\"url\":\"https:\/\/www.acomeambiente.org\/fr\/\",\"name\":\"Fr - MAcA - Museo A come Ambiente\",\"description\":\"Passa al MAcA, costruiamo insieme un mondo pi\u00f9 sostenibile\",\"potentialAction\":[{\"@type\":\"SearchAction\",\"target\":{\"@type\":\"EntryPoint\",\"urlTemplate\":\"https:\/\/www.acomeambiente.org\/fr\/?s={search_term_string}\"},\"query-input\":{\"@type\":\"PropertyValueSpecification\",\"valueRequired\":true,\"valueName\":\"search_term_string\"}}],\"inLanguage\":\"fr-FR\"},{\"@type\":\"Person\",\"@id\":\"https:\/\/www.acomeambiente.org\/fr\/#\/schema\/person\/abb5b373fd10c6152f3ba6effe4922a8\",\"name\":\"maca\",\"image\":{\"@type\":\"ImageObject\",\"inLanguage\":\"fr-FR\",\"@id\":\"https:\/\/www.acomeambiente.org\/fr\/#\/schema\/person\/image\/\",\"url\":\"https:\/\/secure.gravatar.com\/avatar\/638ecfb6ae252284df22625e08c27812f9102da6030194ee85189eda9b903f6a?s=96&d=mm&r=g\",\"contentUrl\":\"https:\/\/secure.gravatar.com\/avatar\/638ecfb6ae252284df22625e08c27812f9102da6030194ee85189eda9b903f6a?s=96&d=mm&r=g\",\"caption\":\"maca\"},\"url\":\"https:\/\/www.acomeambiente.org\/fr\/blog\/author\/maca\/\"}]}<\/script>\n<!-- \/ Yoast SEO plugin. -->","yoast_head_json":{"title":"World Habitat Day 2015, lo spazio pubblico come risorsa sociale","description":"Habitat World Day 2015, in programma il 5 ottobre, ha come tema quello degli spazi pubblici, luoghi da rendere accessibili a tutti e di cui occuparci.","robots":{"index":"index","follow":"follow","max-snippet":"max-snippet:-1","max-image-preview":"max-image-preview:large","max-video-preview":"max-video-preview:-1"},"canonical":"https:\/\/www.acomeambiente.org\/fr\/blog\/2015\/10\/05\/world-habitat-day-2015-lo-spazio-pubblico-come-risorsa-sociale\/","og_locale":"fr_FR","og_type":"article","og_title":"World Habitat Day 2015, lo spazio pubblico come risorsa sociale","og_description":"Habitat World Day 2015, in programma il 5 ottobre, ha come tema quello degli spazi pubblici, luoghi da rendere accessibili a tutti e di cui occuparci.","og_url":"https:\/\/www.acomeambiente.org\/fr\/blog\/2015\/10\/05\/world-habitat-day-2015-lo-spazio-pubblico-come-risorsa-sociale\/","og_site_name":"Fr - MAcA - Museo A come Ambiente","article_published_time":"2015-10-05T06:01:14+00:00","article_modified_time":"2017-04-11T08:38:43+00:00","og_image":[{"width":330,"height":238,"url":"https:\/\/www.acomeambiente.org\/fr\/wp-content\/uploads\/sites\/2\/2015\/10\/gdw_whd_2013_logo.jpg","type":"image\/jpeg"}],"author":"maca","twitter_card":"summary_large_image","twitter_misc":{"\u00c9crit par":"maca","Dur\u00e9e de lecture estim\u00e9e":"2 minutes"},"schema":{"@context":"https:\/\/schema.org","@graph":[{"@type":"Article","@id":"https:\/\/www.acomeambiente.org\/fr\/blog\/2015\/10\/05\/world-habitat-day-2015-lo-spazio-pubblico-come-risorsa-sociale\/#article","isPartOf":{"@id":"https:\/\/www.acomeambiente.org\/fr\/blog\/2015\/10\/05\/world-habitat-day-2015-lo-spazio-pubblico-come-risorsa-sociale\/"},"author":{"name":"maca","@id":"https:\/\/www.acomeambiente.org\/fr\/#\/schema\/person\/abb5b373fd10c6152f3ba6effe4922a8"},"headline":"World Habitat Day 2015, lo spazio pubblico come risorsa sociale","datePublished":"2015-10-05T06:01:14+00:00","dateModified":"2017-04-11T08:38:43+00:00","mainEntityOfPage":{"@id":"https:\/\/www.acomeambiente.org\/fr\/blog\/2015\/10\/05\/world-habitat-day-2015-lo-spazio-pubblico-come-risorsa-sociale\/"},"wordCount":450,"image":{"@id":"https:\/\/www.acomeambiente.org\/fr\/blog\/2015\/10\/05\/world-habitat-day-2015-lo-spazio-pubblico-come-risorsa-sociale\/#primaryimage"},"thumbnailUrl":"https:\/\/www.acomeambiente.org\/fr\/wp-content\/uploads\/sites\/2\/2015\/10\/gdw_whd_2013_logo.jpg","keywords":["acqua","ambiente","aria","citt\u00e0","Giornata Internazionale dell'Habitat","habitat","news","Public Spaces for All","rifiuti","spazi pubblici","spazi verdi","sviluppo sostenibile","trasporti","World Habitat Day","World Habitat Day 2015"],"articleSection":["News"],"inLanguage":"fr-FR"},{"@type":"WebPage","@id":"https:\/\/www.acomeambiente.org\/fr\/blog\/2015\/10\/05\/world-habitat-day-2015-lo-spazio-pubblico-come-risorsa-sociale\/","url":"https:\/\/www.acomeambiente.org\/fr\/blog\/2015\/10\/05\/world-habitat-day-2015-lo-spazio-pubblico-come-risorsa-sociale\/","name":"World Habitat Day 2015, lo spazio pubblico come risorsa sociale","isPartOf":{"@id":"https:\/\/www.acomeambiente.org\/fr\/#website"},"primaryImageOfPage":{"@id":"https:\/\/www.acomeambiente.org\/fr\/blog\/2015\/10\/05\/world-habitat-day-2015-lo-spazio-pubblico-come-risorsa-sociale\/#primaryimage"},"image":{"@id":"https:\/\/www.acomeambiente.org\/fr\/blog\/2015\/10\/05\/world-habitat-day-2015-lo-spazio-pubblico-come-risorsa-sociale\/#primaryimage"},"thumbnailUrl":"https:\/\/www.acomeambiente.org\/fr\/wp-content\/uploads\/sites\/2\/2015\/10\/gdw_whd_2013_logo.jpg","datePublished":"2015-10-05T06:01:14+00:00","dateModified":"2017-04-11T08:38:43+00:00","author":{"@id":"https:\/\/www.acomeambiente.org\/fr\/#\/schema\/person\/abb5b373fd10c6152f3ba6effe4922a8"},"description":"Habitat World Day 2015, in programma il 5 ottobre, ha come tema quello degli spazi pubblici, luoghi da rendere accessibili a tutti e di cui occuparci.","breadcrumb":{"@id":"https:\/\/www.acomeambiente.org\/fr\/blog\/2015\/10\/05\/world-habitat-day-2015-lo-spazio-pubblico-come-risorsa-sociale\/#breadcrumb"},"inLanguage":"fr-FR","potentialAction":[{"@type":"ReadAction","target":["https:\/\/www.acomeambiente.org\/fr\/blog\/2015\/10\/05\/world-habitat-day-2015-lo-spazio-pubblico-come-risorsa-sociale\/"]}]},{"@type":"ImageObject","inLanguage":"fr-FR","@id":"https:\/\/www.acomeambiente.org\/fr\/blog\/2015\/10\/05\/world-habitat-day-2015-lo-spazio-pubblico-come-risorsa-sociale\/#primaryimage","url":"https:\/\/www.acomeambiente.org\/fr\/wp-content\/uploads\/sites\/2\/2015\/10\/gdw_whd_2013_logo.jpg","contentUrl":"https:\/\/www.acomeambiente.org\/fr\/wp-content\/uploads\/sites\/2\/2015\/10\/gdw_whd_2013_logo.jpg","width":330,"height":238},{"@type":"BreadcrumbList","@id":"https:\/\/www.acomeambiente.org\/fr\/blog\/2015\/10\/05\/world-habitat-day-2015-lo-spazio-pubblico-come-risorsa-sociale\/#breadcrumb","itemListElement":[{"@type":"ListItem","position":1,"name":"Home","item":"https:\/\/www.acomeambiente.org\/fr\/"},{"@type":"ListItem","position":2,"name":"World Habitat Day 2015, lo spazio pubblico come risorsa sociale"}]},{"@type":"WebSite","@id":"https:\/\/www.acomeambiente.org\/fr\/#website","url":"https:\/\/www.acomeambiente.org\/fr\/","name":"Fr - MAcA - Museo A come Ambiente","description":"Passa al MAcA, costruiamo insieme un mondo pi\u00f9 sostenibile","potentialAction":[{"@type":"SearchAction","target":{"@type":"EntryPoint","urlTemplate":"https:\/\/www.acomeambiente.org\/fr\/?s={search_term_string}"},"query-input":{"@type":"PropertyValueSpecification","valueRequired":true,"valueName":"search_term_string"}}],"inLanguage":"fr-FR"},{"@type":"Person","@id":"https:\/\/www.acomeambiente.org\/fr\/#\/schema\/person\/abb5b373fd10c6152f3ba6effe4922a8","name":"maca","image":{"@type":"ImageObject","inLanguage":"fr-FR","@id":"https:\/\/www.acomeambiente.org\/fr\/#\/schema\/person\/image\/","url":"https:\/\/secure.gravatar.com\/avatar\/638ecfb6ae252284df22625e08c27812f9102da6030194ee85189eda9b903f6a?s=96&d=mm&r=g","contentUrl":"https:\/\/secure.gravatar.com\/avatar\/638ecfb6ae252284df22625e08c27812f9102da6030194ee85189eda9b903f6a?s=96&d=mm&r=g","caption":"maca"},"url":"https:\/\/www.acomeambiente.org\/fr\/blog\/author\/maca\/"}]}},"_links":{"self":[{"href":"https:\/\/www.acomeambiente.org\/fr\/wp-json\/wp\/v2\/posts\/1807","targetHints":{"allow":["GET"]}}],"collection":[{"href":"https:\/\/www.acomeambiente.org\/fr\/wp-json\/wp\/v2\/posts"}],"about":[{"href":"https:\/\/www.acomeambiente.org\/fr\/wp-json\/wp\/v2\/types\/post"}],"author":[{"embeddable":true,"href":"https:\/\/www.acomeambiente.org\/fr\/wp-json\/wp\/v2\/users\/2"}],"replies":[{"embeddable":true,"href":"https:\/\/www.acomeambiente.org\/fr\/wp-json\/wp\/v2\/comments?post=1807"}],"version-history":[{"count":1,"href":"https:\/\/www.acomeambiente.org\/fr\/wp-json\/wp\/v2\/posts\/1807\/revisions"}],"predecessor-version":[{"id":1809,"href":"https:\/\/www.acomeambiente.org\/fr\/wp-json\/wp\/v2\/posts\/1807\/revisions\/1809"}],"wp:featuredmedia":[{"embeddable":true,"href":"https:\/\/www.acomeambiente.org\/fr\/wp-json\/wp\/v2\/media\/1808"}],"wp:attachment":[{"href":"https:\/\/www.acomeambiente.org\/fr\/wp-json\/wp\/v2\/media?parent=1807"}],"wp:term":[{"taxonomy":"category","embeddable":true,"href":"https:\/\/www.acomeambiente.org\/fr\/wp-json\/wp\/v2\/categories?post=1807"},{"taxonomy":"post_tag","embeddable":true,"href":"https:\/\/www.acomeambiente.org\/fr\/wp-json\/wp\/v2\/tags?post=1807"}],"curies":[{"name":"wp","href":"https:\/\/api.w.org\/{rel}","templated":true}]}}