{"id":1795,"date":"2015-10-05T08:41:18","date_gmt":"2015-10-05T08:41:18","guid":{"rendered":"http:\/\/www.acomeambiente.org\/fr\/?p=1795"},"modified":"2017-04-11T08:38:42","modified_gmt":"2017-04-11T08:38:42","slug":"il-maca-per-cinemambiente-laboratorio-un-mandala-per-lambiente","status":"publish","type":"post","link":"https:\/\/www.acomeambiente.org\/fr\/blog\/2015\/10\/05\/il-maca-per-cinemambiente-laboratorio-un-mandala-per-lambiente\/","title":{"rendered":"Il MAcA per CinemAmbiente: laboratorio Un Mandala per l\u2019ambiente"},"content":{"rendered":"<h1 class=\"entry-title\" style=\"text-align: justify;\">Il MAcA per CinemAmbiente: laboratorio Un Mandala per l\u2019ambiente<\/h1>\n<div class=\"fusion-fullwidth fullwidth-box fusion-builder-row-1 hundred-percent-fullwidth non-hundred-percent-height-scrolling\" style=\"--awb-border-radius-top-left:0px;--awb-border-radius-top-right:0px;--awb-border-radius-bottom-right:0px;--awb-border-radius-bottom-left:0px;--awb-overflow:visible;--awb-flex-wrap:wrap;\" ><div class=\"fusion-builder-row fusion-row\"><div class=\"fusion-layout-column fusion_builder_column fusion-builder-column-0 fusion_builder_column_1_1 1_1 fusion-one-full fusion-column-first fusion-column-last fusion-column-no-min-height\" style=\"--awb-bg-size:cover;--awb-margin-bottom:0px;\"><div class=\"fusion-column-wrapper fusion-flex-column-wrapper-legacy\"><div id=\"attachment_1801\" style=\"width: 826px\" class=\"wp-caption alignnone\"><a href=\"http:\/\/www.acomeambiente.org\/wp-content\/uploads\/sites\/2\/2015\/10\/laboratorio-un-mandala-per-lambiente-022601.jpg\"><img decoding=\"async\" aria-describedby=\"caption-attachment-1801\" class=\" wp-image-1801\" src=\"http:\/\/www.acomeambiente.org\/wp-content\/uploads\/sites\/2\/2015\/10\/laboratorio-un-mandala-per-lambiente-022601.jpg\" alt=\"Immagine Courtesy: jekyll &amp; hyde http:\/\/www.jeh.it\" width=\"816\" height=\"578\" srcset=\"https:\/\/www.acomeambiente.org\/fr\/wp-content\/uploads\/sites\/2\/2015\/10\/laboratorio-un-mandala-per-lambiente-022601-300x214.jpg 300w, https:\/\/www.acomeambiente.org\/fr\/wp-content\/uploads\/sites\/2\/2015\/10\/laboratorio-un-mandala-per-lambiente-022601-600x425.jpg 600w, https:\/\/www.acomeambiente.org\/fr\/wp-content\/uploads\/sites\/2\/2015\/10\/laboratorio-un-mandala-per-lambiente-022601-1024x726.jpg 1024w, https:\/\/www.acomeambiente.org\/fr\/wp-content\/uploads\/sites\/2\/2015\/10\/laboratorio-un-mandala-per-lambiente-022601.jpg 1500w\" sizes=\"(max-width: 816px) 100vw, 816px\" \/><\/a><p id=\"caption-attachment-1801\" class=\"wp-caption-text\">Immagine Courtesy: jekyll &amp; hyde http:\/\/www.jeh.it<\/p><\/div>\n<p>Nell\u2019ambito del <strong>18\u00b0 Festival CinemAmbiente<\/strong> di Torino, il <em>Museo A come Ambiente<\/em>, in collaborazione con il <em>Xk\u00e9 \u2013 Il laboratorio della curiosit\u00e0<\/em>, organizza il laboratorio guidato <strong>Un Mandala per l\u2019ambiente<\/strong>,<\/p>\n<p>Il ciclo di laboratori si terr\u00e0 presso l\u2019<em>Agor\u00e0 a Torino<\/em>, a piazza Castello (di fronte alla Prefettura), nelle giornate che vanno <strong>dal 6 al 9 ottobre 2015<\/strong>, alle ore <strong>9:00<\/strong>, <strong>11:00<\/strong>, <strong>13:00<\/strong> e <strong>14:30<\/strong>.<\/p>\n<p>Per circa un\u2019ora e mezza gli studenti della scuola primaria contribuiranno alla creazione di un grande mandala, simbolo della cultura tibetana. Per i partecipanti sar\u00e0 l\u2019occasione per riflettere sulle tematiche ambientali da un punto di vista inedito, quello dei <strong>Green Soldiers<\/strong> e della guida di montagna nepalese <strong>Achut Gurung<\/strong>, attivista nella sensibilizzazione sul tema della riduzione dei rifiuti e protagonista del film <strong>\u201c<a href=\"http:\/\/www.menorifiuti.org\/2015\/10\/05\/waste-mandala-una-storia-di-plastica-e-speranza\/\" target=\"_blank\">Waste Mandala<\/a>\u201d<\/strong> di Alessandro Bernard e Paolo Ceretto.<\/p>\n<p>Ciascun alunno \u00e8 invitato a portare con s\u00e9 materiali di recupero (tappi di plastica, bottigliette, imballaggi puliti di piccole dimensioni, cartoni per uova), da usare per creare un mandala di classe. I materiali raccolti verranno inoltre utilizzati nella giornata di <strong>domenica 11 ottobre<\/strong> in piazza Castello, dove <strong>dalle ore 10:00 alle ore 18:00<\/strong> verr\u00e0 realizzato un grande e multicolore mandala.<\/p>\n<p>La partecipazione \u00e8 gratuita fino ad esaurimento posti, previa prenotazione obbligatoria. Per info e prenotazioni rivolgersi all\u2019indirizzo di posta elettronica <a href=\"mailto:agoratorino2015@gmail.com\">agoratorino2015@gmail.com<\/a> o telefonare allo 011 \u2013 4322852.<\/p>\n<p>Realizzato con il contributo di\u00a0<a href=\"http:\/\/www.asja.biz\" target=\"_blank\"><strong>Asja<\/strong><\/a><br \/>\n<img decoding=\"async\" class=\"alignnone size-full wp-image-1045\" src=\"http:\/\/www.acomeambiente.org\/wp-content\/uploads\/sites\/2\/2015\/04\/ajas.jpg\" alt=\"asja\" width=\"154\" height=\"98\" \/><div class=\"fusion-clearfix\"><\/div><\/div><\/div><\/div><\/div>\n","protected":false},"excerpt":{"rendered":"<p>Dal 6 al 9 ottobre e 11 ottobre 2015<br \/>\nTorino <\/p>\n","protected":false},"author":2,"featured_media":1801,"comment_status":"closed","ping_status":"open","sticky":false,"template":"","format":"standard","meta":{"footnotes":""},"categories":[7],"tags":[131,81,130,144,14,47,19,151,153,12,141,152],"class_list":["post-1795","post","type-post","status-publish","format-standard","has-post-thumbnail","hentry","category-evenements","tag-ca2015","tag-cinemambiente","tag-cinemambiente-18","tag-cinemambiente-2015","tag-eventi","tag-laboratori","tag-maca","tag-mandala","tag-piazza-castello","tag-torino","tag-un-mandala-per-lambiente","tag-waste-mandala"],"yoast_head":"<!-- This site is optimized with the Yoast SEO plugin v26.9 - https:\/\/yoast.com\/product\/yoast-seo-wordpress\/ -->\n<title>Il MAcA per CinemAmbiente: laboratorio Un Mandala per l\u2019ambiente<\/title>\n<meta name=\"description\" content=\"Per CinemAmbiente 2015, il MAcA organizza i laboratori Un Mandala per l&#039;ambiente. Domenica 11 ottobre la costruzione di un mandala in piazza Castello.\" \/>\n<meta name=\"robots\" content=\"index, follow, max-snippet:-1, max-image-preview:large, max-video-preview:-1\" \/>\n<link rel=\"canonical\" href=\"https:\/\/www.acomeambiente.org\/fr\/blog\/2015\/10\/05\/il-maca-per-cinemambiente-laboratorio-un-mandala-per-lambiente\/\" \/>\n<meta property=\"og:locale\" content=\"fr_FR\" \/>\n<meta property=\"og:type\" content=\"article\" \/>\n<meta property=\"og:title\" content=\"Il MAcA per CinemAmbiente: laboratorio Un Mandala per l\u2019ambiente\" \/>\n<meta property=\"og:description\" content=\"Per CinemAmbiente 2015, il MAcA organizza i laboratori Un Mandala per l&#039;ambiente. Domenica 11 ottobre la costruzione di un mandala in piazza Castello.\" \/>\n<meta property=\"og:url\" content=\"https:\/\/www.acomeambiente.org\/fr\/blog\/2015\/10\/05\/il-maca-per-cinemambiente-laboratorio-un-mandala-per-lambiente\/\" \/>\n<meta property=\"og:site_name\" content=\"Fr - MAcA - Museo A come Ambiente\" \/>\n<meta property=\"article:published_time\" content=\"2015-10-05T08:41:18+00:00\" \/>\n<meta property=\"article:modified_time\" content=\"2017-04-11T08:38:42+00:00\" \/>\n<meta property=\"og:image\" content=\"https:\/\/www.acomeambiente.org\/fr\/wp-content\/uploads\/sites\/2\/2015\/10\/laboratorio-un-mandala-per-lambiente-022601.jpg\" \/>\n\t<meta property=\"og:image:width\" content=\"1500\" \/>\n\t<meta property=\"og:image:height\" content=\"1063\" \/>\n\t<meta property=\"og:image:type\" content=\"image\/jpeg\" \/>\n<meta name=\"author\" content=\"maca\" \/>\n<meta name=\"twitter:card\" content=\"summary_large_image\" \/>\n<meta name=\"twitter:label1\" content=\"\u00c9crit par\" \/>\n\t<meta name=\"twitter:data1\" content=\"maca\" \/>\n\t<meta name=\"twitter:label2\" content=\"Dur\u00e9e de lecture estim\u00e9e\" \/>\n\t<meta name=\"twitter:data2\" content=\"2 minutes\" \/>\n<script type=\"application\/ld+json\" class=\"yoast-schema-graph\">{\"@context\":\"https:\/\/schema.org\",\"@graph\":[{\"@type\":\"Article\",\"@id\":\"https:\/\/www.acomeambiente.org\/fr\/blog\/2015\/10\/05\/il-maca-per-cinemambiente-laboratorio-un-mandala-per-lambiente\/#article\",\"isPartOf\":{\"@id\":\"https:\/\/www.acomeambiente.org\/fr\/blog\/2015\/10\/05\/il-maca-per-cinemambiente-laboratorio-un-mandala-per-lambiente\/\"},\"author\":{\"name\":\"maca\",\"@id\":\"https:\/\/www.acomeambiente.org\/fr\/#\/schema\/person\/abb5b373fd10c6152f3ba6effe4922a8\"},\"headline\":\"Il MAcA per CinemAmbiente: laboratorio Un Mandala per l\u2019ambiente\",\"datePublished\":\"2015-10-05T08:41:18+00:00\",\"dateModified\":\"2017-04-11T08:38:42+00:00\",\"mainEntityOfPage\":{\"@id\":\"https:\/\/www.acomeambiente.org\/fr\/blog\/2015\/10\/05\/il-maca-per-cinemambiente-laboratorio-un-mandala-per-lambiente\/\"},\"wordCount\":324,\"image\":{\"@id\":\"https:\/\/www.acomeambiente.org\/fr\/blog\/2015\/10\/05\/il-maca-per-cinemambiente-laboratorio-un-mandala-per-lambiente\/#primaryimage\"},\"thumbnailUrl\":\"https:\/\/www.acomeambiente.org\/fr\/wp-content\/uploads\/sites\/2\/2015\/10\/laboratorio-un-mandala-per-lambiente-022601.jpg\",\"keywords\":[\"CA2015\",\"CinemAmbiente\",\"CinemAmbiente 18\",\"CinemAmbiente 2015\",\"Eventi\",\"laboratori\",\"MAcA\",\"mandala\",\"Piazza Castello\",\"Torino\",\"Un Mandala per l'Ambiente\",\"Waste Mandala\"],\"articleSection\":[\"\u00c9v\u00e9nements\"],\"inLanguage\":\"fr-FR\"},{\"@type\":\"WebPage\",\"@id\":\"https:\/\/www.acomeambiente.org\/fr\/blog\/2015\/10\/05\/il-maca-per-cinemambiente-laboratorio-un-mandala-per-lambiente\/\",\"url\":\"https:\/\/www.acomeambiente.org\/fr\/blog\/2015\/10\/05\/il-maca-per-cinemambiente-laboratorio-un-mandala-per-lambiente\/\",\"name\":\"Il MAcA per CinemAmbiente: laboratorio Un Mandala per l\u2019ambiente\",\"isPartOf\":{\"@id\":\"https:\/\/www.acomeambiente.org\/fr\/#website\"},\"primaryImageOfPage\":{\"@id\":\"https:\/\/www.acomeambiente.org\/fr\/blog\/2015\/10\/05\/il-maca-per-cinemambiente-laboratorio-un-mandala-per-lambiente\/#primaryimage\"},\"image\":{\"@id\":\"https:\/\/www.acomeambiente.org\/fr\/blog\/2015\/10\/05\/il-maca-per-cinemambiente-laboratorio-un-mandala-per-lambiente\/#primaryimage\"},\"thumbnailUrl\":\"https:\/\/www.acomeambiente.org\/fr\/wp-content\/uploads\/sites\/2\/2015\/10\/laboratorio-un-mandala-per-lambiente-022601.jpg\",\"datePublished\":\"2015-10-05T08:41:18+00:00\",\"dateModified\":\"2017-04-11T08:38:42+00:00\",\"author\":{\"@id\":\"https:\/\/www.acomeambiente.org\/fr\/#\/schema\/person\/abb5b373fd10c6152f3ba6effe4922a8\"},\"description\":\"Per CinemAmbiente 2015, il MAcA organizza i laboratori Un Mandala per l'ambiente. Domenica 11 ottobre la costruzione di un mandala in piazza Castello.\",\"breadcrumb\":{\"@id\":\"https:\/\/www.acomeambiente.org\/fr\/blog\/2015\/10\/05\/il-maca-per-cinemambiente-laboratorio-un-mandala-per-lambiente\/#breadcrumb\"},\"inLanguage\":\"fr-FR\",\"potentialAction\":[{\"@type\":\"ReadAction\",\"target\":[\"https:\/\/www.acomeambiente.org\/fr\/blog\/2015\/10\/05\/il-maca-per-cinemambiente-laboratorio-un-mandala-per-lambiente\/\"]}]},{\"@type\":\"ImageObject\",\"inLanguage\":\"fr-FR\",\"@id\":\"https:\/\/www.acomeambiente.org\/fr\/blog\/2015\/10\/05\/il-maca-per-cinemambiente-laboratorio-un-mandala-per-lambiente\/#primaryimage\",\"url\":\"https:\/\/www.acomeambiente.org\/fr\/wp-content\/uploads\/sites\/2\/2015\/10\/laboratorio-un-mandala-per-lambiente-022601.jpg\",\"contentUrl\":\"https:\/\/www.acomeambiente.org\/fr\/wp-content\/uploads\/sites\/2\/2015\/10\/laboratorio-un-mandala-per-lambiente-022601.jpg\",\"width\":1500,\"height\":1063,\"caption\":\"Immagine Courtesy: jekyll & hyde http:\/\/www.jeh.it\"},{\"@type\":\"BreadcrumbList\",\"@id\":\"https:\/\/www.acomeambiente.org\/fr\/blog\/2015\/10\/05\/il-maca-per-cinemambiente-laboratorio-un-mandala-per-lambiente\/#breadcrumb\",\"itemListElement\":[{\"@type\":\"ListItem\",\"position\":1,\"name\":\"Home\",\"item\":\"https:\/\/www.acomeambiente.org\/fr\/\"},{\"@type\":\"ListItem\",\"position\":2,\"name\":\"Il MAcA per CinemAmbiente: laboratorio Un Mandala per l\u2019ambiente\"}]},{\"@type\":\"WebSite\",\"@id\":\"https:\/\/www.acomeambiente.org\/fr\/#website\",\"url\":\"https:\/\/www.acomeambiente.org\/fr\/\",\"name\":\"Fr - MAcA - Museo A come Ambiente\",\"description\":\"Passa al MAcA, costruiamo insieme un mondo pi\u00f9 sostenibile\",\"potentialAction\":[{\"@type\":\"SearchAction\",\"target\":{\"@type\":\"EntryPoint\",\"urlTemplate\":\"https:\/\/www.acomeambiente.org\/fr\/?s={search_term_string}\"},\"query-input\":{\"@type\":\"PropertyValueSpecification\",\"valueRequired\":true,\"valueName\":\"search_term_string\"}}],\"inLanguage\":\"fr-FR\"},{\"@type\":\"Person\",\"@id\":\"https:\/\/www.acomeambiente.org\/fr\/#\/schema\/person\/abb5b373fd10c6152f3ba6effe4922a8\",\"name\":\"maca\",\"image\":{\"@type\":\"ImageObject\",\"inLanguage\":\"fr-FR\",\"@id\":\"https:\/\/www.acomeambiente.org\/fr\/#\/schema\/person\/image\/\",\"url\":\"https:\/\/secure.gravatar.com\/avatar\/638ecfb6ae252284df22625e08c27812f9102da6030194ee85189eda9b903f6a?s=96&d=mm&r=g\",\"contentUrl\":\"https:\/\/secure.gravatar.com\/avatar\/638ecfb6ae252284df22625e08c27812f9102da6030194ee85189eda9b903f6a?s=96&d=mm&r=g\",\"caption\":\"maca\"},\"url\":\"https:\/\/www.acomeambiente.org\/fr\/blog\/author\/maca\/\"}]}<\/script>\n<!-- \/ Yoast SEO plugin. -->","yoast_head_json":{"title":"Il MAcA per CinemAmbiente: laboratorio Un Mandala per l\u2019ambiente","description":"Per CinemAmbiente 2015, il MAcA organizza i laboratori Un Mandala per l'ambiente. Domenica 11 ottobre la costruzione di un mandala in piazza Castello.","robots":{"index":"index","follow":"follow","max-snippet":"max-snippet:-1","max-image-preview":"max-image-preview:large","max-video-preview":"max-video-preview:-1"},"canonical":"https:\/\/www.acomeambiente.org\/fr\/blog\/2015\/10\/05\/il-maca-per-cinemambiente-laboratorio-un-mandala-per-lambiente\/","og_locale":"fr_FR","og_type":"article","og_title":"Il MAcA per CinemAmbiente: laboratorio Un Mandala per l\u2019ambiente","og_description":"Per CinemAmbiente 2015, il MAcA organizza i laboratori Un Mandala per l'ambiente. Domenica 11 ottobre la costruzione di un mandala in piazza Castello.","og_url":"https:\/\/www.acomeambiente.org\/fr\/blog\/2015\/10\/05\/il-maca-per-cinemambiente-laboratorio-un-mandala-per-lambiente\/","og_site_name":"Fr - MAcA - Museo A come Ambiente","article_published_time":"2015-10-05T08:41:18+00:00","article_modified_time":"2017-04-11T08:38:42+00:00","og_image":[{"width":1500,"height":1063,"url":"https:\/\/www.acomeambiente.org\/fr\/wp-content\/uploads\/sites\/2\/2015\/10\/laboratorio-un-mandala-per-lambiente-022601.jpg","type":"image\/jpeg"}],"author":"maca","twitter_card":"summary_large_image","twitter_misc":{"\u00c9crit par":"maca","Dur\u00e9e de lecture estim\u00e9e":"2 minutes"},"schema":{"@context":"https:\/\/schema.org","@graph":[{"@type":"Article","@id":"https:\/\/www.acomeambiente.org\/fr\/blog\/2015\/10\/05\/il-maca-per-cinemambiente-laboratorio-un-mandala-per-lambiente\/#article","isPartOf":{"@id":"https:\/\/www.acomeambiente.org\/fr\/blog\/2015\/10\/05\/il-maca-per-cinemambiente-laboratorio-un-mandala-per-lambiente\/"},"author":{"name":"maca","@id":"https:\/\/www.acomeambiente.org\/fr\/#\/schema\/person\/abb5b373fd10c6152f3ba6effe4922a8"},"headline":"Il MAcA per CinemAmbiente: laboratorio Un Mandala per l\u2019ambiente","datePublished":"2015-10-05T08:41:18+00:00","dateModified":"2017-04-11T08:38:42+00:00","mainEntityOfPage":{"@id":"https:\/\/www.acomeambiente.org\/fr\/blog\/2015\/10\/05\/il-maca-per-cinemambiente-laboratorio-un-mandala-per-lambiente\/"},"wordCount":324,"image":{"@id":"https:\/\/www.acomeambiente.org\/fr\/blog\/2015\/10\/05\/il-maca-per-cinemambiente-laboratorio-un-mandala-per-lambiente\/#primaryimage"},"thumbnailUrl":"https:\/\/www.acomeambiente.org\/fr\/wp-content\/uploads\/sites\/2\/2015\/10\/laboratorio-un-mandala-per-lambiente-022601.jpg","keywords":["CA2015","CinemAmbiente","CinemAmbiente 18","CinemAmbiente 2015","Eventi","laboratori","MAcA","mandala","Piazza Castello","Torino","Un Mandala per l'Ambiente","Waste Mandala"],"articleSection":["\u00c9v\u00e9nements"],"inLanguage":"fr-FR"},{"@type":"WebPage","@id":"https:\/\/www.acomeambiente.org\/fr\/blog\/2015\/10\/05\/il-maca-per-cinemambiente-laboratorio-un-mandala-per-lambiente\/","url":"https:\/\/www.acomeambiente.org\/fr\/blog\/2015\/10\/05\/il-maca-per-cinemambiente-laboratorio-un-mandala-per-lambiente\/","name":"Il MAcA per CinemAmbiente: laboratorio Un Mandala per l\u2019ambiente","isPartOf":{"@id":"https:\/\/www.acomeambiente.org\/fr\/#website"},"primaryImageOfPage":{"@id":"https:\/\/www.acomeambiente.org\/fr\/blog\/2015\/10\/05\/il-maca-per-cinemambiente-laboratorio-un-mandala-per-lambiente\/#primaryimage"},"image":{"@id":"https:\/\/www.acomeambiente.org\/fr\/blog\/2015\/10\/05\/il-maca-per-cinemambiente-laboratorio-un-mandala-per-lambiente\/#primaryimage"},"thumbnailUrl":"https:\/\/www.acomeambiente.org\/fr\/wp-content\/uploads\/sites\/2\/2015\/10\/laboratorio-un-mandala-per-lambiente-022601.jpg","datePublished":"2015-10-05T08:41:18+00:00","dateModified":"2017-04-11T08:38:42+00:00","author":{"@id":"https:\/\/www.acomeambiente.org\/fr\/#\/schema\/person\/abb5b373fd10c6152f3ba6effe4922a8"},"description":"Per CinemAmbiente 2015, il MAcA organizza i laboratori Un Mandala per l'ambiente. Domenica 11 ottobre la costruzione di un mandala in piazza Castello.","breadcrumb":{"@id":"https:\/\/www.acomeambiente.org\/fr\/blog\/2015\/10\/05\/il-maca-per-cinemambiente-laboratorio-un-mandala-per-lambiente\/#breadcrumb"},"inLanguage":"fr-FR","potentialAction":[{"@type":"ReadAction","target":["https:\/\/www.acomeambiente.org\/fr\/blog\/2015\/10\/05\/il-maca-per-cinemambiente-laboratorio-un-mandala-per-lambiente\/"]}]},{"@type":"ImageObject","inLanguage":"fr-FR","@id":"https:\/\/www.acomeambiente.org\/fr\/blog\/2015\/10\/05\/il-maca-per-cinemambiente-laboratorio-un-mandala-per-lambiente\/#primaryimage","url":"https:\/\/www.acomeambiente.org\/fr\/wp-content\/uploads\/sites\/2\/2015\/10\/laboratorio-un-mandala-per-lambiente-022601.jpg","contentUrl":"https:\/\/www.acomeambiente.org\/fr\/wp-content\/uploads\/sites\/2\/2015\/10\/laboratorio-un-mandala-per-lambiente-022601.jpg","width":1500,"height":1063,"caption":"Immagine Courtesy: jekyll & hyde http:\/\/www.jeh.it"},{"@type":"BreadcrumbList","@id":"https:\/\/www.acomeambiente.org\/fr\/blog\/2015\/10\/05\/il-maca-per-cinemambiente-laboratorio-un-mandala-per-lambiente\/#breadcrumb","itemListElement":[{"@type":"ListItem","position":1,"name":"Home","item":"https:\/\/www.acomeambiente.org\/fr\/"},{"@type":"ListItem","position":2,"name":"Il MAcA per CinemAmbiente: laboratorio Un Mandala per l\u2019ambiente"}]},{"@type":"WebSite","@id":"https:\/\/www.acomeambiente.org\/fr\/#website","url":"https:\/\/www.acomeambiente.org\/fr\/","name":"Fr - MAcA - Museo A come Ambiente","description":"Passa al MAcA, costruiamo insieme un mondo pi\u00f9 sostenibile","potentialAction":[{"@type":"SearchAction","target":{"@type":"EntryPoint","urlTemplate":"https:\/\/www.acomeambiente.org\/fr\/?s={search_term_string}"},"query-input":{"@type":"PropertyValueSpecification","valueRequired":true,"valueName":"search_term_string"}}],"inLanguage":"fr-FR"},{"@type":"Person","@id":"https:\/\/www.acomeambiente.org\/fr\/#\/schema\/person\/abb5b373fd10c6152f3ba6effe4922a8","name":"maca","image":{"@type":"ImageObject","inLanguage":"fr-FR","@id":"https:\/\/www.acomeambiente.org\/fr\/#\/schema\/person\/image\/","url":"https:\/\/secure.gravatar.com\/avatar\/638ecfb6ae252284df22625e08c27812f9102da6030194ee85189eda9b903f6a?s=96&d=mm&r=g","contentUrl":"https:\/\/secure.gravatar.com\/avatar\/638ecfb6ae252284df22625e08c27812f9102da6030194ee85189eda9b903f6a?s=96&d=mm&r=g","caption":"maca"},"url":"https:\/\/www.acomeambiente.org\/fr\/blog\/author\/maca\/"}]}},"_links":{"self":[{"href":"https:\/\/www.acomeambiente.org\/fr\/wp-json\/wp\/v2\/posts\/1795","targetHints":{"allow":["GET"]}}],"collection":[{"href":"https:\/\/www.acomeambiente.org\/fr\/wp-json\/wp\/v2\/posts"}],"about":[{"href":"https:\/\/www.acomeambiente.org\/fr\/wp-json\/wp\/v2\/types\/post"}],"author":[{"embeddable":true,"href":"https:\/\/www.acomeambiente.org\/fr\/wp-json\/wp\/v2\/users\/2"}],"replies":[{"embeddable":true,"href":"https:\/\/www.acomeambiente.org\/fr\/wp-json\/wp\/v2\/comments?post=1795"}],"version-history":[{"count":8,"href":"https:\/\/www.acomeambiente.org\/fr\/wp-json\/wp\/v2\/posts\/1795\/revisions"}],"predecessor-version":[{"id":4448,"href":"https:\/\/www.acomeambiente.org\/fr\/wp-json\/wp\/v2\/posts\/1795\/revisions\/4448"}],"wp:featuredmedia":[{"embeddable":true,"href":"https:\/\/www.acomeambiente.org\/fr\/wp-json\/wp\/v2\/media\/1801"}],"wp:attachment":[{"href":"https:\/\/www.acomeambiente.org\/fr\/wp-json\/wp\/v2\/media?parent=1795"}],"wp:term":[{"taxonomy":"category","embeddable":true,"href":"https:\/\/www.acomeambiente.org\/fr\/wp-json\/wp\/v2\/categories?post=1795"},{"taxonomy":"post_tag","embeddable":true,"href":"https:\/\/www.acomeambiente.org\/fr\/wp-json\/wp\/v2\/tags?post=1795"}],"curies":[{"name":"wp","href":"https:\/\/api.w.org\/{rel}","templated":true}]}}