{"id":1789,"date":"2015-10-07T05:32:13","date_gmt":"2015-10-07T05:32:13","guid":{"rendered":"http:\/\/www.acomeambiente.org\/fr\/?p=1789"},"modified":"2017-04-11T08:38:42","modified_gmt":"2017-04-11T08:38:42","slug":"il-maca-per-cinemambiente-proiezione-di-galline-in-fuga","status":"publish","type":"post","link":"https:\/\/www.acomeambiente.org\/fr\/blog\/2015\/10\/07\/il-maca-per-cinemambiente-proiezione-di-galline-in-fuga\/","title":{"rendered":"Il MAcA per CinemAmbiente: proiezione di \u201cGalline in fuga\u201d"},"content":{"rendered":"<h1 class=\"entry-title\" style=\"text-align: justify;\">Il MAcA per CinemAmbiente: proiezione di \u201cGalline in fuga\u201d<\/h1>\n<p><a href=\"http:\/\/www.acomeambiente.org\/wp-content\/uploads\/sites\/2\/2015\/09\/Galline-in-fuga-II.jpg\"><img decoding=\"async\" class=\"alignnone wp-image-1790\" src=\"http:\/\/www.acomeambiente.org\/wp-content\/uploads\/sites\/2\/2015\/09\/Galline-in-fuga-II.jpg\" alt=\"Galline in fuga II\" width=\"706\" height=\"397\" srcset=\"https:\/\/www.acomeambiente.org\/fr\/wp-content\/uploads\/sites\/2\/2015\/09\/Galline-in-fuga-II-300x169.jpg 300w, https:\/\/www.acomeambiente.org\/fr\/wp-content\/uploads\/sites\/2\/2015\/09\/Galline-in-fuga-II.jpg 500w\" sizes=\"(max-width: 706px) 100vw, 706px\" \/><\/a><\/p>\n<p>Nell\u2019ambito del <strong>18\u00b0 Festival CinemAmbiente<\/strong> di Torino, il <em>Museo A come Ambiente<\/em> ospita la proiezione di <strong>\u201cGalline in Fuga\u201d<\/strong>, film d\u2019animazione del 2000 diretto da Nick Park e Peter Lord.<\/p>\n<p>Il film, rivolto agli studenti della scuola dell\u2019infanzia e della scuola primaria, sar\u00e0 proiettato al <em>Museo A come Ambiente<\/em> <strong>gioved\u00ec 8 ottobre 2015<\/strong>, alle ore <strong>10:00<\/strong>.<\/p>\n<p>Protagonista del film \u00e8 <strong>Gaia<\/strong>, una gallina decisa a scappare dall\u2019allevamento del signor Tweedy insieme al resto del pollaio, per evitare di finire nella mostruosa macchina per produrre pasticci di pollo. Con l\u2019aiuto del simpatico gallo <strong>Rocky<\/strong>, Gaia coinvolge le altre galline in una serie di tentativi di fuga, fino all\u2019idea di costruire una macchina volante per raggiungere il bellissimo prato verde al di l\u00e0 del recinto, in cui poter vivere liberi e felici.<\/p>\n<p>L\u2019ingresso \u00e8 gratuito fino ad esaurimento posti, previa prenotazione obbligatoria. Per informazioni e prenotazioni rivolgersi all\u2019indirizzo di posta elettronica <a href=\"mailto:segreteria@acomeambiente.org\">segreteria@acomeambiente.org<\/a> o telefonare allo 011- 0702535.<\/p>\n<p>La proiezione di <em>\u201cGalline in fuga\u201d<\/em> apre il ciclo di eventi organizzati dal <em>MAcA<\/em> in occasione del <em>18\u00b0 Festival CinemAmbiente<\/em> di Torino, una manifestazione che da sempre dimostra l\u2019importanza del cinema nell\u2019educazione ambientale, ricorrendo ad un linguaggio efficace e stimolante.<\/p>\n<p>Realizzato con il contributo di\u00a0<a href=\"http:\/\/www.asja.biz\" target=\"_blank\"><strong>Asja<\/strong><\/a><\/p>\n<p><a href=\"http:\/\/www.acomeambiente.org\/wp-content\/uploads\/sites\/2\/2015\/04\/asja-e1429000291273.jpg\"><img decoding=\"async\" class=\"alignnone wp-image-1106\" src=\"http:\/\/www.acomeambiente.org\/wp-content\/uploads\/sites\/2\/2015\/04\/asja-e1429000291273.jpg\" alt=\"asja\" width=\"97\" height=\"34\" \/><\/a><\/p>\n","protected":false},"excerpt":{"rendered":"<p>8 ottobre 2015<br \/>\nTorino <\/p>\n","protected":false},"author":2,"featured_media":1790,"comment_status":"closed","ping_status":"open","sticky":false,"template":"","format":"standard","meta":{"footnotes":""},"categories":[7],"tags":[34,131,81,130,144,14,139,19,146,147,145,12],"class_list":["post-1789","post","type-post","status-publish","format-standard","has-post-thumbnail","hentry","category-evenements","tag-a-come-ambiente","tag-ca2015","tag-cinemambiente","tag-cinemambiente-18","tag-cinemambiente-2015","tag-eventi","tag-galline-in-fuga","tag-maca","tag-nick-park","tag-peter-lord","tag-proiezione","tag-torino"],"yoast_head":"<!-- This site is optimized with the Yoast SEO plugin v26.9 - https:\/\/yoast.com\/product\/yoast-seo-wordpress\/ -->\n<title>Il MAcA per CinemAmbiente: proiezione di \u201cGalline in fuga\u201d<\/title>\n<meta name=\"description\" content=\"La proiezione di &quot;Galline in fuga&quot; apre il ciclo di eventi che il MAcA organizza nell&#039;ambito di CinemAmbiente 18. L&#039;evento gioved\u00ec 8 ottobre 2015 alle 10:00\" \/>\n<meta name=\"robots\" content=\"index, follow, max-snippet:-1, max-image-preview:large, max-video-preview:-1\" \/>\n<link rel=\"canonical\" href=\"https:\/\/www.acomeambiente.org\/fr\/blog\/2015\/10\/07\/il-maca-per-cinemambiente-proiezione-di-galline-in-fuga\/\" \/>\n<meta property=\"og:locale\" content=\"fr_FR\" \/>\n<meta property=\"og:type\" content=\"article\" \/>\n<meta property=\"og:title\" content=\"Il MAcA per CinemAmbiente: proiezione di \u201cGalline in fuga\u201d\" \/>\n<meta property=\"og:description\" content=\"La proiezione di &quot;Galline in fuga&quot; apre il ciclo di eventi che il MAcA organizza nell&#039;ambito di CinemAmbiente 18. L&#039;evento gioved\u00ec 8 ottobre 2015 alle 10:00\" \/>\n<meta property=\"og:url\" content=\"https:\/\/www.acomeambiente.org\/fr\/blog\/2015\/10\/07\/il-maca-per-cinemambiente-proiezione-di-galline-in-fuga\/\" \/>\n<meta property=\"og:site_name\" content=\"Fr - MAcA - Museo A come Ambiente\" \/>\n<meta property=\"article:published_time\" content=\"2015-10-07T05:32:13+00:00\" \/>\n<meta property=\"article:modified_time\" content=\"2017-04-11T08:38:42+00:00\" \/>\n<meta property=\"og:image\" content=\"https:\/\/www.acomeambiente.org\/fr\/wp-content\/uploads\/sites\/2\/2015\/09\/Galline-in-fuga-II.jpg\" \/>\n\t<meta property=\"og:image:width\" content=\"500\" \/>\n\t<meta property=\"og:image:height\" content=\"281\" \/>\n\t<meta property=\"og:image:type\" content=\"image\/jpeg\" \/>\n<meta name=\"author\" content=\"maca\" \/>\n<meta name=\"twitter:card\" content=\"summary_large_image\" \/>\n<meta name=\"twitter:label1\" content=\"\u00c9crit par\" \/>\n\t<meta name=\"twitter:data1\" content=\"maca\" \/>\n\t<meta name=\"twitter:label2\" content=\"Dur\u00e9e de lecture estim\u00e9e\" \/>\n\t<meta name=\"twitter:data2\" content=\"1 minute\" \/>\n<script type=\"application\/ld+json\" class=\"yoast-schema-graph\">{\"@context\":\"https:\/\/schema.org\",\"@graph\":[{\"@type\":\"Article\",\"@id\":\"https:\/\/www.acomeambiente.org\/fr\/blog\/2015\/10\/07\/il-maca-per-cinemambiente-proiezione-di-galline-in-fuga\/#article\",\"isPartOf\":{\"@id\":\"https:\/\/www.acomeambiente.org\/fr\/blog\/2015\/10\/07\/il-maca-per-cinemambiente-proiezione-di-galline-in-fuga\/\"},\"author\":{\"name\":\"maca\",\"@id\":\"https:\/\/www.acomeambiente.org\/fr\/#\/schema\/person\/abb5b373fd10c6152f3ba6effe4922a8\"},\"headline\":\"Il MAcA per CinemAmbiente: proiezione di \u201cGalline in fuga\u201d\",\"datePublished\":\"2015-10-07T05:32:13+00:00\",\"dateModified\":\"2017-04-11T08:38:42+00:00\",\"mainEntityOfPage\":{\"@id\":\"https:\/\/www.acomeambiente.org\/fr\/blog\/2015\/10\/07\/il-maca-per-cinemambiente-proiezione-di-galline-in-fuga\/\"},\"wordCount\":222,\"image\":{\"@id\":\"https:\/\/www.acomeambiente.org\/fr\/blog\/2015\/10\/07\/il-maca-per-cinemambiente-proiezione-di-galline-in-fuga\/#primaryimage\"},\"thumbnailUrl\":\"https:\/\/www.acomeambiente.org\/fr\/wp-content\/uploads\/sites\/2\/2015\/09\/Galline-in-fuga-II.jpg\",\"keywords\":[\"A come Ambiente\",\"CA2015\",\"CinemAmbiente\",\"CinemAmbiente 18\",\"CinemAmbiente 2015\",\"Eventi\",\"Galline in Fuga\",\"MAcA\",\"Nick Park\",\"Peter Lord\",\"proiezione\",\"Torino\"],\"articleSection\":[\"\u00c9v\u00e9nements\"],\"inLanguage\":\"fr-FR\"},{\"@type\":\"WebPage\",\"@id\":\"https:\/\/www.acomeambiente.org\/fr\/blog\/2015\/10\/07\/il-maca-per-cinemambiente-proiezione-di-galline-in-fuga\/\",\"url\":\"https:\/\/www.acomeambiente.org\/fr\/blog\/2015\/10\/07\/il-maca-per-cinemambiente-proiezione-di-galline-in-fuga\/\",\"name\":\"Il MAcA per CinemAmbiente: proiezione di \u201cGalline in fuga\u201d\",\"isPartOf\":{\"@id\":\"https:\/\/www.acomeambiente.org\/fr\/#website\"},\"primaryImageOfPage\":{\"@id\":\"https:\/\/www.acomeambiente.org\/fr\/blog\/2015\/10\/07\/il-maca-per-cinemambiente-proiezione-di-galline-in-fuga\/#primaryimage\"},\"image\":{\"@id\":\"https:\/\/www.acomeambiente.org\/fr\/blog\/2015\/10\/07\/il-maca-per-cinemambiente-proiezione-di-galline-in-fuga\/#primaryimage\"},\"thumbnailUrl\":\"https:\/\/www.acomeambiente.org\/fr\/wp-content\/uploads\/sites\/2\/2015\/09\/Galline-in-fuga-II.jpg\",\"datePublished\":\"2015-10-07T05:32:13+00:00\",\"dateModified\":\"2017-04-11T08:38:42+00:00\",\"author\":{\"@id\":\"https:\/\/www.acomeambiente.org\/fr\/#\/schema\/person\/abb5b373fd10c6152f3ba6effe4922a8\"},\"description\":\"La proiezione di \\\"Galline in fuga\\\" apre il ciclo di eventi che il MAcA organizza nell'ambito di CinemAmbiente 18. L'evento gioved\u00ec 8 ottobre 2015 alle 10:00\",\"breadcrumb\":{\"@id\":\"https:\/\/www.acomeambiente.org\/fr\/blog\/2015\/10\/07\/il-maca-per-cinemambiente-proiezione-di-galline-in-fuga\/#breadcrumb\"},\"inLanguage\":\"fr-FR\",\"potentialAction\":[{\"@type\":\"ReadAction\",\"target\":[\"https:\/\/www.acomeambiente.org\/fr\/blog\/2015\/10\/07\/il-maca-per-cinemambiente-proiezione-di-galline-in-fuga\/\"]}]},{\"@type\":\"ImageObject\",\"inLanguage\":\"fr-FR\",\"@id\":\"https:\/\/www.acomeambiente.org\/fr\/blog\/2015\/10\/07\/il-maca-per-cinemambiente-proiezione-di-galline-in-fuga\/#primaryimage\",\"url\":\"https:\/\/www.acomeambiente.org\/fr\/wp-content\/uploads\/sites\/2\/2015\/09\/Galline-in-fuga-II.jpg\",\"contentUrl\":\"https:\/\/www.acomeambiente.org\/fr\/wp-content\/uploads\/sites\/2\/2015\/09\/Galline-in-fuga-II.jpg\",\"width\":500,\"height\":281},{\"@type\":\"BreadcrumbList\",\"@id\":\"https:\/\/www.acomeambiente.org\/fr\/blog\/2015\/10\/07\/il-maca-per-cinemambiente-proiezione-di-galline-in-fuga\/#breadcrumb\",\"itemListElement\":[{\"@type\":\"ListItem\",\"position\":1,\"name\":\"Home\",\"item\":\"https:\/\/www.acomeambiente.org\/fr\/\"},{\"@type\":\"ListItem\",\"position\":2,\"name\":\"Il MAcA per CinemAmbiente: proiezione di \u201cGalline in fuga\u201d\"}]},{\"@type\":\"WebSite\",\"@id\":\"https:\/\/www.acomeambiente.org\/fr\/#website\",\"url\":\"https:\/\/www.acomeambiente.org\/fr\/\",\"name\":\"Fr - MAcA - Museo A come Ambiente\",\"description\":\"Passa al MAcA, costruiamo insieme un mondo pi\u00f9 sostenibile\",\"potentialAction\":[{\"@type\":\"SearchAction\",\"target\":{\"@type\":\"EntryPoint\",\"urlTemplate\":\"https:\/\/www.acomeambiente.org\/fr\/?s={search_term_string}\"},\"query-input\":{\"@type\":\"PropertyValueSpecification\",\"valueRequired\":true,\"valueName\":\"search_term_string\"}}],\"inLanguage\":\"fr-FR\"},{\"@type\":\"Person\",\"@id\":\"https:\/\/www.acomeambiente.org\/fr\/#\/schema\/person\/abb5b373fd10c6152f3ba6effe4922a8\",\"name\":\"maca\",\"image\":{\"@type\":\"ImageObject\",\"inLanguage\":\"fr-FR\",\"@id\":\"https:\/\/www.acomeambiente.org\/fr\/#\/schema\/person\/image\/\",\"url\":\"https:\/\/secure.gravatar.com\/avatar\/638ecfb6ae252284df22625e08c27812f9102da6030194ee85189eda9b903f6a?s=96&d=mm&r=g\",\"contentUrl\":\"https:\/\/secure.gravatar.com\/avatar\/638ecfb6ae252284df22625e08c27812f9102da6030194ee85189eda9b903f6a?s=96&d=mm&r=g\",\"caption\":\"maca\"},\"url\":\"https:\/\/www.acomeambiente.org\/fr\/blog\/author\/maca\/\"}]}<\/script>\n<!-- \/ Yoast SEO plugin. -->","yoast_head_json":{"title":"Il MAcA per CinemAmbiente: proiezione di \u201cGalline in fuga\u201d","description":"La proiezione di \"Galline in fuga\" apre il ciclo di eventi che il MAcA organizza nell'ambito di CinemAmbiente 18. L'evento gioved\u00ec 8 ottobre 2015 alle 10:00","robots":{"index":"index","follow":"follow","max-snippet":"max-snippet:-1","max-image-preview":"max-image-preview:large","max-video-preview":"max-video-preview:-1"},"canonical":"https:\/\/www.acomeambiente.org\/fr\/blog\/2015\/10\/07\/il-maca-per-cinemambiente-proiezione-di-galline-in-fuga\/","og_locale":"fr_FR","og_type":"article","og_title":"Il MAcA per CinemAmbiente: proiezione di \u201cGalline in fuga\u201d","og_description":"La proiezione di \"Galline in fuga\" apre il ciclo di eventi che il MAcA organizza nell'ambito di CinemAmbiente 18. L'evento gioved\u00ec 8 ottobre 2015 alle 10:00","og_url":"https:\/\/www.acomeambiente.org\/fr\/blog\/2015\/10\/07\/il-maca-per-cinemambiente-proiezione-di-galline-in-fuga\/","og_site_name":"Fr - MAcA - Museo A come Ambiente","article_published_time":"2015-10-07T05:32:13+00:00","article_modified_time":"2017-04-11T08:38:42+00:00","og_image":[{"width":500,"height":281,"url":"https:\/\/www.acomeambiente.org\/fr\/wp-content\/uploads\/sites\/2\/2015\/09\/Galline-in-fuga-II.jpg","type":"image\/jpeg"}],"author":"maca","twitter_card":"summary_large_image","twitter_misc":{"\u00c9crit par":"maca","Dur\u00e9e de lecture estim\u00e9e":"1 minute"},"schema":{"@context":"https:\/\/schema.org","@graph":[{"@type":"Article","@id":"https:\/\/www.acomeambiente.org\/fr\/blog\/2015\/10\/07\/il-maca-per-cinemambiente-proiezione-di-galline-in-fuga\/#article","isPartOf":{"@id":"https:\/\/www.acomeambiente.org\/fr\/blog\/2015\/10\/07\/il-maca-per-cinemambiente-proiezione-di-galline-in-fuga\/"},"author":{"name":"maca","@id":"https:\/\/www.acomeambiente.org\/fr\/#\/schema\/person\/abb5b373fd10c6152f3ba6effe4922a8"},"headline":"Il MAcA per CinemAmbiente: proiezione di \u201cGalline in fuga\u201d","datePublished":"2015-10-07T05:32:13+00:00","dateModified":"2017-04-11T08:38:42+00:00","mainEntityOfPage":{"@id":"https:\/\/www.acomeambiente.org\/fr\/blog\/2015\/10\/07\/il-maca-per-cinemambiente-proiezione-di-galline-in-fuga\/"},"wordCount":222,"image":{"@id":"https:\/\/www.acomeambiente.org\/fr\/blog\/2015\/10\/07\/il-maca-per-cinemambiente-proiezione-di-galline-in-fuga\/#primaryimage"},"thumbnailUrl":"https:\/\/www.acomeambiente.org\/fr\/wp-content\/uploads\/sites\/2\/2015\/09\/Galline-in-fuga-II.jpg","keywords":["A come Ambiente","CA2015","CinemAmbiente","CinemAmbiente 18","CinemAmbiente 2015","Eventi","Galline in Fuga","MAcA","Nick Park","Peter Lord","proiezione","Torino"],"articleSection":["\u00c9v\u00e9nements"],"inLanguage":"fr-FR"},{"@type":"WebPage","@id":"https:\/\/www.acomeambiente.org\/fr\/blog\/2015\/10\/07\/il-maca-per-cinemambiente-proiezione-di-galline-in-fuga\/","url":"https:\/\/www.acomeambiente.org\/fr\/blog\/2015\/10\/07\/il-maca-per-cinemambiente-proiezione-di-galline-in-fuga\/","name":"Il MAcA per CinemAmbiente: proiezione di \u201cGalline in fuga\u201d","isPartOf":{"@id":"https:\/\/www.acomeambiente.org\/fr\/#website"},"primaryImageOfPage":{"@id":"https:\/\/www.acomeambiente.org\/fr\/blog\/2015\/10\/07\/il-maca-per-cinemambiente-proiezione-di-galline-in-fuga\/#primaryimage"},"image":{"@id":"https:\/\/www.acomeambiente.org\/fr\/blog\/2015\/10\/07\/il-maca-per-cinemambiente-proiezione-di-galline-in-fuga\/#primaryimage"},"thumbnailUrl":"https:\/\/www.acomeambiente.org\/fr\/wp-content\/uploads\/sites\/2\/2015\/09\/Galline-in-fuga-II.jpg","datePublished":"2015-10-07T05:32:13+00:00","dateModified":"2017-04-11T08:38:42+00:00","author":{"@id":"https:\/\/www.acomeambiente.org\/fr\/#\/schema\/person\/abb5b373fd10c6152f3ba6effe4922a8"},"description":"La proiezione di \"Galline in fuga\" apre il ciclo di eventi che il MAcA organizza nell'ambito di CinemAmbiente 18. L'evento gioved\u00ec 8 ottobre 2015 alle 10:00","breadcrumb":{"@id":"https:\/\/www.acomeambiente.org\/fr\/blog\/2015\/10\/07\/il-maca-per-cinemambiente-proiezione-di-galline-in-fuga\/#breadcrumb"},"inLanguage":"fr-FR","potentialAction":[{"@type":"ReadAction","target":["https:\/\/www.acomeambiente.org\/fr\/blog\/2015\/10\/07\/il-maca-per-cinemambiente-proiezione-di-galline-in-fuga\/"]}]},{"@type":"ImageObject","inLanguage":"fr-FR","@id":"https:\/\/www.acomeambiente.org\/fr\/blog\/2015\/10\/07\/il-maca-per-cinemambiente-proiezione-di-galline-in-fuga\/#primaryimage","url":"https:\/\/www.acomeambiente.org\/fr\/wp-content\/uploads\/sites\/2\/2015\/09\/Galline-in-fuga-II.jpg","contentUrl":"https:\/\/www.acomeambiente.org\/fr\/wp-content\/uploads\/sites\/2\/2015\/09\/Galline-in-fuga-II.jpg","width":500,"height":281},{"@type":"BreadcrumbList","@id":"https:\/\/www.acomeambiente.org\/fr\/blog\/2015\/10\/07\/il-maca-per-cinemambiente-proiezione-di-galline-in-fuga\/#breadcrumb","itemListElement":[{"@type":"ListItem","position":1,"name":"Home","item":"https:\/\/www.acomeambiente.org\/fr\/"},{"@type":"ListItem","position":2,"name":"Il MAcA per CinemAmbiente: proiezione di \u201cGalline in fuga\u201d"}]},{"@type":"WebSite","@id":"https:\/\/www.acomeambiente.org\/fr\/#website","url":"https:\/\/www.acomeambiente.org\/fr\/","name":"Fr - MAcA - Museo A come Ambiente","description":"Passa al MAcA, costruiamo insieme un mondo pi\u00f9 sostenibile","potentialAction":[{"@type":"SearchAction","target":{"@type":"EntryPoint","urlTemplate":"https:\/\/www.acomeambiente.org\/fr\/?s={search_term_string}"},"query-input":{"@type":"PropertyValueSpecification","valueRequired":true,"valueName":"search_term_string"}}],"inLanguage":"fr-FR"},{"@type":"Person","@id":"https:\/\/www.acomeambiente.org\/fr\/#\/schema\/person\/abb5b373fd10c6152f3ba6effe4922a8","name":"maca","image":{"@type":"ImageObject","inLanguage":"fr-FR","@id":"https:\/\/www.acomeambiente.org\/fr\/#\/schema\/person\/image\/","url":"https:\/\/secure.gravatar.com\/avatar\/638ecfb6ae252284df22625e08c27812f9102da6030194ee85189eda9b903f6a?s=96&d=mm&r=g","contentUrl":"https:\/\/secure.gravatar.com\/avatar\/638ecfb6ae252284df22625e08c27812f9102da6030194ee85189eda9b903f6a?s=96&d=mm&r=g","caption":"maca"},"url":"https:\/\/www.acomeambiente.org\/fr\/blog\/author\/maca\/"}]}},"_links":{"self":[{"href":"https:\/\/www.acomeambiente.org\/fr\/wp-json\/wp\/v2\/posts\/1789","targetHints":{"allow":["GET"]}}],"collection":[{"href":"https:\/\/www.acomeambiente.org\/fr\/wp-json\/wp\/v2\/posts"}],"about":[{"href":"https:\/\/www.acomeambiente.org\/fr\/wp-json\/wp\/v2\/types\/post"}],"author":[{"embeddable":true,"href":"https:\/\/www.acomeambiente.org\/fr\/wp-json\/wp\/v2\/users\/2"}],"replies":[{"embeddable":true,"href":"https:\/\/www.acomeambiente.org\/fr\/wp-json\/wp\/v2\/comments?post=1789"}],"version-history":[{"count":11,"href":"https:\/\/www.acomeambiente.org\/fr\/wp-json\/wp\/v2\/posts\/1789\/revisions"}],"predecessor-version":[{"id":1869,"href":"https:\/\/www.acomeambiente.org\/fr\/wp-json\/wp\/v2\/posts\/1789\/revisions\/1869"}],"wp:featuredmedia":[{"embeddable":true,"href":"https:\/\/www.acomeambiente.org\/fr\/wp-json\/wp\/v2\/media\/1790"}],"wp:attachment":[{"href":"https:\/\/www.acomeambiente.org\/fr\/wp-json\/wp\/v2\/media?parent=1789"}],"wp:term":[{"taxonomy":"category","embeddable":true,"href":"https:\/\/www.acomeambiente.org\/fr\/wp-json\/wp\/v2\/categories?post=1789"},{"taxonomy":"post_tag","embeddable":true,"href":"https:\/\/www.acomeambiente.org\/fr\/wp-json\/wp\/v2\/tags?post=1789"}],"curies":[{"name":"wp","href":"https:\/\/api.w.org\/{rel}","templated":true}]}}