{"id":1751,"date":"2015-09-18T06:16:05","date_gmt":"2015-09-18T06:16:05","guid":{"rendered":"http:\/\/www.acomeambiente.org\/fr\/?p=1751"},"modified":"2017-04-11T08:38:43","modified_gmt":"2017-04-11T08:38:43","slug":"torna-il-clean-up-the-world-weekend","status":"publish","type":"post","link":"https:\/\/www.acomeambiente.org\/fr\/blog\/2015\/09\/18\/torna-il-clean-up-the-world-weekend\/","title":{"rendered":"Torna il Clean Up The World Weekend"},"content":{"rendered":"<h1 class=\"entry-title\" style=\"text-align: justify;\"><a href=\"http:\/\/www.acomeambiente.org\/wp-content\/uploads\/sites\/2\/2015\/09\/cuw12_theme_tag_en.jpg\"><img decoding=\"async\" class=\"alignnone  wp-image-1752\" src=\"http:\/\/www.acomeambiente.org\/wp-content\/uploads\/sites\/2\/2015\/09\/cuw12_theme_tag_en.jpg\" alt=\"CUW11_Poster_ALL\" width=\"615\" height=\"578\" srcset=\"https:\/\/www.acomeambiente.org\/fr\/wp-content\/uploads\/sites\/2\/2015\/09\/cuw12_theme_tag_en-52x50.jpg 52w, https:\/\/www.acomeambiente.org\/fr\/wp-content\/uploads\/sites\/2\/2015\/09\/cuw12_theme_tag_en-300x282.jpg 300w, https:\/\/www.acomeambiente.org\/fr\/wp-content\/uploads\/sites\/2\/2015\/09\/cuw12_theme_tag_en-600x563.jpg 600w, https:\/\/www.acomeambiente.org\/fr\/wp-content\/uploads\/sites\/2\/2015\/09\/cuw12_theme_tag_en-1024x962.jpg 1024w, https:\/\/www.acomeambiente.org\/fr\/wp-content\/uploads\/sites\/2\/2015\/09\/cuw12_theme_tag_en.jpg 1754w\" sizes=\"(max-width: 615px) 100vw, 615px\" \/><\/a><br \/>\nTorna il Clean Up The World Weekend<\/h1>\n<p>Torna l\u2019appuntamento con il <a href=\"http:\/\/www.cleanuptheworld.org\/en\/Activities\/clean-up-the-world-weekend.html\"><strong>Clean Up The World Weekend<\/strong><\/a>, come di consueto durante il terzo fine settimana di settembre, dal <strong>18 al 20<\/strong>. L\u2019evento di punta di <a href=\"http:\/\/www.cleanuptheworld.org\/en\/\"><strong>Clean Up The World<\/strong><\/a> coinvolge da sempre i cittadini di tutto il mondo in attivit\u00e0 di volontariato ambientale direttamente sul territorio.<\/p>\n<p>Il <em>Weekend<\/em> celebra il lavoro di un intero anno, promuovendo i successi ottenuti in ambito locale grazie ad un impegno costante che coinvolge circa 35 milioni di volontari in 130 paesi, tra gruppi di cittadini, aziende, scuole e comunit\u00e0.<\/p>\n<p><em>Clean Up The World<\/em>, dal 1993, incoraggia chi vi partecipa a prendere in mano il destino dell\u2019ambiente che ci circonda, migliorando la qualit\u00e0 dei nostri spazi e della nostra vita. Pulire strade, spiagge e parchi, piantare alberi, riciclare i rifiuti, gestire acqua ed energia, sensibilizzare i cittadini, sono tutte attivit\u00e0 a cui poter aderire e a cui potersi dedicare in prima persona durante il <em>Weekend<\/em>, ma anche durante tutto il resto dell\u2019anno.<\/p>\n<p>In Italia \u00e8 <a href=\"http:\/\/www.legambiente.it\/\">Legambiente<\/a> a svolgere il ruolo di comitato organizzatore di <a href=\"http:\/\/www.puliamoilmondo.it\/\">Clean Up The World<\/a>, con risultati sempre pi\u00f9 sorprendenti e positivi, su tutto il territorio italiano e durante tutto l\u2019anno. Circa mille gruppi di volontari italiani hanno preso parte all\u2019iniziativa, impegnandosi nella pulizia di piazze, strade e parchi. Una grande prova di cooperazione e di coesione sociale, per unire la comunit\u00e0 nel segno dell\u2019azione responsabile nei confronti del nostro ambiente.<\/p>\n<p><em>Our Place \u2026 Our Planet \u2026 Our Responsibility<\/em> \u00e8 il tema che quest\u2019anno caratterizza <em>Clean Up The World<\/em>, a ricordarci che tocca a noi, ogni giorno, prenderci cura del mondo in cui viviamo.<\/p>\n<p>Consulta le iniziative di <a href=\"http:\/\/www.cleanuptheworld.org\/en\/Activities\/plan-activity.html\">Clean Up The World<\/a> e di <a href=\"http:\/\/www.puliamoilmondo.it\/index.php?option=com_content&amp;view=article&amp;id=58&amp;Itemid=125\">Puliamo il mondo<\/a> per aderire e partecipare alle attivit\u00e0.<\/p>\n","protected":false},"excerpt":{"rendered":"<p>Torna il Clean Up The World Weekend Torna l\u2019appuntamento con il Clean Up The World Weekend, come di consueto durante il terzo fine settimana di settembre, dal 18 al 20.  [&#8230;]<\/p>\n","protected":false},"author":2,"featured_media":1752,"comment_status":"closed","ping_status":"open","sticky":false,"template":"","format":"standard","meta":{"footnotes":""},"categories":[61],"tags":[34,44,111,112,114,23,113,115],"class_list":["post-1751","post","type-post","status-publish","format-standard","has-post-thumbnail","hentry","category-news","tag-a-come-ambiente","tag-ambiente","tag-clean-up-the-world","tag-clean-up-the-world-weekend","tag-legambiente","tag-news","tag-puliamo-il-mondo","tag-volontariato"],"yoast_head":"<!-- This site is optimized with the Yoast SEO plugin v26.9 - https:\/\/yoast.com\/product\/yoast-seo-wordpress\/ -->\n<title>Torna il Clean Up The World Weekend<\/title>\n<meta name=\"description\" content=\"Dal 18 al 20 settembre torna il Clean Up The World Weekend, l&#039;evento di Clean Up The World per incoraggiare attivit\u00e0 di volontariato ambientale.\" \/>\n<meta name=\"robots\" content=\"index, follow, max-snippet:-1, max-image-preview:large, max-video-preview:-1\" \/>\n<link rel=\"canonical\" href=\"https:\/\/www.acomeambiente.org\/fr\/blog\/2015\/09\/18\/torna-il-clean-up-the-world-weekend\/\" \/>\n<meta property=\"og:locale\" content=\"fr_FR\" \/>\n<meta property=\"og:type\" content=\"article\" \/>\n<meta property=\"og:title\" content=\"Torna il Clean Up The World Weekend\" \/>\n<meta property=\"og:description\" content=\"Dal 18 al 20 settembre torna il Clean Up The World Weekend, l&#039;evento di Clean Up The World per incoraggiare attivit\u00e0 di volontariato ambientale.\" \/>\n<meta property=\"og:url\" content=\"https:\/\/www.acomeambiente.org\/fr\/blog\/2015\/09\/18\/torna-il-clean-up-the-world-weekend\/\" \/>\n<meta property=\"og:site_name\" content=\"Fr - MAcA - Museo A come Ambiente\" \/>\n<meta property=\"article:published_time\" content=\"2015-09-18T06:16:05+00:00\" \/>\n<meta property=\"article:modified_time\" content=\"2017-04-11T08:38:43+00:00\" \/>\n<meta property=\"og:image\" content=\"https:\/\/www.acomeambiente.org\/fr\/wp-content\/uploads\/sites\/2\/2015\/09\/cuw12_theme_tag_en.jpg\" \/>\n\t<meta property=\"og:image:width\" content=\"1754\" \/>\n\t<meta property=\"og:image:height\" content=\"1647\" \/>\n\t<meta property=\"og:image:type\" content=\"image\/jpeg\" \/>\n<meta name=\"author\" content=\"maca\" \/>\n<meta name=\"twitter:card\" content=\"summary_large_image\" \/>\n<meta name=\"twitter:label1\" content=\"\u00c9crit par\" \/>\n\t<meta name=\"twitter:data1\" content=\"maca\" \/>\n\t<meta name=\"twitter:label2\" content=\"Dur\u00e9e de lecture estim\u00e9e\" \/>\n\t<meta name=\"twitter:data2\" content=\"1 minute\" \/>\n<script type=\"application\/ld+json\" class=\"yoast-schema-graph\">{\"@context\":\"https:\/\/schema.org\",\"@graph\":[{\"@type\":\"Article\",\"@id\":\"https:\/\/www.acomeambiente.org\/fr\/blog\/2015\/09\/18\/torna-il-clean-up-the-world-weekend\/#article\",\"isPartOf\":{\"@id\":\"https:\/\/www.acomeambiente.org\/fr\/blog\/2015\/09\/18\/torna-il-clean-up-the-world-weekend\/\"},\"author\":{\"name\":\"maca\",\"@id\":\"https:\/\/www.acomeambiente.org\/fr\/#\/schema\/person\/abb5b373fd10c6152f3ba6effe4922a8\"},\"headline\":\"Torna il Clean Up The World Weekend\",\"datePublished\":\"2015-09-18T06:16:05+00:00\",\"dateModified\":\"2017-04-11T08:38:43+00:00\",\"mainEntityOfPage\":{\"@id\":\"https:\/\/www.acomeambiente.org\/fr\/blog\/2015\/09\/18\/torna-il-clean-up-the-world-weekend\/\"},\"wordCount\":296,\"image\":{\"@id\":\"https:\/\/www.acomeambiente.org\/fr\/blog\/2015\/09\/18\/torna-il-clean-up-the-world-weekend\/#primaryimage\"},\"thumbnailUrl\":\"https:\/\/www.acomeambiente.org\/fr\/wp-content\/uploads\/sites\/2\/2015\/09\/cuw12_theme_tag_en.jpg\",\"keywords\":[\"A come Ambiente\",\"ambiente\",\"Clean Up The World\",\"Clean Up The World Weekend\",\"Legambiente\",\"news\",\"Puliamo il mondo\",\"volontariato\"],\"articleSection\":[\"News\"],\"inLanguage\":\"fr-FR\"},{\"@type\":\"WebPage\",\"@id\":\"https:\/\/www.acomeambiente.org\/fr\/blog\/2015\/09\/18\/torna-il-clean-up-the-world-weekend\/\",\"url\":\"https:\/\/www.acomeambiente.org\/fr\/blog\/2015\/09\/18\/torna-il-clean-up-the-world-weekend\/\",\"name\":\"Torna il Clean Up The World Weekend\",\"isPartOf\":{\"@id\":\"https:\/\/www.acomeambiente.org\/fr\/#website\"},\"primaryImageOfPage\":{\"@id\":\"https:\/\/www.acomeambiente.org\/fr\/blog\/2015\/09\/18\/torna-il-clean-up-the-world-weekend\/#primaryimage\"},\"image\":{\"@id\":\"https:\/\/www.acomeambiente.org\/fr\/blog\/2015\/09\/18\/torna-il-clean-up-the-world-weekend\/#primaryimage\"},\"thumbnailUrl\":\"https:\/\/www.acomeambiente.org\/fr\/wp-content\/uploads\/sites\/2\/2015\/09\/cuw12_theme_tag_en.jpg\",\"datePublished\":\"2015-09-18T06:16:05+00:00\",\"dateModified\":\"2017-04-11T08:38:43+00:00\",\"author\":{\"@id\":\"https:\/\/www.acomeambiente.org\/fr\/#\/schema\/person\/abb5b373fd10c6152f3ba6effe4922a8\"},\"description\":\"Dal 18 al 20 settembre torna il Clean Up The World Weekend, l'evento di Clean Up The World per incoraggiare attivit\u00e0 di volontariato ambientale.\",\"breadcrumb\":{\"@id\":\"https:\/\/www.acomeambiente.org\/fr\/blog\/2015\/09\/18\/torna-il-clean-up-the-world-weekend\/#breadcrumb\"},\"inLanguage\":\"fr-FR\",\"potentialAction\":[{\"@type\":\"ReadAction\",\"target\":[\"https:\/\/www.acomeambiente.org\/fr\/blog\/2015\/09\/18\/torna-il-clean-up-the-world-weekend\/\"]}]},{\"@type\":\"ImageObject\",\"inLanguage\":\"fr-FR\",\"@id\":\"https:\/\/www.acomeambiente.org\/fr\/blog\/2015\/09\/18\/torna-il-clean-up-the-world-weekend\/#primaryimage\",\"url\":\"https:\/\/www.acomeambiente.org\/fr\/wp-content\/uploads\/sites\/2\/2015\/09\/cuw12_theme_tag_en.jpg\",\"contentUrl\":\"https:\/\/www.acomeambiente.org\/fr\/wp-content\/uploads\/sites\/2\/2015\/09\/cuw12_theme_tag_en.jpg\",\"width\":1754,\"height\":1647},{\"@type\":\"BreadcrumbList\",\"@id\":\"https:\/\/www.acomeambiente.org\/fr\/blog\/2015\/09\/18\/torna-il-clean-up-the-world-weekend\/#breadcrumb\",\"itemListElement\":[{\"@type\":\"ListItem\",\"position\":1,\"name\":\"Home\",\"item\":\"https:\/\/www.acomeambiente.org\/fr\/\"},{\"@type\":\"ListItem\",\"position\":2,\"name\":\"Torna il Clean Up The World Weekend\"}]},{\"@type\":\"WebSite\",\"@id\":\"https:\/\/www.acomeambiente.org\/fr\/#website\",\"url\":\"https:\/\/www.acomeambiente.org\/fr\/\",\"name\":\"Fr - MAcA - Museo A come Ambiente\",\"description\":\"Passa al MAcA, costruiamo insieme un mondo pi\u00f9 sostenibile\",\"potentialAction\":[{\"@type\":\"SearchAction\",\"target\":{\"@type\":\"EntryPoint\",\"urlTemplate\":\"https:\/\/www.acomeambiente.org\/fr\/?s={search_term_string}\"},\"query-input\":{\"@type\":\"PropertyValueSpecification\",\"valueRequired\":true,\"valueName\":\"search_term_string\"}}],\"inLanguage\":\"fr-FR\"},{\"@type\":\"Person\",\"@id\":\"https:\/\/www.acomeambiente.org\/fr\/#\/schema\/person\/abb5b373fd10c6152f3ba6effe4922a8\",\"name\":\"maca\",\"image\":{\"@type\":\"ImageObject\",\"inLanguage\":\"fr-FR\",\"@id\":\"https:\/\/www.acomeambiente.org\/fr\/#\/schema\/person\/image\/\",\"url\":\"https:\/\/secure.gravatar.com\/avatar\/638ecfb6ae252284df22625e08c27812f9102da6030194ee85189eda9b903f6a?s=96&d=mm&r=g\",\"contentUrl\":\"https:\/\/secure.gravatar.com\/avatar\/638ecfb6ae252284df22625e08c27812f9102da6030194ee85189eda9b903f6a?s=96&d=mm&r=g\",\"caption\":\"maca\"},\"url\":\"https:\/\/www.acomeambiente.org\/fr\/blog\/author\/maca\/\"}]}<\/script>\n<!-- \/ Yoast SEO plugin. -->","yoast_head_json":{"title":"Torna il Clean Up The World Weekend","description":"Dal 18 al 20 settembre torna il Clean Up The World Weekend, l'evento di Clean Up The World per incoraggiare attivit\u00e0 di volontariato ambientale.","robots":{"index":"index","follow":"follow","max-snippet":"max-snippet:-1","max-image-preview":"max-image-preview:large","max-video-preview":"max-video-preview:-1"},"canonical":"https:\/\/www.acomeambiente.org\/fr\/blog\/2015\/09\/18\/torna-il-clean-up-the-world-weekend\/","og_locale":"fr_FR","og_type":"article","og_title":"Torna il Clean Up The World Weekend","og_description":"Dal 18 al 20 settembre torna il Clean Up The World Weekend, l'evento di Clean Up The World per incoraggiare attivit\u00e0 di volontariato ambientale.","og_url":"https:\/\/www.acomeambiente.org\/fr\/blog\/2015\/09\/18\/torna-il-clean-up-the-world-weekend\/","og_site_name":"Fr - MAcA - Museo A come Ambiente","article_published_time":"2015-09-18T06:16:05+00:00","article_modified_time":"2017-04-11T08:38:43+00:00","og_image":[{"width":1754,"height":1647,"url":"https:\/\/www.acomeambiente.org\/fr\/wp-content\/uploads\/sites\/2\/2015\/09\/cuw12_theme_tag_en.jpg","type":"image\/jpeg"}],"author":"maca","twitter_card":"summary_large_image","twitter_misc":{"\u00c9crit par":"maca","Dur\u00e9e de lecture estim\u00e9e":"1 minute"},"schema":{"@context":"https:\/\/schema.org","@graph":[{"@type":"Article","@id":"https:\/\/www.acomeambiente.org\/fr\/blog\/2015\/09\/18\/torna-il-clean-up-the-world-weekend\/#article","isPartOf":{"@id":"https:\/\/www.acomeambiente.org\/fr\/blog\/2015\/09\/18\/torna-il-clean-up-the-world-weekend\/"},"author":{"name":"maca","@id":"https:\/\/www.acomeambiente.org\/fr\/#\/schema\/person\/abb5b373fd10c6152f3ba6effe4922a8"},"headline":"Torna il Clean Up The World Weekend","datePublished":"2015-09-18T06:16:05+00:00","dateModified":"2017-04-11T08:38:43+00:00","mainEntityOfPage":{"@id":"https:\/\/www.acomeambiente.org\/fr\/blog\/2015\/09\/18\/torna-il-clean-up-the-world-weekend\/"},"wordCount":296,"image":{"@id":"https:\/\/www.acomeambiente.org\/fr\/blog\/2015\/09\/18\/torna-il-clean-up-the-world-weekend\/#primaryimage"},"thumbnailUrl":"https:\/\/www.acomeambiente.org\/fr\/wp-content\/uploads\/sites\/2\/2015\/09\/cuw12_theme_tag_en.jpg","keywords":["A come Ambiente","ambiente","Clean Up The World","Clean Up The World Weekend","Legambiente","news","Puliamo il mondo","volontariato"],"articleSection":["News"],"inLanguage":"fr-FR"},{"@type":"WebPage","@id":"https:\/\/www.acomeambiente.org\/fr\/blog\/2015\/09\/18\/torna-il-clean-up-the-world-weekend\/","url":"https:\/\/www.acomeambiente.org\/fr\/blog\/2015\/09\/18\/torna-il-clean-up-the-world-weekend\/","name":"Torna il Clean Up The World Weekend","isPartOf":{"@id":"https:\/\/www.acomeambiente.org\/fr\/#website"},"primaryImageOfPage":{"@id":"https:\/\/www.acomeambiente.org\/fr\/blog\/2015\/09\/18\/torna-il-clean-up-the-world-weekend\/#primaryimage"},"image":{"@id":"https:\/\/www.acomeambiente.org\/fr\/blog\/2015\/09\/18\/torna-il-clean-up-the-world-weekend\/#primaryimage"},"thumbnailUrl":"https:\/\/www.acomeambiente.org\/fr\/wp-content\/uploads\/sites\/2\/2015\/09\/cuw12_theme_tag_en.jpg","datePublished":"2015-09-18T06:16:05+00:00","dateModified":"2017-04-11T08:38:43+00:00","author":{"@id":"https:\/\/www.acomeambiente.org\/fr\/#\/schema\/person\/abb5b373fd10c6152f3ba6effe4922a8"},"description":"Dal 18 al 20 settembre torna il Clean Up The World Weekend, l'evento di Clean Up The World per incoraggiare attivit\u00e0 di volontariato ambientale.","breadcrumb":{"@id":"https:\/\/www.acomeambiente.org\/fr\/blog\/2015\/09\/18\/torna-il-clean-up-the-world-weekend\/#breadcrumb"},"inLanguage":"fr-FR","potentialAction":[{"@type":"ReadAction","target":["https:\/\/www.acomeambiente.org\/fr\/blog\/2015\/09\/18\/torna-il-clean-up-the-world-weekend\/"]}]},{"@type":"ImageObject","inLanguage":"fr-FR","@id":"https:\/\/www.acomeambiente.org\/fr\/blog\/2015\/09\/18\/torna-il-clean-up-the-world-weekend\/#primaryimage","url":"https:\/\/www.acomeambiente.org\/fr\/wp-content\/uploads\/sites\/2\/2015\/09\/cuw12_theme_tag_en.jpg","contentUrl":"https:\/\/www.acomeambiente.org\/fr\/wp-content\/uploads\/sites\/2\/2015\/09\/cuw12_theme_tag_en.jpg","width":1754,"height":1647},{"@type":"BreadcrumbList","@id":"https:\/\/www.acomeambiente.org\/fr\/blog\/2015\/09\/18\/torna-il-clean-up-the-world-weekend\/#breadcrumb","itemListElement":[{"@type":"ListItem","position":1,"name":"Home","item":"https:\/\/www.acomeambiente.org\/fr\/"},{"@type":"ListItem","position":2,"name":"Torna il Clean Up The World Weekend"}]},{"@type":"WebSite","@id":"https:\/\/www.acomeambiente.org\/fr\/#website","url":"https:\/\/www.acomeambiente.org\/fr\/","name":"Fr - MAcA - Museo A come Ambiente","description":"Passa al MAcA, costruiamo insieme un mondo pi\u00f9 sostenibile","potentialAction":[{"@type":"SearchAction","target":{"@type":"EntryPoint","urlTemplate":"https:\/\/www.acomeambiente.org\/fr\/?s={search_term_string}"},"query-input":{"@type":"PropertyValueSpecification","valueRequired":true,"valueName":"search_term_string"}}],"inLanguage":"fr-FR"},{"@type":"Person","@id":"https:\/\/www.acomeambiente.org\/fr\/#\/schema\/person\/abb5b373fd10c6152f3ba6effe4922a8","name":"maca","image":{"@type":"ImageObject","inLanguage":"fr-FR","@id":"https:\/\/www.acomeambiente.org\/fr\/#\/schema\/person\/image\/","url":"https:\/\/secure.gravatar.com\/avatar\/638ecfb6ae252284df22625e08c27812f9102da6030194ee85189eda9b903f6a?s=96&d=mm&r=g","contentUrl":"https:\/\/secure.gravatar.com\/avatar\/638ecfb6ae252284df22625e08c27812f9102da6030194ee85189eda9b903f6a?s=96&d=mm&r=g","caption":"maca"},"url":"https:\/\/www.acomeambiente.org\/fr\/blog\/author\/maca\/"}]}},"_links":{"self":[{"href":"https:\/\/www.acomeambiente.org\/fr\/wp-json\/wp\/v2\/posts\/1751","targetHints":{"allow":["GET"]}}],"collection":[{"href":"https:\/\/www.acomeambiente.org\/fr\/wp-json\/wp\/v2\/posts"}],"about":[{"href":"https:\/\/www.acomeambiente.org\/fr\/wp-json\/wp\/v2\/types\/post"}],"author":[{"embeddable":true,"href":"https:\/\/www.acomeambiente.org\/fr\/wp-json\/wp\/v2\/users\/2"}],"replies":[{"embeddable":true,"href":"https:\/\/www.acomeambiente.org\/fr\/wp-json\/wp\/v2\/comments?post=1751"}],"version-history":[{"count":3,"href":"https:\/\/www.acomeambiente.org\/fr\/wp-json\/wp\/v2\/posts\/1751\/revisions"}],"predecessor-version":[{"id":1755,"href":"https:\/\/www.acomeambiente.org\/fr\/wp-json\/wp\/v2\/posts\/1751\/revisions\/1755"}],"wp:featuredmedia":[{"embeddable":true,"href":"https:\/\/www.acomeambiente.org\/fr\/wp-json\/wp\/v2\/media\/1752"}],"wp:attachment":[{"href":"https:\/\/www.acomeambiente.org\/fr\/wp-json\/wp\/v2\/media?parent=1751"}],"wp:term":[{"taxonomy":"category","embeddable":true,"href":"https:\/\/www.acomeambiente.org\/fr\/wp-json\/wp\/v2\/categories?post=1751"},{"taxonomy":"post_tag","embeddable":true,"href":"https:\/\/www.acomeambiente.org\/fr\/wp-json\/wp\/v2\/tags?post=1751"}],"curies":[{"name":"wp","href":"https:\/\/api.w.org\/{rel}","templated":true}]}}