{"id":1595,"date":"2015-07-10T14:37:05","date_gmt":"2015-07-10T14:37:05","guid":{"rendered":"http:\/\/www.acomeambiente.org\/fr\/?p=1595"},"modified":"2017-04-11T08:38:44","modified_gmt":"2017-04-11T08:38:44","slug":"a-trieste-la-masterclass-jcom-sulla-comunicazione-scientifica","status":"publish","type":"post","link":"https:\/\/www.acomeambiente.org\/fr\/blog\/2015\/07\/10\/a-trieste-la-masterclass-jcom-sulla-comunicazione-scientifica\/","title":{"rendered":"A Trieste la Masterclass JCOM sulla comunicazione scientifica"},"content":{"rendered":"<p><a href=\"http:\/\/www.acomeambiente.org\/wp-content\/uploads\/sites\/2\/2015\/07\/JCOMMasterclass.jpg\"><img decoding=\"async\" class=\"alignnone  wp-image-1598\" src=\"http:\/\/www.acomeambiente.org\/wp-content\/uploads\/sites\/2\/2015\/07\/JCOMMasterclass.jpg\" alt=\"JCOMMasterclass\" width=\"824\" height=\"409\" srcset=\"https:\/\/www.acomeambiente.org\/fr\/wp-content\/uploads\/sites\/2\/2015\/07\/JCOMMasterclass-300x149.jpg 300w, https:\/\/www.acomeambiente.org\/fr\/wp-content\/uploads\/sites\/2\/2015\/07\/JCOMMasterclass-600x298.jpg 600w, https:\/\/www.acomeambiente.org\/fr\/wp-content\/uploads\/sites\/2\/2015\/07\/JCOMMasterclass.jpg 699w\" sizes=\"(max-width: 824px) 100vw, 824px\" \/><\/a><\/p>\n<h1 class=\"entry-title\" style=\"text-align: justify;\">A Trieste la Masterclass JCOM sulla comunicazione scientifica<\/h1>\n<p>Una serie di corsi di formazione intensivi rivolti ai ricercatori e ai professionisti delle istituzioni culturali, per entrare in contatto con tutte le tecniche per un\u2019efficace comunicazione scientifica, destinata a pubblici diversi e attraverso i diversi media.<\/p>\n<p>Si tratta della <strong>Masterclass<\/strong> organizzata nell\u2019ambito di <strong>JCOM<\/strong>, <em>il Giornale della comunicazione scientifica<\/em>, che anche quest\u2019anno riunir\u00e0 a <strong>Trieste<\/strong> esperti e relatori provenienti da tutto il mondo e altamente qualificati.<\/p>\n<p>La JCOM, dal 2002, \u00e8 impegnata proprio nello studio di una migliore comunicazione tra scienza e cittadini, ma anche all\u2019interno della stessa comunit\u00e0 scientifica.<\/p>\n<p>Ciascun corso durer\u00e0 cinque giorni e coinvolger\u00e0 i partecipanti in laboratori pratici, progetti, presentazioni e dibattiti con i tutor e i colleghi, per raccogliere segreti e suggerimenti sul mondo della divulgazione scientifica nei suoi vari aspetti.<\/p>\n<p>I corsi si terranno da ottobre 2015 a febbraio 2016, secondo il seguente programma.<\/p>\n<p><strong>Sviluppare mostre di successo \u2013 Dal 5 al 9 ottobre 2015<br \/>\n<\/strong>Il corso presenta le migliori strategie per allestire mostre interattive e multimediali, con installazioni video e basate su approcci e tecnologie innovative.<\/p>\n<p><strong>Comunicare la ricerca corrente a vari tipi di pubblico \u2013 Dal 9 al 13 novembre 2015<br \/>\n<\/strong>Il corso ha l\u2019obiettivo di migliorare le competenze personali degli scienziati nel divulgare il valore e i risultati delle proprie ricerche ad un pubblico vasto ed assortito, e attraverso l\u2019utilizzo di media diversi.<\/p>\n<p><strong>Sviluppare musei e centri scientifici di successo \u2013 Dal 7 all\u201911 dicembre 2015<br \/>\n<\/strong>L\u2019obiettivo di questo corso \u00e8 quello di insegnare le tecniche per sviluppare e gestire centri scientifici e musei all\u2019avanguardia, valorizzando il nostro patrimonio naturale e culturale e sostenendo i programmi per il pubblico.<\/p>\n<p><strong>Facilitare il dibattito sul progresso scientifico e tecnologico \u2013 Gennaio 2016<br \/>\n<\/strong>Il corso ha il fine di potenziare le competenze di educatori, animatori e altri mediatori del settore, in modo da favorire il dibattito sulle questioni scientifiche, facendo ricorso ad attivit\u00e0 e procedure partecipative.<\/p>\n<p>Il corso \u00ab\u00a0<em>Comunicare la ricerca corrente per vari tipi di pubblico<\/em>\u00a0\u00bb sar\u00e0 replicato nel mese di febbraio 2016. Nel marzo 2016, invece, \u00e8 in programma un seminario speciale per esperti internazionali e direttori di musei.<\/p>\n<p>Gi\u00e0 durante i corsi dello scorso anno la <em>Masterclass<\/em> ha raccolto esiti positivi, dotando i partecipanti di conoscenze teoriche e pratiche, fornendo loro ispirazioni ed idee, con l\u2019aiuto di esperti del settore dalla grande competenza ed esperienza sul campo. I partecipanti hanno avuto modo di conoscere a fondo il mondo della comunicazione scientifica, la sua importanza e le sue fasi principali, soprattutto nell\u2019interesse del destinatario.<\/p>\n<p>I corsi sono organizzati a Trieste dalla <a href=\"http:\/\/medialab.sissa.it\/_every.php\">SISSA Medialab<\/a>, in collaborazione con la <a href=\"http:\/\/www.sissa.it\/\">SISSA<\/a> (Scuola Internazionale Superiore di Studi Avanzati), <a href=\"https:\/\/www.ictp.it\/\">ICTP<\/a> (Centro Internazionale di Fisica Teorica), <a href=\"http:\/\/www.icgeb.org\/italiano.html\">ICGEB<\/a> (Centro Internazionale di Ingegneria Genetica e Biotecnologie), <a href=\"https:\/\/www.elettra.trieste.it\/it\/index.html\">Elettra Sincrotrone Trieste<\/a> e in collaborazione con l&rsquo;Associazione architetti della Regione Friuli Venezia Giulia.<\/p>\n<p>Per info e costi \u00e8 possibile scrivere all\u2019indirizzo email <a href=\"mailto:masterclass@jcom.sissa.it\">masterclass@jcom.sissa.it<\/a> o visitare i siti internet di <a href=\"http:\/\/jcom.sissa.it\/\">JCOM<\/a> e della <a href=\"http:\/\/jcom.sissa.it\/masterclasses\/\">Masterclass<\/a>. Sono inoltre previste borse di studio (ICTP, SISSA, Elettra Sicrostrone Trieste e ICGEB) e agevolazioni <a href=\"http:\/\/ec.europa.eu\/programmes\/erasmus-plus\/index_en.htm\">Erasmus+<\/a>. Per maggiori informazioni \u00e8 possibile rivolgersi al proprio <a href=\"http:\/\/ec.europa.eu\/education\/tools\/national_agencies_en.htm\">punto di contatto nazionale<\/a>.<\/p>\n<p>&nbsp;<\/p>\n<p>&nbsp;<\/p>\n","protected":false},"excerpt":{"rendered":"<p>Trieste<br \/>\nOttobre 2015 &#8211; Febbraio 2016 <\/p>\n","protected":false},"author":2,"featured_media":1598,"comment_status":"closed","ping_status":"closed","sticky":false,"template":"","format":"standard","meta":{"footnotes":""},"categories":[61],"tags":[67,68,64,69,62,19,65,20,9,63,66],"class_list":["post-1595","post","type-post","status-publish","format-standard","has-post-thumbnail","hentry","category-news","tag-comunicazione","tag-comunicazione-scientifica","tag-formazione","tag-istituzioni-culturali","tag-jcom","tag-maca","tag-masterclass","tag-musei","tag-museo-a-come-ambiente","tag-sissa","tag-tecnologia"],"yoast_head":"<!-- This site is optimized with the Yoast SEO plugin v26.9 - https:\/\/yoast.com\/product\/yoast-seo-wordpress\/ -->\n<title>A Trieste la Masterclass JCOM sulla comunicazione scientifica<\/title>\n<meta name=\"description\" content=\"A Trieste torna la Masterclass JCOM promossa dalla Sissa, una serie di corsi di formazione per professionisti delle istituzioni culturali\" \/>\n<meta name=\"robots\" content=\"index, follow, max-snippet:-1, max-image-preview:large, max-video-preview:-1\" \/>\n<link rel=\"canonical\" href=\"https:\/\/www.acomeambiente.org\/fr\/blog\/2015\/07\/10\/a-trieste-la-masterclass-jcom-sulla-comunicazione-scientifica\/\" \/>\n<meta property=\"og:locale\" content=\"fr_FR\" \/>\n<meta property=\"og:type\" content=\"article\" \/>\n<meta property=\"og:title\" content=\"A Trieste la Masterclass JCOM sulla comunicazione scientifica\" \/>\n<meta property=\"og:description\" content=\"A Trieste torna la Masterclass JCOM promossa dalla Sissa, una serie di corsi di formazione per professionisti delle istituzioni culturali\" \/>\n<meta property=\"og:url\" content=\"https:\/\/www.acomeambiente.org\/fr\/blog\/2015\/07\/10\/a-trieste-la-masterclass-jcom-sulla-comunicazione-scientifica\/\" \/>\n<meta property=\"og:site_name\" content=\"Fr - MAcA - Museo A come Ambiente\" \/>\n<meta property=\"article:published_time\" content=\"2015-07-10T14:37:05+00:00\" \/>\n<meta property=\"article:modified_time\" content=\"2017-04-11T08:38:44+00:00\" \/>\n<meta property=\"og:image\" content=\"https:\/\/www.acomeambiente.org\/fr\/wp-content\/uploads\/sites\/2\/2015\/07\/JCOMMasterclass.jpg\" \/>\n\t<meta property=\"og:image:width\" content=\"699\" \/>\n\t<meta property=\"og:image:height\" content=\"347\" \/>\n\t<meta property=\"og:image:type\" content=\"image\/jpeg\" \/>\n<meta name=\"author\" content=\"maca\" \/>\n<meta name=\"twitter:card\" content=\"summary_large_image\" \/>\n<meta name=\"twitter:label1\" content=\"\u00c9crit par\" \/>\n\t<meta name=\"twitter:data1\" content=\"maca\" \/>\n\t<meta name=\"twitter:label2\" content=\"Dur\u00e9e de lecture estim\u00e9e\" \/>\n\t<meta name=\"twitter:data2\" content=\"3 minutes\" \/>\n<script type=\"application\/ld+json\" class=\"yoast-schema-graph\">{\"@context\":\"https:\/\/schema.org\",\"@graph\":[{\"@type\":\"Article\",\"@id\":\"https:\/\/www.acomeambiente.org\/fr\/blog\/2015\/07\/10\/a-trieste-la-masterclass-jcom-sulla-comunicazione-scientifica\/#article\",\"isPartOf\":{\"@id\":\"https:\/\/www.acomeambiente.org\/fr\/blog\/2015\/07\/10\/a-trieste-la-masterclass-jcom-sulla-comunicazione-scientifica\/\"},\"author\":{\"name\":\"maca\",\"@id\":\"https:\/\/www.acomeambiente.org\/fr\/#\/schema\/person\/abb5b373fd10c6152f3ba6effe4922a8\"},\"headline\":\"A Trieste la Masterclass JCOM sulla comunicazione scientifica\",\"datePublished\":\"2015-07-10T14:37:05+00:00\",\"dateModified\":\"2017-04-11T08:38:44+00:00\",\"mainEntityOfPage\":{\"@id\":\"https:\/\/www.acomeambiente.org\/fr\/blog\/2015\/07\/10\/a-trieste-la-masterclass-jcom-sulla-comunicazione-scientifica\/\"},\"wordCount\":519,\"image\":{\"@id\":\"https:\/\/www.acomeambiente.org\/fr\/blog\/2015\/07\/10\/a-trieste-la-masterclass-jcom-sulla-comunicazione-scientifica\/#primaryimage\"},\"thumbnailUrl\":\"https:\/\/www.acomeambiente.org\/fr\/wp-content\/uploads\/sites\/2\/2015\/07\/JCOMMasterclass.jpg\",\"keywords\":[\"comunicazione\",\"comunicazione scientifica\",\"formazione\",\"istituzioni culturali\",\"JCOM\",\"MAcA\",\"Masterclass\",\"Musei\",\"Museo A come Ambiente\",\"Sissa\",\"tecnologia\"],\"articleSection\":[\"News\"],\"inLanguage\":\"fr-FR\"},{\"@type\":\"WebPage\",\"@id\":\"https:\/\/www.acomeambiente.org\/fr\/blog\/2015\/07\/10\/a-trieste-la-masterclass-jcom-sulla-comunicazione-scientifica\/\",\"url\":\"https:\/\/www.acomeambiente.org\/fr\/blog\/2015\/07\/10\/a-trieste-la-masterclass-jcom-sulla-comunicazione-scientifica\/\",\"name\":\"A Trieste la Masterclass JCOM sulla comunicazione scientifica\",\"isPartOf\":{\"@id\":\"https:\/\/www.acomeambiente.org\/fr\/#website\"},\"primaryImageOfPage\":{\"@id\":\"https:\/\/www.acomeambiente.org\/fr\/blog\/2015\/07\/10\/a-trieste-la-masterclass-jcom-sulla-comunicazione-scientifica\/#primaryimage\"},\"image\":{\"@id\":\"https:\/\/www.acomeambiente.org\/fr\/blog\/2015\/07\/10\/a-trieste-la-masterclass-jcom-sulla-comunicazione-scientifica\/#primaryimage\"},\"thumbnailUrl\":\"https:\/\/www.acomeambiente.org\/fr\/wp-content\/uploads\/sites\/2\/2015\/07\/JCOMMasterclass.jpg\",\"datePublished\":\"2015-07-10T14:37:05+00:00\",\"dateModified\":\"2017-04-11T08:38:44+00:00\",\"author\":{\"@id\":\"https:\/\/www.acomeambiente.org\/fr\/#\/schema\/person\/abb5b373fd10c6152f3ba6effe4922a8\"},\"description\":\"A Trieste torna la Masterclass JCOM promossa dalla Sissa, una serie di corsi di formazione per professionisti delle istituzioni culturali\",\"breadcrumb\":{\"@id\":\"https:\/\/www.acomeambiente.org\/fr\/blog\/2015\/07\/10\/a-trieste-la-masterclass-jcom-sulla-comunicazione-scientifica\/#breadcrumb\"},\"inLanguage\":\"fr-FR\",\"potentialAction\":[{\"@type\":\"ReadAction\",\"target\":[\"https:\/\/www.acomeambiente.org\/fr\/blog\/2015\/07\/10\/a-trieste-la-masterclass-jcom-sulla-comunicazione-scientifica\/\"]}]},{\"@type\":\"ImageObject\",\"inLanguage\":\"fr-FR\",\"@id\":\"https:\/\/www.acomeambiente.org\/fr\/blog\/2015\/07\/10\/a-trieste-la-masterclass-jcom-sulla-comunicazione-scientifica\/#primaryimage\",\"url\":\"https:\/\/www.acomeambiente.org\/fr\/wp-content\/uploads\/sites\/2\/2015\/07\/JCOMMasterclass.jpg\",\"contentUrl\":\"https:\/\/www.acomeambiente.org\/fr\/wp-content\/uploads\/sites\/2\/2015\/07\/JCOMMasterclass.jpg\",\"width\":699,\"height\":347},{\"@type\":\"BreadcrumbList\",\"@id\":\"https:\/\/www.acomeambiente.org\/fr\/blog\/2015\/07\/10\/a-trieste-la-masterclass-jcom-sulla-comunicazione-scientifica\/#breadcrumb\",\"itemListElement\":[{\"@type\":\"ListItem\",\"position\":1,\"name\":\"Home\",\"item\":\"https:\/\/www.acomeambiente.org\/fr\/\"},{\"@type\":\"ListItem\",\"position\":2,\"name\":\"A Trieste la Masterclass JCOM sulla comunicazione scientifica\"}]},{\"@type\":\"WebSite\",\"@id\":\"https:\/\/www.acomeambiente.org\/fr\/#website\",\"url\":\"https:\/\/www.acomeambiente.org\/fr\/\",\"name\":\"Fr - MAcA - Museo A come Ambiente\",\"description\":\"Passa al MAcA, costruiamo insieme un mondo pi\u00f9 sostenibile\",\"potentialAction\":[{\"@type\":\"SearchAction\",\"target\":{\"@type\":\"EntryPoint\",\"urlTemplate\":\"https:\/\/www.acomeambiente.org\/fr\/?s={search_term_string}\"},\"query-input\":{\"@type\":\"PropertyValueSpecification\",\"valueRequired\":true,\"valueName\":\"search_term_string\"}}],\"inLanguage\":\"fr-FR\"},{\"@type\":\"Person\",\"@id\":\"https:\/\/www.acomeambiente.org\/fr\/#\/schema\/person\/abb5b373fd10c6152f3ba6effe4922a8\",\"name\":\"maca\",\"image\":{\"@type\":\"ImageObject\",\"inLanguage\":\"fr-FR\",\"@id\":\"https:\/\/www.acomeambiente.org\/fr\/#\/schema\/person\/image\/\",\"url\":\"https:\/\/secure.gravatar.com\/avatar\/638ecfb6ae252284df22625e08c27812f9102da6030194ee85189eda9b903f6a?s=96&d=mm&r=g\",\"contentUrl\":\"https:\/\/secure.gravatar.com\/avatar\/638ecfb6ae252284df22625e08c27812f9102da6030194ee85189eda9b903f6a?s=96&d=mm&r=g\",\"caption\":\"maca\"},\"url\":\"https:\/\/www.acomeambiente.org\/fr\/blog\/author\/maca\/\"}]}<\/script>\n<!-- \/ Yoast SEO plugin. -->","yoast_head_json":{"title":"A Trieste la Masterclass JCOM sulla comunicazione scientifica","description":"A Trieste torna la Masterclass JCOM promossa dalla Sissa, una serie di corsi di formazione per professionisti delle istituzioni culturali","robots":{"index":"index","follow":"follow","max-snippet":"max-snippet:-1","max-image-preview":"max-image-preview:large","max-video-preview":"max-video-preview:-1"},"canonical":"https:\/\/www.acomeambiente.org\/fr\/blog\/2015\/07\/10\/a-trieste-la-masterclass-jcom-sulla-comunicazione-scientifica\/","og_locale":"fr_FR","og_type":"article","og_title":"A Trieste la Masterclass JCOM sulla comunicazione scientifica","og_description":"A Trieste torna la Masterclass JCOM promossa dalla Sissa, una serie di corsi di formazione per professionisti delle istituzioni culturali","og_url":"https:\/\/www.acomeambiente.org\/fr\/blog\/2015\/07\/10\/a-trieste-la-masterclass-jcom-sulla-comunicazione-scientifica\/","og_site_name":"Fr - MAcA - Museo A come Ambiente","article_published_time":"2015-07-10T14:37:05+00:00","article_modified_time":"2017-04-11T08:38:44+00:00","og_image":[{"width":699,"height":347,"url":"https:\/\/www.acomeambiente.org\/fr\/wp-content\/uploads\/sites\/2\/2015\/07\/JCOMMasterclass.jpg","type":"image\/jpeg"}],"author":"maca","twitter_card":"summary_large_image","twitter_misc":{"\u00c9crit par":"maca","Dur\u00e9e de lecture estim\u00e9e":"3 minutes"},"schema":{"@context":"https:\/\/schema.org","@graph":[{"@type":"Article","@id":"https:\/\/www.acomeambiente.org\/fr\/blog\/2015\/07\/10\/a-trieste-la-masterclass-jcom-sulla-comunicazione-scientifica\/#article","isPartOf":{"@id":"https:\/\/www.acomeambiente.org\/fr\/blog\/2015\/07\/10\/a-trieste-la-masterclass-jcom-sulla-comunicazione-scientifica\/"},"author":{"name":"maca","@id":"https:\/\/www.acomeambiente.org\/fr\/#\/schema\/person\/abb5b373fd10c6152f3ba6effe4922a8"},"headline":"A Trieste la Masterclass JCOM sulla comunicazione scientifica","datePublished":"2015-07-10T14:37:05+00:00","dateModified":"2017-04-11T08:38:44+00:00","mainEntityOfPage":{"@id":"https:\/\/www.acomeambiente.org\/fr\/blog\/2015\/07\/10\/a-trieste-la-masterclass-jcom-sulla-comunicazione-scientifica\/"},"wordCount":519,"image":{"@id":"https:\/\/www.acomeambiente.org\/fr\/blog\/2015\/07\/10\/a-trieste-la-masterclass-jcom-sulla-comunicazione-scientifica\/#primaryimage"},"thumbnailUrl":"https:\/\/www.acomeambiente.org\/fr\/wp-content\/uploads\/sites\/2\/2015\/07\/JCOMMasterclass.jpg","keywords":["comunicazione","comunicazione scientifica","formazione","istituzioni culturali","JCOM","MAcA","Masterclass","Musei","Museo A come Ambiente","Sissa","tecnologia"],"articleSection":["News"],"inLanguage":"fr-FR"},{"@type":"WebPage","@id":"https:\/\/www.acomeambiente.org\/fr\/blog\/2015\/07\/10\/a-trieste-la-masterclass-jcom-sulla-comunicazione-scientifica\/","url":"https:\/\/www.acomeambiente.org\/fr\/blog\/2015\/07\/10\/a-trieste-la-masterclass-jcom-sulla-comunicazione-scientifica\/","name":"A Trieste la Masterclass JCOM sulla comunicazione scientifica","isPartOf":{"@id":"https:\/\/www.acomeambiente.org\/fr\/#website"},"primaryImageOfPage":{"@id":"https:\/\/www.acomeambiente.org\/fr\/blog\/2015\/07\/10\/a-trieste-la-masterclass-jcom-sulla-comunicazione-scientifica\/#primaryimage"},"image":{"@id":"https:\/\/www.acomeambiente.org\/fr\/blog\/2015\/07\/10\/a-trieste-la-masterclass-jcom-sulla-comunicazione-scientifica\/#primaryimage"},"thumbnailUrl":"https:\/\/www.acomeambiente.org\/fr\/wp-content\/uploads\/sites\/2\/2015\/07\/JCOMMasterclass.jpg","datePublished":"2015-07-10T14:37:05+00:00","dateModified":"2017-04-11T08:38:44+00:00","author":{"@id":"https:\/\/www.acomeambiente.org\/fr\/#\/schema\/person\/abb5b373fd10c6152f3ba6effe4922a8"},"description":"A Trieste torna la Masterclass JCOM promossa dalla Sissa, una serie di corsi di formazione per professionisti delle istituzioni culturali","breadcrumb":{"@id":"https:\/\/www.acomeambiente.org\/fr\/blog\/2015\/07\/10\/a-trieste-la-masterclass-jcom-sulla-comunicazione-scientifica\/#breadcrumb"},"inLanguage":"fr-FR","potentialAction":[{"@type":"ReadAction","target":["https:\/\/www.acomeambiente.org\/fr\/blog\/2015\/07\/10\/a-trieste-la-masterclass-jcom-sulla-comunicazione-scientifica\/"]}]},{"@type":"ImageObject","inLanguage":"fr-FR","@id":"https:\/\/www.acomeambiente.org\/fr\/blog\/2015\/07\/10\/a-trieste-la-masterclass-jcom-sulla-comunicazione-scientifica\/#primaryimage","url":"https:\/\/www.acomeambiente.org\/fr\/wp-content\/uploads\/sites\/2\/2015\/07\/JCOMMasterclass.jpg","contentUrl":"https:\/\/www.acomeambiente.org\/fr\/wp-content\/uploads\/sites\/2\/2015\/07\/JCOMMasterclass.jpg","width":699,"height":347},{"@type":"BreadcrumbList","@id":"https:\/\/www.acomeambiente.org\/fr\/blog\/2015\/07\/10\/a-trieste-la-masterclass-jcom-sulla-comunicazione-scientifica\/#breadcrumb","itemListElement":[{"@type":"ListItem","position":1,"name":"Home","item":"https:\/\/www.acomeambiente.org\/fr\/"},{"@type":"ListItem","position":2,"name":"A Trieste la Masterclass JCOM sulla comunicazione scientifica"}]},{"@type":"WebSite","@id":"https:\/\/www.acomeambiente.org\/fr\/#website","url":"https:\/\/www.acomeambiente.org\/fr\/","name":"Fr - MAcA - Museo A come Ambiente","description":"Passa al MAcA, costruiamo insieme un mondo pi\u00f9 sostenibile","potentialAction":[{"@type":"SearchAction","target":{"@type":"EntryPoint","urlTemplate":"https:\/\/www.acomeambiente.org\/fr\/?s={search_term_string}"},"query-input":{"@type":"PropertyValueSpecification","valueRequired":true,"valueName":"search_term_string"}}],"inLanguage":"fr-FR"},{"@type":"Person","@id":"https:\/\/www.acomeambiente.org\/fr\/#\/schema\/person\/abb5b373fd10c6152f3ba6effe4922a8","name":"maca","image":{"@type":"ImageObject","inLanguage":"fr-FR","@id":"https:\/\/www.acomeambiente.org\/fr\/#\/schema\/person\/image\/","url":"https:\/\/secure.gravatar.com\/avatar\/638ecfb6ae252284df22625e08c27812f9102da6030194ee85189eda9b903f6a?s=96&d=mm&r=g","contentUrl":"https:\/\/secure.gravatar.com\/avatar\/638ecfb6ae252284df22625e08c27812f9102da6030194ee85189eda9b903f6a?s=96&d=mm&r=g","caption":"maca"},"url":"https:\/\/www.acomeambiente.org\/fr\/blog\/author\/maca\/"}]}},"_links":{"self":[{"href":"https:\/\/www.acomeambiente.org\/fr\/wp-json\/wp\/v2\/posts\/1595","targetHints":{"allow":["GET"]}}],"collection":[{"href":"https:\/\/www.acomeambiente.org\/fr\/wp-json\/wp\/v2\/posts"}],"about":[{"href":"https:\/\/www.acomeambiente.org\/fr\/wp-json\/wp\/v2\/types\/post"}],"author":[{"embeddable":true,"href":"https:\/\/www.acomeambiente.org\/fr\/wp-json\/wp\/v2\/users\/2"}],"replies":[{"embeddable":true,"href":"https:\/\/www.acomeambiente.org\/fr\/wp-json\/wp\/v2\/comments?post=1595"}],"version-history":[{"count":2,"href":"https:\/\/www.acomeambiente.org\/fr\/wp-json\/wp\/v2\/posts\/1595\/revisions"}],"predecessor-version":[{"id":1601,"href":"https:\/\/www.acomeambiente.org\/fr\/wp-json\/wp\/v2\/posts\/1595\/revisions\/1601"}],"wp:featuredmedia":[{"embeddable":true,"href":"https:\/\/www.acomeambiente.org\/fr\/wp-json\/wp\/v2\/media\/1598"}],"wp:attachment":[{"href":"https:\/\/www.acomeambiente.org\/fr\/wp-json\/wp\/v2\/media?parent=1595"}],"wp:term":[{"taxonomy":"category","embeddable":true,"href":"https:\/\/www.acomeambiente.org\/fr\/wp-json\/wp\/v2\/categories?post=1595"},{"taxonomy":"post_tag","embeddable":true,"href":"https:\/\/www.acomeambiente.org\/fr\/wp-json\/wp\/v2\/tags?post=1595"}],"curies":[{"name":"wp","href":"https:\/\/api.w.org\/{rel}","templated":true}]}}