{"id":1456,"date":"2015-05-24T09:51:19","date_gmt":"2015-05-24T09:51:19","guid":{"rendered":"http:\/\/www.acomeambiente.org\/fr\/?p=1456"},"modified":"2017-04-11T08:38:45","modified_gmt":"2017-04-11T08:38:45","slug":"energia-e-cosi-sia","status":"publish","type":"post","link":"https:\/\/www.acomeambiente.org\/fr\/blog\/2015\/05\/24\/energia-e-cosi-sia\/","title":{"rendered":"Energia, e cos\u00ec sia"},"content":{"rendered":"<p><a href=\"http:\/\/www.acomeambiente.org\/wp-content\/uploads\/sites\/2\/2015\/05\/Laboratorio-al-Museo.jpg\"><img decoding=\"async\" class=\"alignnone  wp-image-1451\" src=\"http:\/\/www.acomeambiente.org\/wp-content\/uploads\/sites\/2\/2015\/05\/Laboratorio-al-Museo.jpg\" alt=\"Laboratorio al Museo\" width=\"876\" height=\"583\" srcset=\"https:\/\/www.acomeambiente.org\/fr\/wp-content\/uploads\/sites\/2\/2015\/05\/Laboratorio-al-Museo-300x200.jpg 300w, https:\/\/www.acomeambiente.org\/fr\/wp-content\/uploads\/sites\/2\/2015\/05\/Laboratorio-al-Museo-600x399.jpg 600w, https:\/\/www.acomeambiente.org\/fr\/wp-content\/uploads\/sites\/2\/2015\/05\/Laboratorio-al-Museo.jpg 960w\" sizes=\"(max-width: 876px) 100vw, 876px\" \/><\/a><\/p>\n<h1 class=\"entry-title\">Energia, e cos\u00ec sia<\/h1>\n<p>Prosegue, al <strong><em>Museo A come Ambiente<\/em><\/strong>, il ciclo di laboratori <strong><em>A come Anch\u2019io!<\/em><\/strong>, organizzato in occasione della manifestazione <strong><em>Le Settimane della Scienza<\/em><\/strong>, che proseguir\u00e0 fino alla fine di giugno con iniziative che coinvolgeranno studenti e cittadini nella scoperta di piccoli e grandi misteri della scienza.<\/p>\n<p>Domenica <strong>24 maggio<\/strong>, alle ore <strong>16<\/strong>, il Museo ospita <strong><em>Energia, e cos\u00ec sia<\/em><\/strong>, un altro appassionante laboratorio che vedr\u00e0 come protagonisti i pi\u00f9 piccoli. Il tema sar\u00e0 l\u2019energia, nelle sue varie forme e in tutti i suoi aspetti, dalla produzione alle modalit\u00e0 per risparmiarla. L\u2019energia fa muovere il mondo, ma non tutte le sue fonti sono illimitate, \u00e8 dunque importante imparare ad usarla con attenzione e parsimonia.<\/p>\n<p>La partecipazione al laboratorio prevede un costo di <strong>5 euro<\/strong> (accompagnatori gratis).<\/p>\n<p><em>Energia, e cos\u00ec sia<\/em> \u00e8 il secondo appuntamento con cui il <em>Museo A come Ambiente<\/em> offre il suo sostegno a <em>Le Settimane della Scienza<\/em>, che come ogni anno avvicina grandi e piccini al mondo della cultura, attraverso un approccio volto al gioco e al divertimento. Quest\u2019anno la manifestazione \u00e8 pi\u00f9 che mai attiva, aprendosi anche ai nuovi canali del web e dei social. Utilizzando l\u2019hashtag <strong>#SettScienza15<\/strong> \u00e8 possibile connettersi con l\u2019evento per partecipare in prima persona e saperne di pi\u00f9 su tutte le iniziative.<\/p>\n","protected":false},"excerpt":{"rendered":"<p>24 maggio 2015<br \/>\nTorino<\/p>\n","protected":false},"author":2,"featured_media":1451,"comment_status":"closed","ping_status":"closed","sticky":false,"template":"","format":"standard","meta":{"footnotes":""},"categories":[7],"tags":[34,10,36,35,14,8,19],"class_list":["post-1456","post","type-post","status-publish","format-standard","has-post-thumbnail","hentry","category-evenements","tag-a-come-ambiente","tag-a-come-anchio","tag-energia","tag-energia-e-cosi-sia","tag-eventi","tag-le-settimane-della-scienza","tag-maca"],"yoast_head":"<!-- This site is optimized with the Yoast SEO plugin v26.9 - https:\/\/yoast.com\/product\/yoast-seo-wordpress\/ -->\n<title>Energia, e cos\u00ec sia - Fr - MAcA - Museo A come Ambiente<\/title>\n<meta name=\"description\" content=\"Al Museo A come Ambiente proseguono i laboratori del ciclo A come Anch&#039;io! Domenica 24 maggio alle ore 16 Energia, e cos\u00ec sia.\" \/>\n<meta name=\"robots\" content=\"index, follow, max-snippet:-1, max-image-preview:large, max-video-preview:-1\" \/>\n<link rel=\"canonical\" href=\"https:\/\/www.acomeambiente.org\/fr\/blog\/2015\/05\/24\/energia-e-cosi-sia\/\" \/>\n<meta property=\"og:locale\" content=\"fr_FR\" \/>\n<meta property=\"og:type\" content=\"article\" \/>\n<meta property=\"og:title\" content=\"Energia, e cos\u00ec sia - Fr - MAcA - Museo A come Ambiente\" \/>\n<meta property=\"og:description\" content=\"Al Museo A come Ambiente proseguono i laboratori del ciclo A come Anch&#039;io! Domenica 24 maggio alle ore 16 Energia, e cos\u00ec sia.\" \/>\n<meta property=\"og:url\" content=\"https:\/\/www.acomeambiente.org\/fr\/blog\/2015\/05\/24\/energia-e-cosi-sia\/\" \/>\n<meta property=\"og:site_name\" content=\"Fr - MAcA - Museo A come Ambiente\" \/>\n<meta property=\"article:published_time\" content=\"2015-05-24T09:51:19+00:00\" \/>\n<meta property=\"article:modified_time\" content=\"2017-04-11T08:38:45+00:00\" \/>\n<meta property=\"og:image\" content=\"https:\/\/www.acomeambiente.org\/fr\/wp-content\/uploads\/sites\/2\/2015\/05\/Laboratorio-al-Museo.jpg\" \/>\n\t<meta property=\"og:image:width\" content=\"960\" \/>\n\t<meta property=\"og:image:height\" content=\"639\" \/>\n\t<meta property=\"og:image:type\" content=\"image\/jpeg\" \/>\n<meta name=\"author\" content=\"maca\" \/>\n<meta name=\"twitter:card\" content=\"summary_large_image\" \/>\n<meta name=\"twitter:label1\" content=\"\u00c9crit par\" \/>\n\t<meta name=\"twitter:data1\" content=\"maca\" \/>\n\t<meta name=\"twitter:label2\" content=\"Dur\u00e9e de lecture estim\u00e9e\" \/>\n\t<meta name=\"twitter:data2\" content=\"1 minute\" \/>\n<script type=\"application\/ld+json\" class=\"yoast-schema-graph\">{\"@context\":\"https:\/\/schema.org\",\"@graph\":[{\"@type\":\"Article\",\"@id\":\"https:\/\/www.acomeambiente.org\/fr\/blog\/2015\/05\/24\/energia-e-cosi-sia\/#article\",\"isPartOf\":{\"@id\":\"https:\/\/www.acomeambiente.org\/fr\/blog\/2015\/05\/24\/energia-e-cosi-sia\/\"},\"author\":{\"name\":\"maca\",\"@id\":\"https:\/\/www.acomeambiente.org\/fr\/#\/schema\/person\/abb5b373fd10c6152f3ba6effe4922a8\"},\"headline\":\"Energia, e cos\u00ec sia\",\"datePublished\":\"2015-05-24T09:51:19+00:00\",\"dateModified\":\"2017-04-11T08:38:45+00:00\",\"mainEntityOfPage\":{\"@id\":\"https:\/\/www.acomeambiente.org\/fr\/blog\/2015\/05\/24\/energia-e-cosi-sia\/\"},\"wordCount\":215,\"image\":{\"@id\":\"https:\/\/www.acomeambiente.org\/fr\/blog\/2015\/05\/24\/energia-e-cosi-sia\/#primaryimage\"},\"thumbnailUrl\":\"https:\/\/www.acomeambiente.org\/fr\/wp-content\/uploads\/sites\/2\/2015\/05\/Laboratorio-al-Museo.jpg\",\"keywords\":[\"A come Ambiente\",\"A come Anch'io!\",\"energia\",\"Energia e cos\u00ec sia\",\"Eventi\",\"Le Settimane della Scienza\",\"MAcA\"],\"articleSection\":[\"\u00c9v\u00e9nements\"],\"inLanguage\":\"fr-FR\"},{\"@type\":\"WebPage\",\"@id\":\"https:\/\/www.acomeambiente.org\/fr\/blog\/2015\/05\/24\/energia-e-cosi-sia\/\",\"url\":\"https:\/\/www.acomeambiente.org\/fr\/blog\/2015\/05\/24\/energia-e-cosi-sia\/\",\"name\":\"Energia, e cos\u00ec sia - Fr - MAcA - Museo A come Ambiente\",\"isPartOf\":{\"@id\":\"https:\/\/www.acomeambiente.org\/fr\/#website\"},\"primaryImageOfPage\":{\"@id\":\"https:\/\/www.acomeambiente.org\/fr\/blog\/2015\/05\/24\/energia-e-cosi-sia\/#primaryimage\"},\"image\":{\"@id\":\"https:\/\/www.acomeambiente.org\/fr\/blog\/2015\/05\/24\/energia-e-cosi-sia\/#primaryimage\"},\"thumbnailUrl\":\"https:\/\/www.acomeambiente.org\/fr\/wp-content\/uploads\/sites\/2\/2015\/05\/Laboratorio-al-Museo.jpg\",\"datePublished\":\"2015-05-24T09:51:19+00:00\",\"dateModified\":\"2017-04-11T08:38:45+00:00\",\"author\":{\"@id\":\"https:\/\/www.acomeambiente.org\/fr\/#\/schema\/person\/abb5b373fd10c6152f3ba6effe4922a8\"},\"description\":\"Al Museo A come Ambiente proseguono i laboratori del ciclo A come Anch'io! Domenica 24 maggio alle ore 16 Energia, e cos\u00ec sia.\",\"breadcrumb\":{\"@id\":\"https:\/\/www.acomeambiente.org\/fr\/blog\/2015\/05\/24\/energia-e-cosi-sia\/#breadcrumb\"},\"inLanguage\":\"fr-FR\",\"potentialAction\":[{\"@type\":\"ReadAction\",\"target\":[\"https:\/\/www.acomeambiente.org\/fr\/blog\/2015\/05\/24\/energia-e-cosi-sia\/\"]}]},{\"@type\":\"ImageObject\",\"inLanguage\":\"fr-FR\",\"@id\":\"https:\/\/www.acomeambiente.org\/fr\/blog\/2015\/05\/24\/energia-e-cosi-sia\/#primaryimage\",\"url\":\"https:\/\/www.acomeambiente.org\/fr\/wp-content\/uploads\/sites\/2\/2015\/05\/Laboratorio-al-Museo.jpg\",\"contentUrl\":\"https:\/\/www.acomeambiente.org\/fr\/wp-content\/uploads\/sites\/2\/2015\/05\/Laboratorio-al-Museo.jpg\",\"width\":960,\"height\":639},{\"@type\":\"BreadcrumbList\",\"@id\":\"https:\/\/www.acomeambiente.org\/fr\/blog\/2015\/05\/24\/energia-e-cosi-sia\/#breadcrumb\",\"itemListElement\":[{\"@type\":\"ListItem\",\"position\":1,\"name\":\"Home\",\"item\":\"https:\/\/www.acomeambiente.org\/fr\/\"},{\"@type\":\"ListItem\",\"position\":2,\"name\":\"Energia, e cos\u00ec sia\"}]},{\"@type\":\"WebSite\",\"@id\":\"https:\/\/www.acomeambiente.org\/fr\/#website\",\"url\":\"https:\/\/www.acomeambiente.org\/fr\/\",\"name\":\"Fr - MAcA - Museo A come Ambiente\",\"description\":\"Passa al MAcA, costruiamo insieme un mondo pi\u00f9 sostenibile\",\"potentialAction\":[{\"@type\":\"SearchAction\",\"target\":{\"@type\":\"EntryPoint\",\"urlTemplate\":\"https:\/\/www.acomeambiente.org\/fr\/?s={search_term_string}\"},\"query-input\":{\"@type\":\"PropertyValueSpecification\",\"valueRequired\":true,\"valueName\":\"search_term_string\"}}],\"inLanguage\":\"fr-FR\"},{\"@type\":\"Person\",\"@id\":\"https:\/\/www.acomeambiente.org\/fr\/#\/schema\/person\/abb5b373fd10c6152f3ba6effe4922a8\",\"name\":\"maca\",\"image\":{\"@type\":\"ImageObject\",\"inLanguage\":\"fr-FR\",\"@id\":\"https:\/\/www.acomeambiente.org\/fr\/#\/schema\/person\/image\/\",\"url\":\"https:\/\/secure.gravatar.com\/avatar\/638ecfb6ae252284df22625e08c27812f9102da6030194ee85189eda9b903f6a?s=96&d=mm&r=g\",\"contentUrl\":\"https:\/\/secure.gravatar.com\/avatar\/638ecfb6ae252284df22625e08c27812f9102da6030194ee85189eda9b903f6a?s=96&d=mm&r=g\",\"caption\":\"maca\"},\"url\":\"https:\/\/www.acomeambiente.org\/fr\/blog\/author\/maca\/\"}]}<\/script>\n<!-- \/ Yoast SEO plugin. -->","yoast_head_json":{"title":"Energia, e cos\u00ec sia - Fr - MAcA - Museo A come Ambiente","description":"Al Museo A come Ambiente proseguono i laboratori del ciclo A come Anch'io! Domenica 24 maggio alle ore 16 Energia, e cos\u00ec sia.","robots":{"index":"index","follow":"follow","max-snippet":"max-snippet:-1","max-image-preview":"max-image-preview:large","max-video-preview":"max-video-preview:-1"},"canonical":"https:\/\/www.acomeambiente.org\/fr\/blog\/2015\/05\/24\/energia-e-cosi-sia\/","og_locale":"fr_FR","og_type":"article","og_title":"Energia, e cos\u00ec sia - Fr - MAcA - Museo A come Ambiente","og_description":"Al Museo A come Ambiente proseguono i laboratori del ciclo A come Anch'io! Domenica 24 maggio alle ore 16 Energia, e cos\u00ec sia.","og_url":"https:\/\/www.acomeambiente.org\/fr\/blog\/2015\/05\/24\/energia-e-cosi-sia\/","og_site_name":"Fr - MAcA - Museo A come Ambiente","article_published_time":"2015-05-24T09:51:19+00:00","article_modified_time":"2017-04-11T08:38:45+00:00","og_image":[{"width":960,"height":639,"url":"https:\/\/www.acomeambiente.org\/fr\/wp-content\/uploads\/sites\/2\/2015\/05\/Laboratorio-al-Museo.jpg","type":"image\/jpeg"}],"author":"maca","twitter_card":"summary_large_image","twitter_misc":{"\u00c9crit par":"maca","Dur\u00e9e de lecture estim\u00e9e":"1 minute"},"schema":{"@context":"https:\/\/schema.org","@graph":[{"@type":"Article","@id":"https:\/\/www.acomeambiente.org\/fr\/blog\/2015\/05\/24\/energia-e-cosi-sia\/#article","isPartOf":{"@id":"https:\/\/www.acomeambiente.org\/fr\/blog\/2015\/05\/24\/energia-e-cosi-sia\/"},"author":{"name":"maca","@id":"https:\/\/www.acomeambiente.org\/fr\/#\/schema\/person\/abb5b373fd10c6152f3ba6effe4922a8"},"headline":"Energia, e cos\u00ec sia","datePublished":"2015-05-24T09:51:19+00:00","dateModified":"2017-04-11T08:38:45+00:00","mainEntityOfPage":{"@id":"https:\/\/www.acomeambiente.org\/fr\/blog\/2015\/05\/24\/energia-e-cosi-sia\/"},"wordCount":215,"image":{"@id":"https:\/\/www.acomeambiente.org\/fr\/blog\/2015\/05\/24\/energia-e-cosi-sia\/#primaryimage"},"thumbnailUrl":"https:\/\/www.acomeambiente.org\/fr\/wp-content\/uploads\/sites\/2\/2015\/05\/Laboratorio-al-Museo.jpg","keywords":["A come Ambiente","A come Anch'io!","energia","Energia e cos\u00ec sia","Eventi","Le Settimane della Scienza","MAcA"],"articleSection":["\u00c9v\u00e9nements"],"inLanguage":"fr-FR"},{"@type":"WebPage","@id":"https:\/\/www.acomeambiente.org\/fr\/blog\/2015\/05\/24\/energia-e-cosi-sia\/","url":"https:\/\/www.acomeambiente.org\/fr\/blog\/2015\/05\/24\/energia-e-cosi-sia\/","name":"Energia, e cos\u00ec sia - Fr - MAcA - Museo A come Ambiente","isPartOf":{"@id":"https:\/\/www.acomeambiente.org\/fr\/#website"},"primaryImageOfPage":{"@id":"https:\/\/www.acomeambiente.org\/fr\/blog\/2015\/05\/24\/energia-e-cosi-sia\/#primaryimage"},"image":{"@id":"https:\/\/www.acomeambiente.org\/fr\/blog\/2015\/05\/24\/energia-e-cosi-sia\/#primaryimage"},"thumbnailUrl":"https:\/\/www.acomeambiente.org\/fr\/wp-content\/uploads\/sites\/2\/2015\/05\/Laboratorio-al-Museo.jpg","datePublished":"2015-05-24T09:51:19+00:00","dateModified":"2017-04-11T08:38:45+00:00","author":{"@id":"https:\/\/www.acomeambiente.org\/fr\/#\/schema\/person\/abb5b373fd10c6152f3ba6effe4922a8"},"description":"Al Museo A come Ambiente proseguono i laboratori del ciclo A come Anch'io! Domenica 24 maggio alle ore 16 Energia, e cos\u00ec sia.","breadcrumb":{"@id":"https:\/\/www.acomeambiente.org\/fr\/blog\/2015\/05\/24\/energia-e-cosi-sia\/#breadcrumb"},"inLanguage":"fr-FR","potentialAction":[{"@type":"ReadAction","target":["https:\/\/www.acomeambiente.org\/fr\/blog\/2015\/05\/24\/energia-e-cosi-sia\/"]}]},{"@type":"ImageObject","inLanguage":"fr-FR","@id":"https:\/\/www.acomeambiente.org\/fr\/blog\/2015\/05\/24\/energia-e-cosi-sia\/#primaryimage","url":"https:\/\/www.acomeambiente.org\/fr\/wp-content\/uploads\/sites\/2\/2015\/05\/Laboratorio-al-Museo.jpg","contentUrl":"https:\/\/www.acomeambiente.org\/fr\/wp-content\/uploads\/sites\/2\/2015\/05\/Laboratorio-al-Museo.jpg","width":960,"height":639},{"@type":"BreadcrumbList","@id":"https:\/\/www.acomeambiente.org\/fr\/blog\/2015\/05\/24\/energia-e-cosi-sia\/#breadcrumb","itemListElement":[{"@type":"ListItem","position":1,"name":"Home","item":"https:\/\/www.acomeambiente.org\/fr\/"},{"@type":"ListItem","position":2,"name":"Energia, e cos\u00ec sia"}]},{"@type":"WebSite","@id":"https:\/\/www.acomeambiente.org\/fr\/#website","url":"https:\/\/www.acomeambiente.org\/fr\/","name":"Fr - MAcA - Museo A come Ambiente","description":"Passa al MAcA, costruiamo insieme un mondo pi\u00f9 sostenibile","potentialAction":[{"@type":"SearchAction","target":{"@type":"EntryPoint","urlTemplate":"https:\/\/www.acomeambiente.org\/fr\/?s={search_term_string}"},"query-input":{"@type":"PropertyValueSpecification","valueRequired":true,"valueName":"search_term_string"}}],"inLanguage":"fr-FR"},{"@type":"Person","@id":"https:\/\/www.acomeambiente.org\/fr\/#\/schema\/person\/abb5b373fd10c6152f3ba6effe4922a8","name":"maca","image":{"@type":"ImageObject","inLanguage":"fr-FR","@id":"https:\/\/www.acomeambiente.org\/fr\/#\/schema\/person\/image\/","url":"https:\/\/secure.gravatar.com\/avatar\/638ecfb6ae252284df22625e08c27812f9102da6030194ee85189eda9b903f6a?s=96&d=mm&r=g","contentUrl":"https:\/\/secure.gravatar.com\/avatar\/638ecfb6ae252284df22625e08c27812f9102da6030194ee85189eda9b903f6a?s=96&d=mm&r=g","caption":"maca"},"url":"https:\/\/www.acomeambiente.org\/fr\/blog\/author\/maca\/"}]}},"_links":{"self":[{"href":"https:\/\/www.acomeambiente.org\/fr\/wp-json\/wp\/v2\/posts\/1456","targetHints":{"allow":["GET"]}}],"collection":[{"href":"https:\/\/www.acomeambiente.org\/fr\/wp-json\/wp\/v2\/posts"}],"about":[{"href":"https:\/\/www.acomeambiente.org\/fr\/wp-json\/wp\/v2\/types\/post"}],"author":[{"embeddable":true,"href":"https:\/\/www.acomeambiente.org\/fr\/wp-json\/wp\/v2\/users\/2"}],"replies":[{"embeddable":true,"href":"https:\/\/www.acomeambiente.org\/fr\/wp-json\/wp\/v2\/comments?post=1456"}],"version-history":[{"count":2,"href":"https:\/\/www.acomeambiente.org\/fr\/wp-json\/wp\/v2\/posts\/1456\/revisions"}],"predecessor-version":[{"id":1458,"href":"https:\/\/www.acomeambiente.org\/fr\/wp-json\/wp\/v2\/posts\/1456\/revisions\/1458"}],"wp:featuredmedia":[{"embeddable":true,"href":"https:\/\/www.acomeambiente.org\/fr\/wp-json\/wp\/v2\/media\/1451"}],"wp:attachment":[{"href":"https:\/\/www.acomeambiente.org\/fr\/wp-json\/wp\/v2\/media?parent=1456"}],"wp:term":[{"taxonomy":"category","embeddable":true,"href":"https:\/\/www.acomeambiente.org\/fr\/wp-json\/wp\/v2\/categories?post=1456"},{"taxonomy":"post_tag","embeddable":true,"href":"https:\/\/www.acomeambiente.org\/fr\/wp-json\/wp\/v2\/tags?post=1456"}],"curies":[{"name":"wp","href":"https:\/\/api.w.org\/{rel}","templated":true}]}}