{"id":1369,"date":"2015-05-06T18:57:04","date_gmt":"2015-05-06T18:57:04","guid":{"rendered":"http:\/\/www.acomeambiente.org\/fr\/?p=1369"},"modified":"2017-04-11T08:38:45","modified_gmt":"2017-04-11T08:38:45","slug":"il-teatro-dellacqua","status":"publish","type":"post","link":"https:\/\/www.acomeambiente.org\/fr\/blog\/2015\/05\/06\/il-teatro-dellacqua\/","title":{"rendered":"Il Teatro dell\u2019Acqua"},"content":{"rendered":"<p style=\"text-align: justify;\">\u00a0<a href=\"http:\/\/www.acomeambiente.org\/wp-content\/uploads\/sites\/2\/2015\/05\/acqua.png\"><img decoding=\"async\" class=\"alignnone size-full wp-image-1386\" src=\"http:\/\/www.acomeambiente.org\/wp-content\/uploads\/sites\/2\/2015\/05\/acqua.png\" alt=\"acqua\" width=\"890\" height=\"448\" srcset=\"https:\/\/www.acomeambiente.org\/fr\/wp-content\/uploads\/sites\/2\/2015\/05\/acqua-300x151.png 300w, https:\/\/www.acomeambiente.org\/fr\/wp-content\/uploads\/sites\/2\/2015\/05\/acqua-540x272.png 540w, https:\/\/www.acomeambiente.org\/fr\/wp-content\/uploads\/sites\/2\/2015\/05\/acqua-600x302.png 600w, https:\/\/www.acomeambiente.org\/fr\/wp-content\/uploads\/sites\/2\/2015\/05\/acqua.png 890w\" sizes=\"(max-width: 890px) 100vw, 890px\" \/><\/a><\/p>\n<h1 class=\"entry-title\">Il Teatro dell\u2019Acqua<\/h1>\n<p style=\"text-align: justify;\">Tornano anche quest\u2019anno gli appuntamenti con <a href=\"http:\/\/www.settimanedellascienza.it\/\" target=\"_blank\"><strong><i>Le Settimane della Scienza<\/i><\/strong><\/a>, in programma <a href=\"http:\/\/www.settimanedellascienza.it\/\" target=\"_blank\"><strong>dal 4 maggio al 30 giugno<\/strong><\/a> con una serie di iniziative volte a conoscere pi\u00f9 da vicino il mondo della scienza e della cultura. Teatro degli incontri saranno ancora una volta i musei, le scuole e le organizzazioni che per l\u2019occasione apriranno le porte agli studenti e ai cittadini, dando loro l\u2019opportunit\u00e0 di vivere in prima persona l\u2019emozione della scoperta. Mostre, conferenze e laboratori per toccare con mano la cultura, con particolare attenzione per le giovani generazioni.<\/p>\n<p style=\"text-align: justify;\">Il <em><b>Museo A come Ambiente<\/b><\/em> di Torino, in qualit\u00e0 di partner dell\u2019evento, sar\u00e0 in prima linea con un ciclo di laboratori sui principali temi ambientali. Si comincia domenica <strong>10 maggio<\/strong> alle <strong>ore 16<\/strong> con <strong>il primo dei tre appuntamenti di A come Anch\u2019io!<\/strong> con <strong><i>Il Teatro dell\u2019Acqua<\/i><\/strong>, un appassionante viaggio in cui i protagonisti saranno i pi\u00f9 piccoli. L\u2019acqua, pur costituendo il 70% del nostro pianeta, \u00e8 per molti un bene primario per nulla scontato. Attraverso un linguaggio inedito e innovativo sar\u00e0 possibile conoscere in modo pi\u00f9 approfondito gli aspetti legati a questa preziosa risorsa, a partire dal suo ciclo naturale fino ad arrivare alle nostre case.<\/p>\n<p style=\"text-align: justify;\"><a href=\"http:\/\/www.acomeambiente.org\/wp-content\/uploads\/sites\/2\/2015\/05\/10-maggio-Il-Teatro-dellAcqua.png\"><img decoding=\"async\" class=\" size-full wp-image-1370 alignright\" src=\"http:\/\/www.acomeambiente.org\/wp-content\/uploads\/sites\/2\/2015\/05\/10-maggio-Il-Teatro-dellAcqua.png\" alt=\"10 maggio - Il Teatro dell'Acqua\" width=\"500\" height=\"322\" srcset=\"https:\/\/www.acomeambiente.org\/fr\/wp-content\/uploads\/sites\/2\/2015\/05\/10-maggio-Il-Teatro-dellAcqua-300x193.png 300w, https:\/\/www.acomeambiente.org\/fr\/wp-content\/uploads\/sites\/2\/2015\/05\/10-maggio-Il-Teatro-dellAcqua-460x295.png 460w, https:\/\/www.acomeambiente.org\/fr\/wp-content\/uploads\/sites\/2\/2015\/05\/10-maggio-Il-Teatro-dellAcqua.png 500w\" sizes=\"(max-width: 500px) 100vw, 500px\" \/><\/a><\/p>\n<p style=\"text-align: justify;\">\u00c8 possibile partecipare al laboratorio <em>Il Teatro dell\u2019Acqua<\/em> tramite prenotazione, per un costo pari a <strong>5 euro<\/strong> (accompagnatori gratis).<\/p>\n<p style=\"text-align: justify;\">Come sempre la sfida pi\u00f9 importante per <em>Le Settimane della Scienza<\/em>, \u00e8 quella di arrivare ai cittadini attraverso un\u2019informazione partecipativa e coinvolgente, ricorrere ad un registro semplice e giocoso per trattare anche argomenti complessi. Altro obiettivo importante \u00e8 quello dell\u2019interattivit\u00e0, per un\u2019esperienza sempre pi\u00f9 completa e multiforme da vivere anche sui canali social della manifestazione. <strong>#SettScienza15<\/strong> \u00e8 infatti l\u2019hashtag da utilizzare in rete per connettersi con l\u2019evento e scoprirlo in tutte le sue declinazioni.<\/p>\n","protected":false},"excerpt":{"rendered":"<p>4 maggio &#8211; 30 giugno 2015 <br \/>\nTorino<\/p>\n","protected":false},"author":2,"featured_media":1370,"comment_status":"closed","ping_status":"closed","sticky":false,"template":"","format":"standard","meta":{"footnotes":""},"categories":[7],"tags":[13,10,14,11,8,9,12],"class_list":["post-1369","post","type-post","status-publish","format-standard","has-post-thumbnail","hentry","category-evenements","tag-settscienza15","tag-a-come-anchio","tag-eventi","tag-il-teatro-dellacqua","tag-le-settimane-della-scienza","tag-museo-a-come-ambiente","tag-torino"],"yoast_head":"<!-- This site is optimized with the Yoast SEO plugin v26.9 - https:\/\/yoast.com\/product\/yoast-seo-wordpress\/ -->\n<title>Il Teatro dell\u2019Acqua<\/title>\n<meta name=\"description\" content=\"Il Museo A come Ambiente partecipa a Le Settimane della Scienza con il ciclo di laboratori A come Anch&#039;io! Si parte il 10 maggio con Il Teatro dell&#039;Acqua.\" \/>\n<meta name=\"robots\" content=\"index, follow, max-snippet:-1, max-image-preview:large, max-video-preview:-1\" \/>\n<link rel=\"canonical\" href=\"https:\/\/www.acomeambiente.org\/fr\/blog\/2015\/05\/06\/il-teatro-dellacqua\/\" \/>\n<meta property=\"og:locale\" content=\"fr_FR\" \/>\n<meta property=\"og:type\" content=\"article\" \/>\n<meta property=\"og:title\" content=\"Il Teatro dell\u2019Acqua\" \/>\n<meta property=\"og:description\" content=\"Il Museo A come Ambiente partecipa a Le Settimane della Scienza con il ciclo di laboratori A come Anch&#039;io! Si parte il 10 maggio con Il Teatro dell&#039;Acqua.\" \/>\n<meta property=\"og:url\" content=\"https:\/\/www.acomeambiente.org\/fr\/blog\/2015\/05\/06\/il-teatro-dellacqua\/\" \/>\n<meta property=\"og:site_name\" content=\"Fr - MAcA - Museo A come Ambiente\" \/>\n<meta property=\"article:published_time\" content=\"2015-05-06T18:57:04+00:00\" \/>\n<meta property=\"article:modified_time\" content=\"2017-04-11T08:38:45+00:00\" \/>\n<meta property=\"og:image\" content=\"https:\/\/www.acomeambiente.org\/fr\/wp-content\/uploads\/sites\/2\/2015\/05\/10-maggio-Il-Teatro-dellAcqua.png\" \/>\n\t<meta property=\"og:image:width\" content=\"500\" \/>\n\t<meta property=\"og:image:height\" content=\"322\" \/>\n\t<meta property=\"og:image:type\" content=\"image\/png\" \/>\n<meta name=\"author\" content=\"maca\" \/>\n<meta name=\"twitter:card\" content=\"summary_large_image\" \/>\n<meta name=\"twitter:label1\" content=\"\u00c9crit par\" \/>\n\t<meta name=\"twitter:data1\" content=\"maca\" \/>\n\t<meta name=\"twitter:label2\" content=\"Dur\u00e9e de lecture estim\u00e9e\" \/>\n\t<meta name=\"twitter:data2\" content=\"1 minute\" \/>\n<script type=\"application\/ld+json\" class=\"yoast-schema-graph\">{\"@context\":\"https:\/\/schema.org\",\"@graph\":[{\"@type\":\"Article\",\"@id\":\"https:\/\/www.acomeambiente.org\/fr\/blog\/2015\/05\/06\/il-teatro-dellacqua\/#article\",\"isPartOf\":{\"@id\":\"https:\/\/www.acomeambiente.org\/fr\/blog\/2015\/05\/06\/il-teatro-dellacqua\/\"},\"author\":{\"name\":\"maca\",\"@id\":\"https:\/\/www.acomeambiente.org\/fr\/#\/schema\/person\/abb5b373fd10c6152f3ba6effe4922a8\"},\"headline\":\"Il Teatro dell\u2019Acqua\",\"datePublished\":\"2015-05-06T18:57:04+00:00\",\"dateModified\":\"2017-04-11T08:38:45+00:00\",\"mainEntityOfPage\":{\"@id\":\"https:\/\/www.acomeambiente.org\/fr\/blog\/2015\/05\/06\/il-teatro-dellacqua\/\"},\"wordCount\":300,\"image\":{\"@id\":\"https:\/\/www.acomeambiente.org\/fr\/blog\/2015\/05\/06\/il-teatro-dellacqua\/#primaryimage\"},\"thumbnailUrl\":\"https:\/\/www.acomeambiente.org\/fr\/wp-content\/uploads\/sites\/2\/2015\/05\/10-maggio-Il-Teatro-dellAcqua.png\",\"keywords\":[\"#SettScienza15\",\"A come Anch'io!\",\"Eventi\",\"Il Teatro dell'Acqua\",\"Le Settimane della Scienza\",\"Museo A come Ambiente\",\"Torino\"],\"articleSection\":[\"\u00c9v\u00e9nements\"],\"inLanguage\":\"fr-FR\"},{\"@type\":\"WebPage\",\"@id\":\"https:\/\/www.acomeambiente.org\/fr\/blog\/2015\/05\/06\/il-teatro-dellacqua\/\",\"url\":\"https:\/\/www.acomeambiente.org\/fr\/blog\/2015\/05\/06\/il-teatro-dellacqua\/\",\"name\":\"Il Teatro dell\u2019Acqua\",\"isPartOf\":{\"@id\":\"https:\/\/www.acomeambiente.org\/fr\/#website\"},\"primaryImageOfPage\":{\"@id\":\"https:\/\/www.acomeambiente.org\/fr\/blog\/2015\/05\/06\/il-teatro-dellacqua\/#primaryimage\"},\"image\":{\"@id\":\"https:\/\/www.acomeambiente.org\/fr\/blog\/2015\/05\/06\/il-teatro-dellacqua\/#primaryimage\"},\"thumbnailUrl\":\"https:\/\/www.acomeambiente.org\/fr\/wp-content\/uploads\/sites\/2\/2015\/05\/10-maggio-Il-Teatro-dellAcqua.png\",\"datePublished\":\"2015-05-06T18:57:04+00:00\",\"dateModified\":\"2017-04-11T08:38:45+00:00\",\"author\":{\"@id\":\"https:\/\/www.acomeambiente.org\/fr\/#\/schema\/person\/abb5b373fd10c6152f3ba6effe4922a8\"},\"description\":\"Il Museo A come Ambiente partecipa a Le Settimane della Scienza con il ciclo di laboratori A come Anch'io! Si parte il 10 maggio con Il Teatro dell'Acqua.\",\"breadcrumb\":{\"@id\":\"https:\/\/www.acomeambiente.org\/fr\/blog\/2015\/05\/06\/il-teatro-dellacqua\/#breadcrumb\"},\"inLanguage\":\"fr-FR\",\"potentialAction\":[{\"@type\":\"ReadAction\",\"target\":[\"https:\/\/www.acomeambiente.org\/fr\/blog\/2015\/05\/06\/il-teatro-dellacqua\/\"]}]},{\"@type\":\"ImageObject\",\"inLanguage\":\"fr-FR\",\"@id\":\"https:\/\/www.acomeambiente.org\/fr\/blog\/2015\/05\/06\/il-teatro-dellacqua\/#primaryimage\",\"url\":\"https:\/\/www.acomeambiente.org\/fr\/wp-content\/uploads\/sites\/2\/2015\/05\/10-maggio-Il-Teatro-dellAcqua.png\",\"contentUrl\":\"https:\/\/www.acomeambiente.org\/fr\/wp-content\/uploads\/sites\/2\/2015\/05\/10-maggio-Il-Teatro-dellAcqua.png\",\"width\":500,\"height\":322},{\"@type\":\"BreadcrumbList\",\"@id\":\"https:\/\/www.acomeambiente.org\/fr\/blog\/2015\/05\/06\/il-teatro-dellacqua\/#breadcrumb\",\"itemListElement\":[{\"@type\":\"ListItem\",\"position\":1,\"name\":\"Home\",\"item\":\"https:\/\/www.acomeambiente.org\/fr\/\"},{\"@type\":\"ListItem\",\"position\":2,\"name\":\"Il Teatro dell\u2019Acqua\"}]},{\"@type\":\"WebSite\",\"@id\":\"https:\/\/www.acomeambiente.org\/fr\/#website\",\"url\":\"https:\/\/www.acomeambiente.org\/fr\/\",\"name\":\"Fr - MAcA - Museo A come Ambiente\",\"description\":\"Passa al MAcA, costruiamo insieme un mondo pi\u00f9 sostenibile\",\"potentialAction\":[{\"@type\":\"SearchAction\",\"target\":{\"@type\":\"EntryPoint\",\"urlTemplate\":\"https:\/\/www.acomeambiente.org\/fr\/?s={search_term_string}\"},\"query-input\":{\"@type\":\"PropertyValueSpecification\",\"valueRequired\":true,\"valueName\":\"search_term_string\"}}],\"inLanguage\":\"fr-FR\"},{\"@type\":\"Person\",\"@id\":\"https:\/\/www.acomeambiente.org\/fr\/#\/schema\/person\/abb5b373fd10c6152f3ba6effe4922a8\",\"name\":\"maca\",\"image\":{\"@type\":\"ImageObject\",\"inLanguage\":\"fr-FR\",\"@id\":\"https:\/\/www.acomeambiente.org\/fr\/#\/schema\/person\/image\/\",\"url\":\"https:\/\/secure.gravatar.com\/avatar\/638ecfb6ae252284df22625e08c27812f9102da6030194ee85189eda9b903f6a?s=96&d=mm&r=g\",\"contentUrl\":\"https:\/\/secure.gravatar.com\/avatar\/638ecfb6ae252284df22625e08c27812f9102da6030194ee85189eda9b903f6a?s=96&d=mm&r=g\",\"caption\":\"maca\"},\"url\":\"https:\/\/www.acomeambiente.org\/fr\/blog\/author\/maca\/\"}]}<\/script>\n<!-- \/ Yoast SEO plugin. -->","yoast_head_json":{"title":"Il Teatro dell\u2019Acqua","description":"Il Museo A come Ambiente partecipa a Le Settimane della Scienza con il ciclo di laboratori A come Anch'io! Si parte il 10 maggio con Il Teatro dell'Acqua.","robots":{"index":"index","follow":"follow","max-snippet":"max-snippet:-1","max-image-preview":"max-image-preview:large","max-video-preview":"max-video-preview:-1"},"canonical":"https:\/\/www.acomeambiente.org\/fr\/blog\/2015\/05\/06\/il-teatro-dellacqua\/","og_locale":"fr_FR","og_type":"article","og_title":"Il Teatro dell\u2019Acqua","og_description":"Il Museo A come Ambiente partecipa a Le Settimane della Scienza con il ciclo di laboratori A come Anch'io! Si parte il 10 maggio con Il Teatro dell'Acqua.","og_url":"https:\/\/www.acomeambiente.org\/fr\/blog\/2015\/05\/06\/il-teatro-dellacqua\/","og_site_name":"Fr - MAcA - Museo A come Ambiente","article_published_time":"2015-05-06T18:57:04+00:00","article_modified_time":"2017-04-11T08:38:45+00:00","og_image":[{"width":500,"height":322,"url":"https:\/\/www.acomeambiente.org\/fr\/wp-content\/uploads\/sites\/2\/2015\/05\/10-maggio-Il-Teatro-dellAcqua.png","type":"image\/png"}],"author":"maca","twitter_card":"summary_large_image","twitter_misc":{"\u00c9crit par":"maca","Dur\u00e9e de lecture estim\u00e9e":"1 minute"},"schema":{"@context":"https:\/\/schema.org","@graph":[{"@type":"Article","@id":"https:\/\/www.acomeambiente.org\/fr\/blog\/2015\/05\/06\/il-teatro-dellacqua\/#article","isPartOf":{"@id":"https:\/\/www.acomeambiente.org\/fr\/blog\/2015\/05\/06\/il-teatro-dellacqua\/"},"author":{"name":"maca","@id":"https:\/\/www.acomeambiente.org\/fr\/#\/schema\/person\/abb5b373fd10c6152f3ba6effe4922a8"},"headline":"Il Teatro dell\u2019Acqua","datePublished":"2015-05-06T18:57:04+00:00","dateModified":"2017-04-11T08:38:45+00:00","mainEntityOfPage":{"@id":"https:\/\/www.acomeambiente.org\/fr\/blog\/2015\/05\/06\/il-teatro-dellacqua\/"},"wordCount":300,"image":{"@id":"https:\/\/www.acomeambiente.org\/fr\/blog\/2015\/05\/06\/il-teatro-dellacqua\/#primaryimage"},"thumbnailUrl":"https:\/\/www.acomeambiente.org\/fr\/wp-content\/uploads\/sites\/2\/2015\/05\/10-maggio-Il-Teatro-dellAcqua.png","keywords":["#SettScienza15","A come Anch'io!","Eventi","Il Teatro dell'Acqua","Le Settimane della Scienza","Museo A come Ambiente","Torino"],"articleSection":["\u00c9v\u00e9nements"],"inLanguage":"fr-FR"},{"@type":"WebPage","@id":"https:\/\/www.acomeambiente.org\/fr\/blog\/2015\/05\/06\/il-teatro-dellacqua\/","url":"https:\/\/www.acomeambiente.org\/fr\/blog\/2015\/05\/06\/il-teatro-dellacqua\/","name":"Il Teatro dell\u2019Acqua","isPartOf":{"@id":"https:\/\/www.acomeambiente.org\/fr\/#website"},"primaryImageOfPage":{"@id":"https:\/\/www.acomeambiente.org\/fr\/blog\/2015\/05\/06\/il-teatro-dellacqua\/#primaryimage"},"image":{"@id":"https:\/\/www.acomeambiente.org\/fr\/blog\/2015\/05\/06\/il-teatro-dellacqua\/#primaryimage"},"thumbnailUrl":"https:\/\/www.acomeambiente.org\/fr\/wp-content\/uploads\/sites\/2\/2015\/05\/10-maggio-Il-Teatro-dellAcqua.png","datePublished":"2015-05-06T18:57:04+00:00","dateModified":"2017-04-11T08:38:45+00:00","author":{"@id":"https:\/\/www.acomeambiente.org\/fr\/#\/schema\/person\/abb5b373fd10c6152f3ba6effe4922a8"},"description":"Il Museo A come Ambiente partecipa a Le Settimane della Scienza con il ciclo di laboratori A come Anch'io! Si parte il 10 maggio con Il Teatro dell'Acqua.","breadcrumb":{"@id":"https:\/\/www.acomeambiente.org\/fr\/blog\/2015\/05\/06\/il-teatro-dellacqua\/#breadcrumb"},"inLanguage":"fr-FR","potentialAction":[{"@type":"ReadAction","target":["https:\/\/www.acomeambiente.org\/fr\/blog\/2015\/05\/06\/il-teatro-dellacqua\/"]}]},{"@type":"ImageObject","inLanguage":"fr-FR","@id":"https:\/\/www.acomeambiente.org\/fr\/blog\/2015\/05\/06\/il-teatro-dellacqua\/#primaryimage","url":"https:\/\/www.acomeambiente.org\/fr\/wp-content\/uploads\/sites\/2\/2015\/05\/10-maggio-Il-Teatro-dellAcqua.png","contentUrl":"https:\/\/www.acomeambiente.org\/fr\/wp-content\/uploads\/sites\/2\/2015\/05\/10-maggio-Il-Teatro-dellAcqua.png","width":500,"height":322},{"@type":"BreadcrumbList","@id":"https:\/\/www.acomeambiente.org\/fr\/blog\/2015\/05\/06\/il-teatro-dellacqua\/#breadcrumb","itemListElement":[{"@type":"ListItem","position":1,"name":"Home","item":"https:\/\/www.acomeambiente.org\/fr\/"},{"@type":"ListItem","position":2,"name":"Il Teatro dell\u2019Acqua"}]},{"@type":"WebSite","@id":"https:\/\/www.acomeambiente.org\/fr\/#website","url":"https:\/\/www.acomeambiente.org\/fr\/","name":"Fr - MAcA - Museo A come Ambiente","description":"Passa al MAcA, costruiamo insieme un mondo pi\u00f9 sostenibile","potentialAction":[{"@type":"SearchAction","target":{"@type":"EntryPoint","urlTemplate":"https:\/\/www.acomeambiente.org\/fr\/?s={search_term_string}"},"query-input":{"@type":"PropertyValueSpecification","valueRequired":true,"valueName":"search_term_string"}}],"inLanguage":"fr-FR"},{"@type":"Person","@id":"https:\/\/www.acomeambiente.org\/fr\/#\/schema\/person\/abb5b373fd10c6152f3ba6effe4922a8","name":"maca","image":{"@type":"ImageObject","inLanguage":"fr-FR","@id":"https:\/\/www.acomeambiente.org\/fr\/#\/schema\/person\/image\/","url":"https:\/\/secure.gravatar.com\/avatar\/638ecfb6ae252284df22625e08c27812f9102da6030194ee85189eda9b903f6a?s=96&d=mm&r=g","contentUrl":"https:\/\/secure.gravatar.com\/avatar\/638ecfb6ae252284df22625e08c27812f9102da6030194ee85189eda9b903f6a?s=96&d=mm&r=g","caption":"maca"},"url":"https:\/\/www.acomeambiente.org\/fr\/blog\/author\/maca\/"}]}},"_links":{"self":[{"href":"https:\/\/www.acomeambiente.org\/fr\/wp-json\/wp\/v2\/posts\/1369","targetHints":{"allow":["GET"]}}],"collection":[{"href":"https:\/\/www.acomeambiente.org\/fr\/wp-json\/wp\/v2\/posts"}],"about":[{"href":"https:\/\/www.acomeambiente.org\/fr\/wp-json\/wp\/v2\/types\/post"}],"author":[{"embeddable":true,"href":"https:\/\/www.acomeambiente.org\/fr\/wp-json\/wp\/v2\/users\/2"}],"replies":[{"embeddable":true,"href":"https:\/\/www.acomeambiente.org\/fr\/wp-json\/wp\/v2\/comments?post=1369"}],"version-history":[{"count":18,"href":"https:\/\/www.acomeambiente.org\/fr\/wp-json\/wp\/v2\/posts\/1369\/revisions"}],"predecessor-version":[{"id":1404,"href":"https:\/\/www.acomeambiente.org\/fr\/wp-json\/wp\/v2\/posts\/1369\/revisions\/1404"}],"wp:featuredmedia":[{"embeddable":true,"href":"https:\/\/www.acomeambiente.org\/fr\/wp-json\/wp\/v2\/media\/1370"}],"wp:attachment":[{"href":"https:\/\/www.acomeambiente.org\/fr\/wp-json\/wp\/v2\/media?parent=1369"}],"wp:term":[{"taxonomy":"category","embeddable":true,"href":"https:\/\/www.acomeambiente.org\/fr\/wp-json\/wp\/v2\/categories?post=1369"},{"taxonomy":"post_tag","embeddable":true,"href":"https:\/\/www.acomeambiente.org\/fr\/wp-json\/wp\/v2\/tags?post=1369"}],"curies":[{"name":"wp","href":"https:\/\/api.w.org\/{rel}","templated":true}]}}