{"id":1334,"date":"2015-04-23T12:59:53","date_gmt":"2015-04-23T12:59:53","guid":{"rendered":"http:\/\/www.acomeambiente.org\/fr\/?p=1334"},"modified":"2017-04-11T08:38:45","modified_gmt":"2017-04-11T08:38:45","slug":"orto-balcone","status":"publish","type":"post","link":"https:\/\/www.acomeambiente.org\/fr\/blog\/2015\/04\/23\/orto-balcone\/","title":{"rendered":"L\u2019orto sul balcone"},"content":{"rendered":"<p><img decoding=\"async\" class=\"alignnone size-full wp-image-1257\" src=\"\/wp-content\/uploads\/sites\/2\/2015\/04\/eventi_header_orto-balcone.jpg\" alt=\"L\u2019orto sul balcone e Tutti i colori dell\u2019orto\" width=\"900\" height=\"330\" \/><\/p>\n<h1 class=\"entry-title\">L\u2019orto sul balcone e Tutti i colori dell\u2019orto<br \/>\nIl MAcA a \u201cAgor\u00e0 a Torino\u201d di Expo Milano 2015<\/h1>\n<div>Il MAcA aderisce a <strong>Agor\u00e0 a Torino<\/strong> spazio polifunzionale riservato al confronto e alla riflessione sui temi pi\u00f9 alti dell\u2019Esposizione Universale, con una speciale attenzione al mondo dei bambini e della didattica.<\/p>\n<p>Il MAcA propone alle scuole che hanno aderito (400 studenti in tutto) un laboratorio che si sviluppa in due fasi: <strong>\u00ab\u00a0L\u2019orto sul balcone\u00a0\u00bb<\/strong> e <strong>\u00ab\u00a0Tutti i colori dell\u2019orto\u00a0\u00bb<\/strong>.<\/p>\n<h2>L\u2019orto sul balcone<\/h2>\n<p>Durante la prima fase si <strong>allestisce un orto<\/strong> unendo tra loro tante cassette trasportabili costruite in OSB italiano (legno idrofobo) che possono contenere ognuna 4 vaschette bio per la coltivazione dei vegetali.  Sotto la vaschetta di coltivazione, ci sar\u00e0 un\u2019altra vaschetta bio che conterr\u00e0 un terriccio speciale, ad alta capacit\u00e0 di ritenzione sia dell\u2019acqua di bagnatura sia dei concimi.<br \/>\nI bambini impareranno quali sono gli elementi fondamentali  necessari per la crescita dei vegetali e potranno direttamente allestire le colture.<br \/>\nAlcune vaschette saranno portate a scuola dai partecipanti, altre saranno destinate al museo dove saranno poi trapiantate dando cos\u00ec vita ad un <strong>primo nucleo di orto urbano<\/strong>.<\/p>\n<h2>Tutti i colori dell\u2019orto<\/h2>\n<p>La seconda fase affronta del laboratorio affronta il tema del <\/strong>riutilizzo degli scarti alimentari<\/strong> legati alla produzione agricola. L&rsquo;obiettivo \u00e8 stimolare la creativit\u00e0 promuovendo pratiche che trasformano il rifiuto in risorsa.<br \/>\nA partire dagli scarti di cavolo rosso, cipolla e melograno vengono estratti alcuni pigmenti naturali che uniti a aceto, bicarbonato o potassio creano una gamma di oltre 60 colori utilizzabili come inchiostro su carta o per tingere tessuti. Le classi in visita si cimenteranno con la creazione di una mazzetta colore ottenuta grazie a scarti di frutta e verdura, e impareranno che \u00e8 possibile creare fogli di carta riciclando la parte fibrosa che si ottiene nelle spremiture a freddo, per esempio, delle mandorle.<\/p>\n<p>Il MAcA ringrazia per la preziosa collaborazione <strong><a href=\"http:\/\/www.novamont.com\" alt=\"Novamon\" target=\"_blank\">Novamont<\/a>, <a href=\"http:\/\/www.naturart2013.altervista.org\" alt=\"Naturart\" target=\"_blank\">Naturart<\/a> e <a href=\"http:\/\/www.foodforgood.me\" alt=\"Food for Good\" target=\"_blank\">Food for Good<\/a><\/strong>.<\/p>\n<p><strong>Dove:<\/strong> piazza Castello &#8211; Torino<br \/>\n<strong>Quando:<\/strong> dal luned\u00ec 27 aprile a 1 maggio<br \/>\n<strong>Info e prenotazioni:<\/strong> 011 4322852 &#8211; <a href=\"mailto:agoratorino2015@gmail.com\">agoratorino2015@gmail.com<\/a><\/div>\n","protected":false},"excerpt":{"rendered":"<p>27 aprile &#8211; 1 maggio 2015<br \/>\nAgor\u00e0 piazza Castello Torino <\/p>\n","protected":false},"author":1025,"featured_media":1336,"comment_status":"closed","ping_status":"closed","sticky":false,"template":"","format":"standard","meta":{"footnotes":""},"categories":[7],"tags":[],"class_list":["post-1334","post","type-post","status-publish","format-standard","has-post-thumbnail","hentry","category-evenements"],"yoast_head":"<!-- This site is optimized with the Yoast SEO plugin v26.9 - https:\/\/yoast.com\/product\/yoast-seo-wordpress\/ -->\n<title>L\u2019orto sul balcone - Fr - MAcA - Museo A come Ambiente<\/title>\n<meta name=\"robots\" content=\"index, follow, max-snippet:-1, max-image-preview:large, max-video-preview:-1\" \/>\n<link rel=\"canonical\" href=\"https:\/\/www.acomeambiente.org\/fr\/blog\/2015\/04\/23\/orto-balcone\/\" \/>\n<meta property=\"og:locale\" content=\"fr_FR\" \/>\n<meta property=\"og:type\" content=\"article\" \/>\n<meta property=\"og:title\" content=\"L\u2019orto sul balcone - Fr - MAcA - Museo A come Ambiente\" \/>\n<meta property=\"og:description\" content=\"27 aprile - 1 maggio 2015 Agor\u00e0 piazza Castello Torino\" \/>\n<meta property=\"og:url\" content=\"https:\/\/www.acomeambiente.org\/fr\/blog\/2015\/04\/23\/orto-balcone\/\" \/>\n<meta property=\"og:site_name\" content=\"Fr - MAcA - Museo A come Ambiente\" \/>\n<meta property=\"article:published_time\" content=\"2015-04-23T12:59:53+00:00\" \/>\n<meta property=\"article:modified_time\" content=\"2017-04-11T08:38:45+00:00\" \/>\n<meta property=\"og:image\" content=\"https:\/\/www.acomeambiente.org\/fr\/wp-content\/uploads\/sites\/2\/2015\/04\/eventi_agora.jpg\" \/>\n\t<meta property=\"og:image:width\" content=\"800\" \/>\n\t<meta property=\"og:image:height\" content=\"534\" \/>\n\t<meta property=\"og:image:type\" content=\"image\/jpeg\" \/>\n<meta name=\"author\" content=\"admin_news\" \/>\n<meta name=\"twitter:card\" content=\"summary_large_image\" \/>\n<meta name=\"twitter:label1\" content=\"\u00c9crit par\" \/>\n\t<meta name=\"twitter:data1\" content=\"admin_news\" \/>\n\t<meta name=\"twitter:label2\" content=\"Dur\u00e9e de lecture estim\u00e9e\" \/>\n\t<meta name=\"twitter:data2\" content=\"2 minutes\" \/>\n<script type=\"application\/ld+json\" class=\"yoast-schema-graph\">{\"@context\":\"https:\/\/schema.org\",\"@graph\":[{\"@type\":\"Article\",\"@id\":\"https:\/\/www.acomeambiente.org\/fr\/blog\/2015\/04\/23\/orto-balcone\/#article\",\"isPartOf\":{\"@id\":\"https:\/\/www.acomeambiente.org\/fr\/blog\/2015\/04\/23\/orto-balcone\/\"},\"author\":{\"name\":\"admin_news\",\"@id\":\"https:\/\/www.acomeambiente.org\/fr\/#\/schema\/person\/49b8399922c24dbb2be94d548596e6d5\"},\"headline\":\"L\u2019orto sul balcone\",\"datePublished\":\"2015-04-23T12:59:53+00:00\",\"dateModified\":\"2017-04-11T08:38:45+00:00\",\"mainEntityOfPage\":{\"@id\":\"https:\/\/www.acomeambiente.org\/fr\/blog\/2015\/04\/23\/orto-balcone\/\"},\"wordCount\":344,\"image\":{\"@id\":\"https:\/\/www.acomeambiente.org\/fr\/blog\/2015\/04\/23\/orto-balcone\/#primaryimage\"},\"thumbnailUrl\":\"https:\/\/www.acomeambiente.org\/fr\/wp-content\/uploads\/sites\/2\/2015\/04\/eventi_agora.jpg\",\"articleSection\":[\"\u00c9v\u00e9nements\"],\"inLanguage\":\"fr-FR\"},{\"@type\":\"WebPage\",\"@id\":\"https:\/\/www.acomeambiente.org\/fr\/blog\/2015\/04\/23\/orto-balcone\/\",\"url\":\"https:\/\/www.acomeambiente.org\/fr\/blog\/2015\/04\/23\/orto-balcone\/\",\"name\":\"L\u2019orto sul balcone - Fr - MAcA - Museo A come Ambiente\",\"isPartOf\":{\"@id\":\"https:\/\/www.acomeambiente.org\/fr\/#website\"},\"primaryImageOfPage\":{\"@id\":\"https:\/\/www.acomeambiente.org\/fr\/blog\/2015\/04\/23\/orto-balcone\/#primaryimage\"},\"image\":{\"@id\":\"https:\/\/www.acomeambiente.org\/fr\/blog\/2015\/04\/23\/orto-balcone\/#primaryimage\"},\"thumbnailUrl\":\"https:\/\/www.acomeambiente.org\/fr\/wp-content\/uploads\/sites\/2\/2015\/04\/eventi_agora.jpg\",\"datePublished\":\"2015-04-23T12:59:53+00:00\",\"dateModified\":\"2017-04-11T08:38:45+00:00\",\"author\":{\"@id\":\"https:\/\/www.acomeambiente.org\/fr\/#\/schema\/person\/49b8399922c24dbb2be94d548596e6d5\"},\"breadcrumb\":{\"@id\":\"https:\/\/www.acomeambiente.org\/fr\/blog\/2015\/04\/23\/orto-balcone\/#breadcrumb\"},\"inLanguage\":\"fr-FR\",\"potentialAction\":[{\"@type\":\"ReadAction\",\"target\":[\"https:\/\/www.acomeambiente.org\/fr\/blog\/2015\/04\/23\/orto-balcone\/\"]}]},{\"@type\":\"ImageObject\",\"inLanguage\":\"fr-FR\",\"@id\":\"https:\/\/www.acomeambiente.org\/fr\/blog\/2015\/04\/23\/orto-balcone\/#primaryimage\",\"url\":\"https:\/\/www.acomeambiente.org\/fr\/wp-content\/uploads\/sites\/2\/2015\/04\/eventi_agora.jpg\",\"contentUrl\":\"https:\/\/www.acomeambiente.org\/fr\/wp-content\/uploads\/sites\/2\/2015\/04\/eventi_agora.jpg\",\"width\":800,\"height\":534},{\"@type\":\"BreadcrumbList\",\"@id\":\"https:\/\/www.acomeambiente.org\/fr\/blog\/2015\/04\/23\/orto-balcone\/#breadcrumb\",\"itemListElement\":[{\"@type\":\"ListItem\",\"position\":1,\"name\":\"Home\",\"item\":\"https:\/\/www.acomeambiente.org\/fr\/\"},{\"@type\":\"ListItem\",\"position\":2,\"name\":\"L\u2019orto sul balcone\"}]},{\"@type\":\"WebSite\",\"@id\":\"https:\/\/www.acomeambiente.org\/fr\/#website\",\"url\":\"https:\/\/www.acomeambiente.org\/fr\/\",\"name\":\"Fr - MAcA - Museo A come Ambiente\",\"description\":\"Passa al MAcA, costruiamo insieme un mondo pi\u00f9 sostenibile\",\"potentialAction\":[{\"@type\":\"SearchAction\",\"target\":{\"@type\":\"EntryPoint\",\"urlTemplate\":\"https:\/\/www.acomeambiente.org\/fr\/?s={search_term_string}\"},\"query-input\":{\"@type\":\"PropertyValueSpecification\",\"valueRequired\":true,\"valueName\":\"search_term_string\"}}],\"inLanguage\":\"fr-FR\"},{\"@type\":\"Person\",\"@id\":\"https:\/\/www.acomeambiente.org\/fr\/#\/schema\/person\/49b8399922c24dbb2be94d548596e6d5\",\"name\":\"admin_news\",\"image\":{\"@type\":\"ImageObject\",\"inLanguage\":\"fr-FR\",\"@id\":\"https:\/\/www.acomeambiente.org\/fr\/#\/schema\/person\/image\/\",\"url\":\"https:\/\/secure.gravatar.com\/avatar\/e92a6107032b2ad75a851167e026833b55072b3ebdb80115b89b98fb851e0506?s=96&d=mm&r=g\",\"contentUrl\":\"https:\/\/secure.gravatar.com\/avatar\/e92a6107032b2ad75a851167e026833b55072b3ebdb80115b89b98fb851e0506?s=96&d=mm&r=g\",\"caption\":\"admin_news\"},\"url\":\"https:\/\/www.acomeambiente.org\/fr\/blog\/author\/admin_news\/\"}]}<\/script>\n<!-- \/ Yoast SEO plugin. -->","yoast_head_json":{"title":"L\u2019orto sul balcone - Fr - MAcA - Museo A come Ambiente","robots":{"index":"index","follow":"follow","max-snippet":"max-snippet:-1","max-image-preview":"max-image-preview:large","max-video-preview":"max-video-preview:-1"},"canonical":"https:\/\/www.acomeambiente.org\/fr\/blog\/2015\/04\/23\/orto-balcone\/","og_locale":"fr_FR","og_type":"article","og_title":"L\u2019orto sul balcone - Fr - MAcA - Museo A come Ambiente","og_description":"27 aprile - 1 maggio 2015 Agor\u00e0 piazza Castello Torino","og_url":"https:\/\/www.acomeambiente.org\/fr\/blog\/2015\/04\/23\/orto-balcone\/","og_site_name":"Fr - MAcA - Museo A come Ambiente","article_published_time":"2015-04-23T12:59:53+00:00","article_modified_time":"2017-04-11T08:38:45+00:00","og_image":[{"width":800,"height":534,"url":"https:\/\/www.acomeambiente.org\/fr\/wp-content\/uploads\/sites\/2\/2015\/04\/eventi_agora.jpg","type":"image\/jpeg"}],"author":"admin_news","twitter_card":"summary_large_image","twitter_misc":{"\u00c9crit par":"admin_news","Dur\u00e9e de lecture estim\u00e9e":"2 minutes"},"schema":{"@context":"https:\/\/schema.org","@graph":[{"@type":"Article","@id":"https:\/\/www.acomeambiente.org\/fr\/blog\/2015\/04\/23\/orto-balcone\/#article","isPartOf":{"@id":"https:\/\/www.acomeambiente.org\/fr\/blog\/2015\/04\/23\/orto-balcone\/"},"author":{"name":"admin_news","@id":"https:\/\/www.acomeambiente.org\/fr\/#\/schema\/person\/49b8399922c24dbb2be94d548596e6d5"},"headline":"L\u2019orto sul balcone","datePublished":"2015-04-23T12:59:53+00:00","dateModified":"2017-04-11T08:38:45+00:00","mainEntityOfPage":{"@id":"https:\/\/www.acomeambiente.org\/fr\/blog\/2015\/04\/23\/orto-balcone\/"},"wordCount":344,"image":{"@id":"https:\/\/www.acomeambiente.org\/fr\/blog\/2015\/04\/23\/orto-balcone\/#primaryimage"},"thumbnailUrl":"https:\/\/www.acomeambiente.org\/fr\/wp-content\/uploads\/sites\/2\/2015\/04\/eventi_agora.jpg","articleSection":["\u00c9v\u00e9nements"],"inLanguage":"fr-FR"},{"@type":"WebPage","@id":"https:\/\/www.acomeambiente.org\/fr\/blog\/2015\/04\/23\/orto-balcone\/","url":"https:\/\/www.acomeambiente.org\/fr\/blog\/2015\/04\/23\/orto-balcone\/","name":"L\u2019orto sul balcone - Fr - MAcA - Museo A come Ambiente","isPartOf":{"@id":"https:\/\/www.acomeambiente.org\/fr\/#website"},"primaryImageOfPage":{"@id":"https:\/\/www.acomeambiente.org\/fr\/blog\/2015\/04\/23\/orto-balcone\/#primaryimage"},"image":{"@id":"https:\/\/www.acomeambiente.org\/fr\/blog\/2015\/04\/23\/orto-balcone\/#primaryimage"},"thumbnailUrl":"https:\/\/www.acomeambiente.org\/fr\/wp-content\/uploads\/sites\/2\/2015\/04\/eventi_agora.jpg","datePublished":"2015-04-23T12:59:53+00:00","dateModified":"2017-04-11T08:38:45+00:00","author":{"@id":"https:\/\/www.acomeambiente.org\/fr\/#\/schema\/person\/49b8399922c24dbb2be94d548596e6d5"},"breadcrumb":{"@id":"https:\/\/www.acomeambiente.org\/fr\/blog\/2015\/04\/23\/orto-balcone\/#breadcrumb"},"inLanguage":"fr-FR","potentialAction":[{"@type":"ReadAction","target":["https:\/\/www.acomeambiente.org\/fr\/blog\/2015\/04\/23\/orto-balcone\/"]}]},{"@type":"ImageObject","inLanguage":"fr-FR","@id":"https:\/\/www.acomeambiente.org\/fr\/blog\/2015\/04\/23\/orto-balcone\/#primaryimage","url":"https:\/\/www.acomeambiente.org\/fr\/wp-content\/uploads\/sites\/2\/2015\/04\/eventi_agora.jpg","contentUrl":"https:\/\/www.acomeambiente.org\/fr\/wp-content\/uploads\/sites\/2\/2015\/04\/eventi_agora.jpg","width":800,"height":534},{"@type":"BreadcrumbList","@id":"https:\/\/www.acomeambiente.org\/fr\/blog\/2015\/04\/23\/orto-balcone\/#breadcrumb","itemListElement":[{"@type":"ListItem","position":1,"name":"Home","item":"https:\/\/www.acomeambiente.org\/fr\/"},{"@type":"ListItem","position":2,"name":"L\u2019orto sul balcone"}]},{"@type":"WebSite","@id":"https:\/\/www.acomeambiente.org\/fr\/#website","url":"https:\/\/www.acomeambiente.org\/fr\/","name":"Fr - MAcA - Museo A come Ambiente","description":"Passa al MAcA, costruiamo insieme un mondo pi\u00f9 sostenibile","potentialAction":[{"@type":"SearchAction","target":{"@type":"EntryPoint","urlTemplate":"https:\/\/www.acomeambiente.org\/fr\/?s={search_term_string}"},"query-input":{"@type":"PropertyValueSpecification","valueRequired":true,"valueName":"search_term_string"}}],"inLanguage":"fr-FR"},{"@type":"Person","@id":"https:\/\/www.acomeambiente.org\/fr\/#\/schema\/person\/49b8399922c24dbb2be94d548596e6d5","name":"admin_news","image":{"@type":"ImageObject","inLanguage":"fr-FR","@id":"https:\/\/www.acomeambiente.org\/fr\/#\/schema\/person\/image\/","url":"https:\/\/secure.gravatar.com\/avatar\/e92a6107032b2ad75a851167e026833b55072b3ebdb80115b89b98fb851e0506?s=96&d=mm&r=g","contentUrl":"https:\/\/secure.gravatar.com\/avatar\/e92a6107032b2ad75a851167e026833b55072b3ebdb80115b89b98fb851e0506?s=96&d=mm&r=g","caption":"admin_news"},"url":"https:\/\/www.acomeambiente.org\/fr\/blog\/author\/admin_news\/"}]}},"_links":{"self":[{"href":"https:\/\/www.acomeambiente.org\/fr\/wp-json\/wp\/v2\/posts\/1334","targetHints":{"allow":["GET"]}}],"collection":[{"href":"https:\/\/www.acomeambiente.org\/fr\/wp-json\/wp\/v2\/posts"}],"about":[{"href":"https:\/\/www.acomeambiente.org\/fr\/wp-json\/wp\/v2\/types\/post"}],"author":[{"embeddable":true,"href":"https:\/\/www.acomeambiente.org\/fr\/wp-json\/wp\/v2\/users\/1025"}],"replies":[{"embeddable":true,"href":"https:\/\/www.acomeambiente.org\/fr\/wp-json\/wp\/v2\/comments?post=1334"}],"version-history":[{"count":13,"href":"https:\/\/www.acomeambiente.org\/fr\/wp-json\/wp\/v2\/posts\/1334\/revisions"}],"predecessor-version":[{"id":1363,"href":"https:\/\/www.acomeambiente.org\/fr\/wp-json\/wp\/v2\/posts\/1334\/revisions\/1363"}],"wp:featuredmedia":[{"embeddable":true,"href":"https:\/\/www.acomeambiente.org\/fr\/wp-json\/wp\/v2\/media\/1336"}],"wp:attachment":[{"href":"https:\/\/www.acomeambiente.org\/fr\/wp-json\/wp\/v2\/media?parent=1334"}],"wp:term":[{"taxonomy":"category","embeddable":true,"href":"https:\/\/www.acomeambiente.org\/fr\/wp-json\/wp\/v2\/categories?post=1334"},{"taxonomy":"post_tag","embeddable":true,"href":"https:\/\/www.acomeambiente.org\/fr\/wp-json\/wp\/v2\/tags?post=1334"}],"curies":[{"name":"wp","href":"https:\/\/api.w.org\/{rel}","templated":true}]}}