{"id":3226,"date":"2016-05-28T06:55:30","date_gmt":"2016-05-28T06:55:30","guid":{"rendered":"http:\/\/www.acomeambiente.org\/english\/?p=3226"},"modified":"2017-04-11T08:38:34","modified_gmt":"2017-04-11T08:38:34","slug":"torna-festival-cinemambiente-gli-appuntamenti-al-maca","status":"publish","type":"post","link":"https:\/\/www.acomeambiente.org\/en\/blog\/2016\/05\/28\/torna-festival-cinemambiente-gli-appuntamenti-al-maca\/","title":{"rendered":"Torna il Festival CinemAmbiente, ecco gli appuntamenti al MAcA"},"content":{"rendered":"<h1 class=\"entry-title\" style=\"text-align: justify;\">Torna il Festival CinemAmbiente, ecco gli appuntamenti al MAcA<\/h1>\n<p><img decoding=\"async\" class=\"alignnone wp-image-3234\" src=\"http:\/\/www.acomeambiente.org\/wp-content\/uploads\/sites\/3\/2016\/05\/Hippo-and-Juice_3.jpg\" alt=\"Hippo and Juice_3\" width=\"660\" height=\"371\" srcset=\"https:\/\/www.acomeambiente.org\/en\/wp-content\/uploads\/sites\/3\/2016\/05\/Hippo-and-Juice_3-200x112.jpg 200w, https:\/\/www.acomeambiente.org\/en\/wp-content\/uploads\/sites\/3\/2016\/05\/Hippo-and-Juice_3-300x169.jpg 300w, https:\/\/www.acomeambiente.org\/en\/wp-content\/uploads\/sites\/3\/2016\/05\/Hippo-and-Juice_3-400x225.jpg 400w, https:\/\/www.acomeambiente.org\/en\/wp-content\/uploads\/sites\/3\/2016\/05\/Hippo-and-Juice_3.jpg 500w\" sizes=\"(max-width: 660px) 100vw, 660px\" \/><\/p>\n<p>Anche il <em>Museo A come Ambiente<\/em> \u00e8 tra i luoghi che ospiteranno gli <strong>Ecokids<\/strong> della 19esima edizione del <a href=\"http:\/\/www.cinemambiente.it\/\" target=\"_blank\"><strong>Festival CinemAmbiente<\/strong><\/a>, la rassegna cinematografica diretta da <strong>Gaetano Capizzi<\/strong> dedicata al cinema ambientale, a Torino dal <strong>31 maggio<\/strong> al <strong>5 giugno<\/strong> 2016.<\/p>\n<p>Nella giornata inaugurale del Festival, <strong>gioved\u00ec 31 maggio<\/strong>, il <em>MAcA<\/em> ospiter\u00e0 il programma di cortometraggi animati <strong>Ecofantasy<\/strong>, con proiezione alle <strong>ore 10:00<\/strong>.<\/p>\n<p>Un divertente e colorato zoocaledoscopio che, con l\u2019aiuto di personaggi dalle forme artistiche astratte e sperimentali, porter\u00e0 l\u2019attenzione dei pi\u00f9 giovani spettatori del Festival sui pi\u00f9 attuali temi ambientali.<\/p>\n<p>Gli <strong>Ecokids<\/strong> sono lo spazio con cui <em>CinemAmbiente<\/em> riserva un occhio di riguardo agli adulti del futuro, con proiezioni e attivit\u00e0 a cui le scuole potranno accedere gratuitamente.<\/p>\n<p>In linea con lo spirito del <em>Festival<\/em>, il <em>Museo A come Ambiente<\/em> partecipa con entusiasmo alla rassegna, riconoscendo l\u2019importanza di coltivare sin da piccoli la cultura ambientale, coinvolgendo i ragazzi in un discorso di responsabilit\u00e0 e consapevolezza sulle sorti del nostro pianeta.<\/p>\n<p>Ecco il programma dei cortometraggi in proiezione al MAcA:<\/p>\n<p><strong>ACCIDENTS, BLUNDERS AND CALAMITIES<br \/>\n<\/strong><em>(Nuova Zelanda 2015, 5\u2019) di James Cunningham<\/em><\/p>\n<p><img decoding=\"async\" class=\"alignnone size-full wp-image-3227\" src=\"http:\/\/www.acomeambiente.org\/wp-content\/uploads\/sites\/3\/2016\/05\/Accidents-Blunders-and-Calamities_2-Burrow.jpg\" alt=\"Accidents, Blunders and Calamities_2 (Burrow)\" width=\"500\" height=\"281\" srcset=\"https:\/\/www.acomeambiente.org\/en\/wp-content\/uploads\/sites\/3\/2016\/05\/Accidents-Blunders-and-Calamities_2-Burrow-200x112.jpg 200w, https:\/\/www.acomeambiente.org\/en\/wp-content\/uploads\/sites\/3\/2016\/05\/Accidents-Blunders-and-Calamities_2-Burrow-300x169.jpg 300w, https:\/\/www.acomeambiente.org\/en\/wp-content\/uploads\/sites\/3\/2016\/05\/Accidents-Blunders-and-Calamities_2-Burrow-400x225.jpg 400w, https:\/\/www.acomeambiente.org\/en\/wp-content\/uploads\/sites\/3\/2016\/05\/Accidents-Blunders-and-Calamities_2-Burrow.jpg 500w\" sizes=\"(max-width: 500px) 100vw, 500px\" \/><br \/>\nUn opossum legge ai suoi cuccioli la favola della buonanotte, una vera e propria guida al pi\u00f9 pericoloso fra tutti gli animali: l\u2019uomo. Ispirata al classico di Edward Gorey, questa black comedy per bambini e adulti \u00e8 una fenomenologia della morte e della confusione causata nel mondo naturale dall\u2019ignoranza dell\u2019uomo. Trenta animali sono stati meticolosamente ricreati e \u201cuccisi\u201d da quarantaquattro studenti di una Media Design School.<\/p>\n<p><strong>THE ART OF FLYING<br \/>\n<\/strong><em>(Olanda 2015, 7\u2019) di Jan van Ijken<\/em><\/p>\n<p><img decoding=\"async\" class=\"size-full wp-image-3228\" src=\"http:\/\/www.acomeambiente.org\/wp-content\/uploads\/sites\/3\/2016\/05\/The-Art-of-Flying_04.jpg\" alt=\"The art of flyingThe spectacular flight of the Common Starlingphoto \u00a9 Jan van IJkenSpreeuwenzwerm gefotografeerd in de Betuwefoto \u00a9 Jan van IJken\" width=\"500\" height=\"333\" srcset=\"https:\/\/www.acomeambiente.org\/en\/wp-content\/uploads\/sites\/3\/2016\/05\/The-Art-of-Flying_04-200x133.jpg 200w, https:\/\/www.acomeambiente.org\/en\/wp-content\/uploads\/sites\/3\/2016\/05\/The-Art-of-Flying_04-300x200.jpg 300w, https:\/\/www.acomeambiente.org\/en\/wp-content\/uploads\/sites\/3\/2016\/05\/The-Art-of-Flying_04-400x266.jpg 400w, https:\/\/www.acomeambiente.org\/en\/wp-content\/uploads\/sites\/3\/2016\/05\/The-Art-of-Flying_04.jpg 500w\" sizes=\"(max-width: 500px) 100vw, 500px\" \/><\/p>\n<p>Il fenomeno dei volteggi degli stormi in volo compatto rimane ancora misterioso: non \u00e8 chiaro, infatti, come riescano a creare gruppi cos\u00ec densi senza scontrarsi l\u2019uno con l\u2019altro. Uno spettacolo volante\u00a0 che si ripete ogni sera alle prime luci del tramonto. L\u2019inverno scorso \u00e8 stato relativamente mite e questa specie non \u00e8 migrata, come di consueto, verso sud, dando quindi la possibilit\u00e0 a Jan van Ijken di riprendere uno dei pi\u00f9 straordinari fenomeni offerti dal mondo naturale.<br \/>\n<strong><br \/>\nCATCH IT<\/strong><br \/>\n<em>(Francia 2015, 6\u2019) di Paul Bar, Marion Demaret, Nad\u00e8ge Forner, Pierre-Baptiste Marty, Julien Robyn, Jordan Soler<\/em><\/p>\n<p><img decoding=\"async\" class=\"alignnone size-full wp-image-3229\" src=\"http:\/\/www.acomeambiente.org\/wp-content\/uploads\/sites\/3\/2016\/05\/Catch-It_4.jpg\" alt=\"Catch It_4\" width=\"500\" height=\"209\" srcset=\"https:\/\/www.acomeambiente.org\/en\/wp-content\/uploads\/sites\/3\/2016\/05\/Catch-It_4-200x84.jpg 200w, https:\/\/www.acomeambiente.org\/en\/wp-content\/uploads\/sites\/3\/2016\/05\/Catch-It_4-300x125.jpg 300w, https:\/\/www.acomeambiente.org\/en\/wp-content\/uploads\/sites\/3\/2016\/05\/Catch-It_4-400x167.jpg 400w, https:\/\/www.acomeambiente.org\/en\/wp-content\/uploads\/sites\/3\/2016\/05\/Catch-It_4.jpg 500w\" sizes=\"(max-width: 500px) 100vw, 500px\" \/><\/p>\n<p>Dopo un sonno tranquillo, un gruppo di suricati scopre che nella notte sull\u2019albero di fronte alla loro tana \u00e8 cresciuto un meraviglioso frutto rosso. Quando uno spaventoso avvoltoio apparso all\u2019improvviso glielo ruba sotto gli occhi, il gruppo decide di non darsi per vinto e di strappare il loro tesoro dalle grinfie del rapace. Il film \u00e8 stato nominato come miglior cortometraggio agli Oscar 2016.<\/p>\n<p><strong>CRABE PHARE<\/strong><br \/>\n<em>(Francia 2015, 7\u2019) di Gaetan Borde, Benjamin Lebourgeois, Claire Vandermeersh, Alexandre Veaux, Mengjing Yang<\/em><\/p>\n<p><img decoding=\"async\" class=\"alignnone size-full wp-image-3230\" src=\"http:\/\/www.acomeambiente.org\/wp-content\/uploads\/sites\/3\/2016\/05\/Crabe-Phare_03-j.jpg\" alt=\"Crabe-Phare_03 j\" width=\"500\" height=\"209\" srcset=\"https:\/\/www.acomeambiente.org\/en\/wp-content\/uploads\/sites\/3\/2016\/05\/Crabe-Phare_03-j-200x84.jpg 200w, https:\/\/www.acomeambiente.org\/en\/wp-content\/uploads\/sites\/3\/2016\/05\/Crabe-Phare_03-j-300x125.jpg 300w, https:\/\/www.acomeambiente.org\/en\/wp-content\/uploads\/sites\/3\/2016\/05\/Crabe-Phare_03-j-400x167.jpg 400w, https:\/\/www.acomeambiente.org\/en\/wp-content\/uploads\/sites\/3\/2016\/05\/Crabe-Phare_03-j.jpg 500w\" sizes=\"(max-width: 500px) 100vw, 500px\" \/><\/p>\n<p>Il granchio-faro \u00e8 un leggendario crostaceo dalle dimensioni spaventose che tanti marinai giurano di aver visto nelle notti di tempesta, e che si diverte a catturare con le sue chele immense le imbarcazioni degli ignari naviganti che gli passano vicino. Ora, per\u00f2, il grande crostaceo \u00e8 vecchio e accrescere la sua collezione diventa per lui sempre pi\u00f9 difficile e faticoso.<\/p>\n<p><strong>HIPPO AND JUICE<\/strong><br \/>\n<em>(Russia 2015, 2\u2019) di Alexey Minchenok<\/em><\/p>\n<p><img decoding=\"async\" class=\"alignnone size-full wp-image-3231\" src=\"http:\/\/www.acomeambiente.org\/wp-content\/uploads\/sites\/3\/2016\/05\/Hippo-and-Juice_2.jpg\" alt=\"Hippo and Juice_2\" width=\"500\" height=\"281\" srcset=\"https:\/\/www.acomeambiente.org\/en\/wp-content\/uploads\/sites\/3\/2016\/05\/Hippo-and-Juice_2-200x112.jpg 200w, https:\/\/www.acomeambiente.org\/en\/wp-content\/uploads\/sites\/3\/2016\/05\/Hippo-and-Juice_2-300x169.jpg 300w, https:\/\/www.acomeambiente.org\/en\/wp-content\/uploads\/sites\/3\/2016\/05\/Hippo-and-Juice_2-400x225.jpg 400w, https:\/\/www.acomeambiente.org\/en\/wp-content\/uploads\/sites\/3\/2016\/05\/Hippo-and-Juice_2.jpg 500w\" sizes=\"(max-width: 500px) 100vw, 500px\" \/><\/p>\n<p>Il pilota Hippo adora mangiare e ha un debole in particolare per i dolci. La mattina lascia cos\u00ec una splendida crostata di mirtilli e una caraffa di succo di frutta in frigorifero, che per\u00f2 trova vuoto al ritorno da un lungo volo, durante il quale si \u00e8 pregustato con la fantasia le sue adorate leccornie. Decider\u00e0 di mettersi sulle tracce della refurtiva, fermamente deciso a catturare il ladro e a recuperare la sua torta preferita.<\/p>\n<p><strong>THE LAST DAY OF LARS<br \/>\n<\/strong><em>(Germania 2015, 6\u2019) di Ninett Dahnke<\/em><\/p>\n<p><img decoding=\"async\" class=\"alignnone size-full wp-image-3232\" src=\"http:\/\/www.acomeambiente.org\/wp-content\/uploads\/sites\/3\/2016\/05\/The-Last-Day-of-Lars_7.2.jpg\" alt=\"The Last Day of Lars_7.2\" width=\"500\" height=\"281\" srcset=\"https:\/\/www.acomeambiente.org\/en\/wp-content\/uploads\/sites\/3\/2016\/05\/The-Last-Day-of-Lars_7.2-200x112.jpg 200w, https:\/\/www.acomeambiente.org\/en\/wp-content\/uploads\/sites\/3\/2016\/05\/The-Last-Day-of-Lars_7.2-300x169.jpg 300w, https:\/\/www.acomeambiente.org\/en\/wp-content\/uploads\/sites\/3\/2016\/05\/The-Last-Day-of-Lars_7.2-400x225.jpg 400w, https:\/\/www.acomeambiente.org\/en\/wp-content\/uploads\/sites\/3\/2016\/05\/The-Last-Day-of-Lars_7.2.jpg 500w\" sizes=\"(max-width: 500px) 100vw, 500px\" \/><br \/>\nLars \u00e8 un orso polare che si risveglia su un piccolo pezzo di ghiaccio alla deriva nell\u2019Oceano Antartico, prima di essere travolto da una serie di rifiuti galleggianti e poi da una grande petroliera. Sar\u00e0 solo l\u2019inizio di una gran brutta giornata che modificher\u00e0 irrimediabilmente l\u2019ambiente in cui vive, mettendo in serio pericolo l\u2019intero ecosistema e tutte le specie che insieme a lui vi abitano.<br \/>\n<strong><br \/>\nMIEL BLEU<\/strong><br \/>\n<em>(Francia 2015, 4\u2019) di Constance Joliff, Daphne Durocher, Fanny Lhotellier<\/em><\/p>\n<p>A una piccola ape allergica al polline viene impedito di continuare a raccogliere il polline per i prati con le altre compagne, a causa dei suoi improvvisi starnuti. Abbattuta e demoralizzata, l\u2019insetto vaga senza meta fino a imbattersi improvvisamente in uno specchio di liquido dal blu cristallino che decide di portare all\u2019alveare, senza sapere che la sostanza avr\u00e0 un profondo impatto nella vita di tutta la colonia e delle conseguenze drammatiche e imprevedibili.<br \/>\n<strong><br \/>\nSVAL&amp;BARD \u2013 10 REGOLE PER SOPRAVVIVERE NELL\u2019ARTICO<br \/>\n<\/strong><em>(Norvegia 2015, 15\u2019) di Daniele Di Domenico<\/em><\/p>\n<p><img decoding=\"async\" class=\"alignnone size-full wp-image-3233\" src=\"http:\/\/www.acomeambiente.org\/wp-content\/uploads\/sites\/3\/2016\/05\/Sval-Bard_4.jpg\" alt=\"Sval &amp; Bard_4\" width=\"500\" height=\"251\" srcset=\"https:\/\/www.acomeambiente.org\/en\/wp-content\/uploads\/sites\/3\/2016\/05\/Sval-Bard_4-200x100.jpg 200w, https:\/\/www.acomeambiente.org\/en\/wp-content\/uploads\/sites\/3\/2016\/05\/Sval-Bard_4-300x151.jpg 300w, https:\/\/www.acomeambiente.org\/en\/wp-content\/uploads\/sites\/3\/2016\/05\/Sval-Bard_4-400x201.jpg 400w, https:\/\/www.acomeambiente.org\/en\/wp-content\/uploads\/sites\/3\/2016\/05\/Sval-Bard_4.jpg 500w\" sizes=\"(max-width: 500px) 100vw, 500px\" \/><br \/>\nL\u2019incremento del flusso turistico nelle isole Svalbard ha causato un notevole impatto a livello ambientale e in termini di disturbo arrecato alla popolazione locale. Nascono cos\u00ec dieci cortometraggi animali realizzati con l\u2019intento di spiegare ai visitatori le regole che devono rispettare per non rischiare la loro incolumit\u00e0 e preservare quest\u2019ambiente cos\u00ec fragile. Protagonisti del film sono Sval e Bard, due turisti incivili e maleducati che pagano le conseguenze della loro condotta irresponsabile.<\/p>\n<p>&nbsp;<\/p>\n","protected":false},"excerpt":{"rendered":"<p>31 maggio 2016, Torino <\/p>\n","protected":false},"author":2,"featured_media":3234,"comment_status":"closed","ping_status":"open","sticky":false,"template":"","format":"standard","meta":{"footnotes":""},"categories":[7],"tags":[34,504,375,499,506,81,501,500,265,503,507,511,510,14,502,508,19,512,80,9,90,143,513,505,509,12],"class_list":["post-3226","post","type-post","status-publish","format-standard","has-post-thumbnail","hentry","category-eventi","tag-a-come-ambiente","tag-accidents-blunders-and-calamities","tag-animali","tag-ca2016","tag-catch-it","tag-cinemambiente","tag-cinemambiente-19","tag-cinemambiente-2016","tag-clima","tag-cortometraggi","tag-crabe-phare","tag-ecofantasy","tag-ecokids","tag-eventi","tag-film","tag-hippo-and-juice","tag-maca","tag-miel-bleu","tag-museo","tag-museo-a-come-ambiente","tag-natura","tag-proiezioni","tag-svalbard-10-regole-per-sopravvivere-nellartico","tag-the-art-of-flying","tag-the-last-day-of-lars","tag-torino"],"yoast_head":"<!-- This site is optimized with the Yoast SEO plugin v26.9 - https:\/\/yoast.com\/product\/yoast-seo-wordpress\/ -->\n<title>Torna il Festival CinemAmbiente, ecco gli appuntamenti al MAcA - En - MAcA - Museo A come Ambiente<\/title>\n<meta name=\"robots\" content=\"index, follow, max-snippet:-1, max-image-preview:large, max-video-preview:-1\" \/>\n<link rel=\"canonical\" href=\"https:\/\/www.acomeambiente.org\/en\/blog\/2016\/05\/28\/torna-festival-cinemambiente-gli-appuntamenti-al-maca\/\" \/>\n<meta property=\"og:locale\" content=\"en_US\" \/>\n<meta property=\"og:type\" content=\"article\" \/>\n<meta property=\"og:title\" content=\"Torna il Festival CinemAmbiente, ecco gli appuntamenti al MAcA - En - MAcA - Museo A come Ambiente\" \/>\n<meta property=\"og:description\" content=\"31 maggio 2016, Torino\" \/>\n<meta property=\"og:url\" content=\"https:\/\/www.acomeambiente.org\/en\/blog\/2016\/05\/28\/torna-festival-cinemambiente-gli-appuntamenti-al-maca\/\" \/>\n<meta property=\"og:site_name\" content=\"En - MAcA - Museo A come Ambiente\" \/>\n<meta property=\"article:published_time\" content=\"2016-05-28T06:55:30+00:00\" \/>\n<meta property=\"article:modified_time\" content=\"2017-04-11T08:38:34+00:00\" \/>\n<meta property=\"og:image\" content=\"https:\/\/www.acomeambiente.org\/en\/wp-content\/uploads\/sites\/3\/2016\/05\/Hippo-and-Juice_3.jpg\" \/>\n\t<meta property=\"og:image:width\" content=\"500\" \/>\n\t<meta property=\"og:image:height\" content=\"281\" \/>\n\t<meta property=\"og:image:type\" content=\"image\/jpeg\" \/>\n<meta name=\"author\" content=\"maca\" \/>\n<meta name=\"twitter:card\" content=\"summary_large_image\" \/>\n<meta name=\"twitter:label1\" content=\"Written by\" \/>\n\t<meta name=\"twitter:data1\" content=\"maca\" \/>\n\t<meta name=\"twitter:label2\" content=\"Est. reading time\" \/>\n\t<meta name=\"twitter:data2\" content=\"4 minutes\" \/>\n<script type=\"application\/ld+json\" class=\"yoast-schema-graph\">{\"@context\":\"https:\/\/schema.org\",\"@graph\":[{\"@type\":\"Article\",\"@id\":\"https:\/\/www.acomeambiente.org\/en\/blog\/2016\/05\/28\/torna-festival-cinemambiente-gli-appuntamenti-al-maca\/#article\",\"isPartOf\":{\"@id\":\"https:\/\/www.acomeambiente.org\/en\/blog\/2016\/05\/28\/torna-festival-cinemambiente-gli-appuntamenti-al-maca\/\"},\"author\":{\"name\":\"maca\",\"@id\":\"https:\/\/www.acomeambiente.org\/en\/#\/schema\/person\/abb5b373fd10c6152f3ba6effe4922a8\"},\"headline\":\"Torna il Festival CinemAmbiente, ecco gli appuntamenti al MAcA\",\"datePublished\":\"2016-05-28T06:55:30+00:00\",\"dateModified\":\"2017-04-11T08:38:34+00:00\",\"mainEntityOfPage\":{\"@id\":\"https:\/\/www.acomeambiente.org\/en\/blog\/2016\/05\/28\/torna-festival-cinemambiente-gli-appuntamenti-al-maca\/\"},\"wordCount\":832,\"image\":{\"@id\":\"https:\/\/www.acomeambiente.org\/en\/blog\/2016\/05\/28\/torna-festival-cinemambiente-gli-appuntamenti-al-maca\/#primaryimage\"},\"thumbnailUrl\":\"https:\/\/www.acomeambiente.org\/en\/wp-content\/uploads\/sites\/3\/2016\/05\/Hippo-and-Juice_3.jpg\",\"keywords\":[\"A come Ambiente\",\"Accidents Blunders and Calamities\",\"animali\",\"CA2016\",\"Catch It\",\"CinemAmbiente\",\"CinemAmbiente 19\",\"CinemAmbiente 2016\",\"clima\",\"cortometraggi\",\"Crabe Phare\",\"Ecofantasy\",\"Ecokids\",\"Eventi\",\"film\",\"Hippo and Juice\",\"MAcA\",\"Miel Bleu\",\"Museo\",\"Museo A come Ambiente\",\"natura\",\"proiezioni\",\"Sval&amp;Bard 10 regole per sopravvivere nell'Artico\",\"The Art of Flying\",\"The Last Day of Lars\",\"Torino\"],\"articleSection\":[\"Events\"],\"inLanguage\":\"en-US\"},{\"@type\":\"WebPage\",\"@id\":\"https:\/\/www.acomeambiente.org\/en\/blog\/2016\/05\/28\/torna-festival-cinemambiente-gli-appuntamenti-al-maca\/\",\"url\":\"https:\/\/www.acomeambiente.org\/en\/blog\/2016\/05\/28\/torna-festival-cinemambiente-gli-appuntamenti-al-maca\/\",\"name\":\"Torna il Festival CinemAmbiente, ecco gli appuntamenti al MAcA - En - MAcA - Museo A come Ambiente\",\"isPartOf\":{\"@id\":\"https:\/\/www.acomeambiente.org\/en\/#website\"},\"primaryImageOfPage\":{\"@id\":\"https:\/\/www.acomeambiente.org\/en\/blog\/2016\/05\/28\/torna-festival-cinemambiente-gli-appuntamenti-al-maca\/#primaryimage\"},\"image\":{\"@id\":\"https:\/\/www.acomeambiente.org\/en\/blog\/2016\/05\/28\/torna-festival-cinemambiente-gli-appuntamenti-al-maca\/#primaryimage\"},\"thumbnailUrl\":\"https:\/\/www.acomeambiente.org\/en\/wp-content\/uploads\/sites\/3\/2016\/05\/Hippo-and-Juice_3.jpg\",\"datePublished\":\"2016-05-28T06:55:30+00:00\",\"dateModified\":\"2017-04-11T08:38:34+00:00\",\"author\":{\"@id\":\"https:\/\/www.acomeambiente.org\/en\/#\/schema\/person\/abb5b373fd10c6152f3ba6effe4922a8\"},\"breadcrumb\":{\"@id\":\"https:\/\/www.acomeambiente.org\/en\/blog\/2016\/05\/28\/torna-festival-cinemambiente-gli-appuntamenti-al-maca\/#breadcrumb\"},\"inLanguage\":\"en-US\",\"potentialAction\":[{\"@type\":\"ReadAction\",\"target\":[\"https:\/\/www.acomeambiente.org\/en\/blog\/2016\/05\/28\/torna-festival-cinemambiente-gli-appuntamenti-al-maca\/\"]}]},{\"@type\":\"ImageObject\",\"inLanguage\":\"en-US\",\"@id\":\"https:\/\/www.acomeambiente.org\/en\/blog\/2016\/05\/28\/torna-festival-cinemambiente-gli-appuntamenti-al-maca\/#primaryimage\",\"url\":\"https:\/\/www.acomeambiente.org\/en\/wp-content\/uploads\/sites\/3\/2016\/05\/Hippo-and-Juice_3.jpg\",\"contentUrl\":\"https:\/\/www.acomeambiente.org\/en\/wp-content\/uploads\/sites\/3\/2016\/05\/Hippo-and-Juice_3.jpg\",\"width\":500,\"height\":281},{\"@type\":\"BreadcrumbList\",\"@id\":\"https:\/\/www.acomeambiente.org\/en\/blog\/2016\/05\/28\/torna-festival-cinemambiente-gli-appuntamenti-al-maca\/#breadcrumb\",\"itemListElement\":[{\"@type\":\"ListItem\",\"position\":1,\"name\":\"Home\",\"item\":\"https:\/\/www.acomeambiente.org\/en\/\"},{\"@type\":\"ListItem\",\"position\":2,\"name\":\"Torna il Festival CinemAmbiente, ecco gli appuntamenti al MAcA\"}]},{\"@type\":\"WebSite\",\"@id\":\"https:\/\/www.acomeambiente.org\/en\/#website\",\"url\":\"https:\/\/www.acomeambiente.org\/en\/\",\"name\":\"En - MAcA - Museo A come Ambiente\",\"description\":\"Passa al MAcA, costruiamo insieme un mondo pi\u00f9 sostenibile\",\"potentialAction\":[{\"@type\":\"SearchAction\",\"target\":{\"@type\":\"EntryPoint\",\"urlTemplate\":\"https:\/\/www.acomeambiente.org\/en\/?s={search_term_string}\"},\"query-input\":{\"@type\":\"PropertyValueSpecification\",\"valueRequired\":true,\"valueName\":\"search_term_string\"}}],\"inLanguage\":\"en-US\"},{\"@type\":\"Person\",\"@id\":\"https:\/\/www.acomeambiente.org\/en\/#\/schema\/person\/abb5b373fd10c6152f3ba6effe4922a8\",\"name\":\"maca\",\"image\":{\"@type\":\"ImageObject\",\"inLanguage\":\"en-US\",\"@id\":\"https:\/\/www.acomeambiente.org\/en\/#\/schema\/person\/image\/\",\"url\":\"https:\/\/secure.gravatar.com\/avatar\/638ecfb6ae252284df22625e08c27812f9102da6030194ee85189eda9b903f6a?s=96&d=mm&r=g\",\"contentUrl\":\"https:\/\/secure.gravatar.com\/avatar\/638ecfb6ae252284df22625e08c27812f9102da6030194ee85189eda9b903f6a?s=96&d=mm&r=g\",\"caption\":\"maca\"},\"url\":\"https:\/\/www.acomeambiente.org\/en\/blog\/author\/maca\/\"}]}<\/script>\n<!-- \/ Yoast SEO plugin. -->","yoast_head_json":{"title":"Torna il Festival CinemAmbiente, ecco gli appuntamenti al MAcA - En - MAcA - Museo A come Ambiente","robots":{"index":"index","follow":"follow","max-snippet":"max-snippet:-1","max-image-preview":"max-image-preview:large","max-video-preview":"max-video-preview:-1"},"canonical":"https:\/\/www.acomeambiente.org\/en\/blog\/2016\/05\/28\/torna-festival-cinemambiente-gli-appuntamenti-al-maca\/","og_locale":"en_US","og_type":"article","og_title":"Torna il Festival CinemAmbiente, ecco gli appuntamenti al MAcA - En - MAcA - Museo A come Ambiente","og_description":"31 maggio 2016, Torino","og_url":"https:\/\/www.acomeambiente.org\/en\/blog\/2016\/05\/28\/torna-festival-cinemambiente-gli-appuntamenti-al-maca\/","og_site_name":"En - MAcA - Museo A come Ambiente","article_published_time":"2016-05-28T06:55:30+00:00","article_modified_time":"2017-04-11T08:38:34+00:00","og_image":[{"width":500,"height":281,"url":"https:\/\/www.acomeambiente.org\/en\/wp-content\/uploads\/sites\/3\/2016\/05\/Hippo-and-Juice_3.jpg","type":"image\/jpeg"}],"author":"maca","twitter_card":"summary_large_image","twitter_misc":{"Written by":"maca","Est. reading time":"4 minutes"},"schema":{"@context":"https:\/\/schema.org","@graph":[{"@type":"Article","@id":"https:\/\/www.acomeambiente.org\/en\/blog\/2016\/05\/28\/torna-festival-cinemambiente-gli-appuntamenti-al-maca\/#article","isPartOf":{"@id":"https:\/\/www.acomeambiente.org\/en\/blog\/2016\/05\/28\/torna-festival-cinemambiente-gli-appuntamenti-al-maca\/"},"author":{"name":"maca","@id":"https:\/\/www.acomeambiente.org\/en\/#\/schema\/person\/abb5b373fd10c6152f3ba6effe4922a8"},"headline":"Torna il Festival CinemAmbiente, ecco gli appuntamenti al MAcA","datePublished":"2016-05-28T06:55:30+00:00","dateModified":"2017-04-11T08:38:34+00:00","mainEntityOfPage":{"@id":"https:\/\/www.acomeambiente.org\/en\/blog\/2016\/05\/28\/torna-festival-cinemambiente-gli-appuntamenti-al-maca\/"},"wordCount":832,"image":{"@id":"https:\/\/www.acomeambiente.org\/en\/blog\/2016\/05\/28\/torna-festival-cinemambiente-gli-appuntamenti-al-maca\/#primaryimage"},"thumbnailUrl":"https:\/\/www.acomeambiente.org\/en\/wp-content\/uploads\/sites\/3\/2016\/05\/Hippo-and-Juice_3.jpg","keywords":["A come Ambiente","Accidents Blunders and Calamities","animali","CA2016","Catch It","CinemAmbiente","CinemAmbiente 19","CinemAmbiente 2016","clima","cortometraggi","Crabe Phare","Ecofantasy","Ecokids","Eventi","film","Hippo and Juice","MAcA","Miel Bleu","Museo","Museo A come Ambiente","natura","proiezioni","Sval&amp;Bard 10 regole per sopravvivere nell'Artico","The Art of Flying","The Last Day of Lars","Torino"],"articleSection":["Events"],"inLanguage":"en-US"},{"@type":"WebPage","@id":"https:\/\/www.acomeambiente.org\/en\/blog\/2016\/05\/28\/torna-festival-cinemambiente-gli-appuntamenti-al-maca\/","url":"https:\/\/www.acomeambiente.org\/en\/blog\/2016\/05\/28\/torna-festival-cinemambiente-gli-appuntamenti-al-maca\/","name":"Torna il Festival CinemAmbiente, ecco gli appuntamenti al MAcA - En - MAcA - Museo A come Ambiente","isPartOf":{"@id":"https:\/\/www.acomeambiente.org\/en\/#website"},"primaryImageOfPage":{"@id":"https:\/\/www.acomeambiente.org\/en\/blog\/2016\/05\/28\/torna-festival-cinemambiente-gli-appuntamenti-al-maca\/#primaryimage"},"image":{"@id":"https:\/\/www.acomeambiente.org\/en\/blog\/2016\/05\/28\/torna-festival-cinemambiente-gli-appuntamenti-al-maca\/#primaryimage"},"thumbnailUrl":"https:\/\/www.acomeambiente.org\/en\/wp-content\/uploads\/sites\/3\/2016\/05\/Hippo-and-Juice_3.jpg","datePublished":"2016-05-28T06:55:30+00:00","dateModified":"2017-04-11T08:38:34+00:00","author":{"@id":"https:\/\/www.acomeambiente.org\/en\/#\/schema\/person\/abb5b373fd10c6152f3ba6effe4922a8"},"breadcrumb":{"@id":"https:\/\/www.acomeambiente.org\/en\/blog\/2016\/05\/28\/torna-festival-cinemambiente-gli-appuntamenti-al-maca\/#breadcrumb"},"inLanguage":"en-US","potentialAction":[{"@type":"ReadAction","target":["https:\/\/www.acomeambiente.org\/en\/blog\/2016\/05\/28\/torna-festival-cinemambiente-gli-appuntamenti-al-maca\/"]}]},{"@type":"ImageObject","inLanguage":"en-US","@id":"https:\/\/www.acomeambiente.org\/en\/blog\/2016\/05\/28\/torna-festival-cinemambiente-gli-appuntamenti-al-maca\/#primaryimage","url":"https:\/\/www.acomeambiente.org\/en\/wp-content\/uploads\/sites\/3\/2016\/05\/Hippo-and-Juice_3.jpg","contentUrl":"https:\/\/www.acomeambiente.org\/en\/wp-content\/uploads\/sites\/3\/2016\/05\/Hippo-and-Juice_3.jpg","width":500,"height":281},{"@type":"BreadcrumbList","@id":"https:\/\/www.acomeambiente.org\/en\/blog\/2016\/05\/28\/torna-festival-cinemambiente-gli-appuntamenti-al-maca\/#breadcrumb","itemListElement":[{"@type":"ListItem","position":1,"name":"Home","item":"https:\/\/www.acomeambiente.org\/en\/"},{"@type":"ListItem","position":2,"name":"Torna il Festival CinemAmbiente, ecco gli appuntamenti al MAcA"}]},{"@type":"WebSite","@id":"https:\/\/www.acomeambiente.org\/en\/#website","url":"https:\/\/www.acomeambiente.org\/en\/","name":"En - MAcA - Museo A come Ambiente","description":"Passa al MAcA, costruiamo insieme un mondo pi\u00f9 sostenibile","potentialAction":[{"@type":"SearchAction","target":{"@type":"EntryPoint","urlTemplate":"https:\/\/www.acomeambiente.org\/en\/?s={search_term_string}"},"query-input":{"@type":"PropertyValueSpecification","valueRequired":true,"valueName":"search_term_string"}}],"inLanguage":"en-US"},{"@type":"Person","@id":"https:\/\/www.acomeambiente.org\/en\/#\/schema\/person\/abb5b373fd10c6152f3ba6effe4922a8","name":"maca","image":{"@type":"ImageObject","inLanguage":"en-US","@id":"https:\/\/www.acomeambiente.org\/en\/#\/schema\/person\/image\/","url":"https:\/\/secure.gravatar.com\/avatar\/638ecfb6ae252284df22625e08c27812f9102da6030194ee85189eda9b903f6a?s=96&d=mm&r=g","contentUrl":"https:\/\/secure.gravatar.com\/avatar\/638ecfb6ae252284df22625e08c27812f9102da6030194ee85189eda9b903f6a?s=96&d=mm&r=g","caption":"maca"},"url":"https:\/\/www.acomeambiente.org\/en\/blog\/author\/maca\/"}]}},"_links":{"self":[{"href":"https:\/\/www.acomeambiente.org\/en\/wp-json\/wp\/v2\/posts\/3226","targetHints":{"allow":["GET"]}}],"collection":[{"href":"https:\/\/www.acomeambiente.org\/en\/wp-json\/wp\/v2\/posts"}],"about":[{"href":"https:\/\/www.acomeambiente.org\/en\/wp-json\/wp\/v2\/types\/post"}],"author":[{"embeddable":true,"href":"https:\/\/www.acomeambiente.org\/en\/wp-json\/wp\/v2\/users\/2"}],"replies":[{"embeddable":true,"href":"https:\/\/www.acomeambiente.org\/en\/wp-json\/wp\/v2\/comments?post=3226"}],"version-history":[{"count":2,"href":"https:\/\/www.acomeambiente.org\/en\/wp-json\/wp\/v2\/posts\/3226\/revisions"}],"predecessor-version":[{"id":3236,"href":"https:\/\/www.acomeambiente.org\/en\/wp-json\/wp\/v2\/posts\/3226\/revisions\/3236"}],"wp:featuredmedia":[{"embeddable":true,"href":"https:\/\/www.acomeambiente.org\/en\/wp-json\/wp\/v2\/media\/3234"}],"wp:attachment":[{"href":"https:\/\/www.acomeambiente.org\/en\/wp-json\/wp\/v2\/media?parent=3226"}],"wp:term":[{"taxonomy":"category","embeddable":true,"href":"https:\/\/www.acomeambiente.org\/en\/wp-json\/wp\/v2\/categories?post=3226"},{"taxonomy":"post_tag","embeddable":true,"href":"https:\/\/www.acomeambiente.org\/en\/wp-json\/wp\/v2\/tags?post=3226"}],"curies":[{"name":"wp","href":"https:\/\/api.w.org\/{rel}","templated":true}]}}