{"id":3076,"date":"2016-04-21T05:02:54","date_gmt":"2016-04-21T05:02:54","guid":{"rendered":"http:\/\/www.acomeambiente.org\/english\/?p=3076"},"modified":"2017-04-11T08:38:35","modified_gmt":"2017-04-11T08:38:35","slug":"uniti-pianeta-torna-la-giornata-mondiale-della-terra","status":"publish","type":"post","link":"https:\/\/www.acomeambiente.org\/en\/blog\/2016\/04\/21\/uniti-pianeta-torna-la-giornata-mondiale-della-terra\/","title":{"rendered":"Uniti per il Pianeta, torna la Giornata Mondiale della Terra"},"content":{"rendered":"<h1 class=\"entry-title\" style=\"text-align: justify;\">Uniti per il Pianeta, torna la Giornata Mondiale della Terra<\/h1>\n<p><img decoding=\"async\" class=\"alignnone wp-image-3077\" src=\"http:\/\/www.acomeambiente.org\/wp-content\/uploads\/sites\/3\/2016\/04\/Immagine.png\" alt=\"Immagine\" width=\"585\" height=\"376\" \/><\/p>\n<p>\u201c<strong><em>Alberi per la Terra. Andiamo a piantarli<\/em><\/strong>\u201d. \u00c8 questo lo slogan della 46esima <a href=\"http:\/\/www.earthday.org\/\" target=\"_blank\"><strong>Giornata Mondiale della Terra<\/strong><\/a>, manifestazione nata nel 1970 con l\u2019idea di celebrare l\u2019ambiente e di coinvolgere i cittadini nella salvaguardia del nostro pianeta.<\/p>\n<p>Anche quest\u2019anno, il <strong>22 aprile<\/strong> sar\u00e0 la giornata dedicata all\u2019<em>Earth Day<\/em>, un appuntamento educativo e informativo che coinvolge ben <strong>192 Paesi nel mondo<\/strong> e che ribadisce lo stato di emergenza in cui versa il nostro ambiente e la necessit\u00e0 di cooperare per farvi fronte.<\/p>\n<p><strong>Inquinamento<\/strong>, <strong>riscaldamento globale<\/strong>, <strong>cambiamenti climatici<\/strong>, <strong>impoverimento delle risorse non rinnovabili<\/strong> e <strong>distruzione degli ecosistemi<\/strong> sono soltanto alcune delle questioni che minacciano quotidianamente il nostro pianeta. Questioni di grande seriet\u00e0 di cui l\u2019uomo \u00e8 spesso il principale responsabile.<\/p>\n<p>L\u2019obiettivo dell\u2019<em>Earth Day <\/em>\u00e8 quello di promuovere soluzioni in grado di eliminare l\u2019impatto negativo delle attivit\u00e0 dell\u2019uomo sull\u2019ambiente, nonch\u00e9 quello di sensibilizzare i cittadini riguardo una nuova coscienza ambientale, con stili di vita e politiche ambientali sostenibili.<\/p>\n<p>Tema portante dell\u2019edizione 2016 dell\u2019evento internazionale \u00e8 \u201c<em>Trees for the Earth. Let\u2019s get planting<\/em>\u201d, per ricordare l\u2019importanza degli alberi per far fronte ai cambiamenti climatici. Alberi come fonti di aria pulita e di energia, elementi rigeneranti per il sostentamento della comunit\u00e0.<\/p>\n<p>Tantissimi gli appuntamenti in programma <a href=\"http:\/\/www.earthdayitalia.org\/\" target=\"_blank\"><strong>in Italia<\/strong><\/a> e <a href=\"https:\/\/www.google.com\/maps\/d\/viewer?mid=zClNjYr-OyQE.kRmd-WG6PK5o\" target=\"_blank\"><strong>nel mondo<\/strong><\/a> per celebrare l\u2019<em>Earth Day 2016<\/em>. In particolar modo l\u2019attenzione sar\u00e0 focalizzata su New York, dove, presso il Palazzo di Vetro, il Segretario Generale delle Nazioni Unite, <strong>Ban Ki-moon<\/strong>, presieder\u00e0 la Cerimonia ufficiale di ratifica della firma da parte dei rappresentanti di Governo dell\u2019<a href=\"http:\/\/www.cop21paris.org\/\" target=\"_blank\"><strong>Accordo di Parigi<\/strong><\/a>.<\/p>\n<p>Il nostro Pianeta \u00e8 il bene pi\u00f9 prezioso che abbiamo, ma sono le nostre stesse azioni a distruggerlo ad un ritmo sempre pi\u00f9 incalzante. Non spetta che a noi lottare per cambiare le cose, per assicurare un futuro alla Terra e alle generazioni che verranno.<\/p>\n","protected":false},"excerpt":{"rendered":"<p>Uniti per il Pianeta, torna la Giornata Mondiale della Terra \u201cAlberi per la Terra. Andiamo a piantarli\u201d. \u00c8 questo lo slogan della 46esima Giornata Mondiale della Terra, manifestazione nata nel  [&#8230;]<\/p>\n","protected":false},"author":2,"featured_media":3078,"comment_status":"closed","ping_status":"open","sticky":false,"template":"","format":"standard","meta":{"footnotes":""},"categories":[61],"tags":[450,449,257,44,123,444,448,445,59,23,446,447],"class_list":["post-3076","post","type-post","status-publish","format-standard","has-post-thumbnail","hentry","category-news","tag-22-aprile","tag-accordo-di-parigi","tag-alberi","tag-ambiente","tag-cambiamenti-climatici","tag-earth-day","tag-ecosistemi","tag-giornata-mondiale-della-terra","tag-inquinamento","tag-news","tag-pianeta","tag-riscaldamento-globale"],"yoast_head":"<!-- This site is optimized with the Yoast SEO plugin v26.9 - https:\/\/yoast.com\/product\/yoast-seo-wordpress\/ -->\n<title>Uniti per il Pianeta, torna la Giornata Mondiale della Terra - En - MAcA - Museo A come Ambiente<\/title>\n<meta name=\"robots\" content=\"index, follow, max-snippet:-1, max-image-preview:large, max-video-preview:-1\" \/>\n<link rel=\"canonical\" href=\"https:\/\/www.acomeambiente.org\/en\/blog\/2016\/04\/21\/uniti-pianeta-torna-la-giornata-mondiale-della-terra\/\" \/>\n<meta property=\"og:locale\" content=\"en_US\" \/>\n<meta property=\"og:type\" content=\"article\" \/>\n<meta property=\"og:title\" content=\"Uniti per il Pianeta, torna la Giornata Mondiale della Terra - En - MAcA - Museo A come Ambiente\" \/>\n<meta property=\"og:description\" content=\"Uniti per il Pianeta, torna la Giornata Mondiale della Terra \u201cAlberi per la Terra. Andiamo a piantarli\u201d. \u00c8 questo lo slogan della 46esima Giornata Mondiale della Terra, manifestazione nata nel [...]\" \/>\n<meta property=\"og:url\" content=\"https:\/\/www.acomeambiente.org\/en\/blog\/2016\/04\/21\/uniti-pianeta-torna-la-giornata-mondiale-della-terra\/\" \/>\n<meta property=\"og:site_name\" content=\"En - MAcA - Museo A come Ambiente\" \/>\n<meta property=\"article:published_time\" content=\"2016-04-21T05:02:54+00:00\" \/>\n<meta property=\"article:modified_time\" content=\"2017-04-11T08:38:35+00:00\" \/>\n<meta property=\"og:image\" content=\"https:\/\/www.acomeambiente.org\/en\/wp-content\/uploads\/sites\/3\/2016\/04\/ED-e1461656026520.png\" \/>\n\t<meta property=\"og:image:width\" content=\"517\" \/>\n\t<meta property=\"og:image:height\" content=\"254\" \/>\n\t<meta property=\"og:image:type\" content=\"image\/png\" \/>\n<meta name=\"author\" content=\"maca\" \/>\n<meta name=\"twitter:card\" content=\"summary_large_image\" \/>\n<meta name=\"twitter:label1\" content=\"Written by\" \/>\n\t<meta name=\"twitter:data1\" content=\"maca\" \/>\n\t<meta name=\"twitter:label2\" content=\"Est. reading time\" \/>\n\t<meta name=\"twitter:data2\" content=\"2 minutes\" \/>\n<script type=\"application\/ld+json\" class=\"yoast-schema-graph\">{\"@context\":\"https:\/\/schema.org\",\"@graph\":[{\"@type\":\"Article\",\"@id\":\"https:\/\/www.acomeambiente.org\/en\/blog\/2016\/04\/21\/uniti-pianeta-torna-la-giornata-mondiale-della-terra\/#article\",\"isPartOf\":{\"@id\":\"https:\/\/www.acomeambiente.org\/en\/blog\/2016\/04\/21\/uniti-pianeta-torna-la-giornata-mondiale-della-terra\/\"},\"author\":{\"name\":\"maca\",\"@id\":\"https:\/\/www.acomeambiente.org\/en\/#\/schema\/person\/abb5b373fd10c6152f3ba6effe4922a8\"},\"headline\":\"Uniti per il Pianeta, torna la Giornata Mondiale della Terra\",\"datePublished\":\"2016-04-21T05:02:54+00:00\",\"dateModified\":\"2017-04-11T08:38:35+00:00\",\"mainEntityOfPage\":{\"@id\":\"https:\/\/www.acomeambiente.org\/en\/blog\/2016\/04\/21\/uniti-pianeta-torna-la-giornata-mondiale-della-terra\/\"},\"wordCount\":322,\"image\":{\"@id\":\"https:\/\/www.acomeambiente.org\/en\/blog\/2016\/04\/21\/uniti-pianeta-torna-la-giornata-mondiale-della-terra\/#primaryimage\"},\"thumbnailUrl\":\"https:\/\/www.acomeambiente.org\/en\/wp-content\/uploads\/sites\/3\/2016\/04\/ED-e1461656026520.png\",\"keywords\":[\"22 aprile\",\"Accordo di Parigi\",\"alberi\",\"ambiente\",\"cambiamenti climatici\",\"Earth Day\",\"ecosistemi\",\"Giornata Mondiale della Terra\",\"inquinamento\",\"news\",\"pianeta\",\"riscaldamento globale\"],\"articleSection\":[\"News\"],\"inLanguage\":\"en-US\"},{\"@type\":\"WebPage\",\"@id\":\"https:\/\/www.acomeambiente.org\/en\/blog\/2016\/04\/21\/uniti-pianeta-torna-la-giornata-mondiale-della-terra\/\",\"url\":\"https:\/\/www.acomeambiente.org\/en\/blog\/2016\/04\/21\/uniti-pianeta-torna-la-giornata-mondiale-della-terra\/\",\"name\":\"Uniti per il Pianeta, torna la Giornata Mondiale della Terra - En - MAcA - Museo A come Ambiente\",\"isPartOf\":{\"@id\":\"https:\/\/www.acomeambiente.org\/en\/#website\"},\"primaryImageOfPage\":{\"@id\":\"https:\/\/www.acomeambiente.org\/en\/blog\/2016\/04\/21\/uniti-pianeta-torna-la-giornata-mondiale-della-terra\/#primaryimage\"},\"image\":{\"@id\":\"https:\/\/www.acomeambiente.org\/en\/blog\/2016\/04\/21\/uniti-pianeta-torna-la-giornata-mondiale-della-terra\/#primaryimage\"},\"thumbnailUrl\":\"https:\/\/www.acomeambiente.org\/en\/wp-content\/uploads\/sites\/3\/2016\/04\/ED-e1461656026520.png\",\"datePublished\":\"2016-04-21T05:02:54+00:00\",\"dateModified\":\"2017-04-11T08:38:35+00:00\",\"author\":{\"@id\":\"https:\/\/www.acomeambiente.org\/en\/#\/schema\/person\/abb5b373fd10c6152f3ba6effe4922a8\"},\"breadcrumb\":{\"@id\":\"https:\/\/www.acomeambiente.org\/en\/blog\/2016\/04\/21\/uniti-pianeta-torna-la-giornata-mondiale-della-terra\/#breadcrumb\"},\"inLanguage\":\"en-US\",\"potentialAction\":[{\"@type\":\"ReadAction\",\"target\":[\"https:\/\/www.acomeambiente.org\/en\/blog\/2016\/04\/21\/uniti-pianeta-torna-la-giornata-mondiale-della-terra\/\"]}]},{\"@type\":\"ImageObject\",\"inLanguage\":\"en-US\",\"@id\":\"https:\/\/www.acomeambiente.org\/en\/blog\/2016\/04\/21\/uniti-pianeta-torna-la-giornata-mondiale-della-terra\/#primaryimage\",\"url\":\"https:\/\/www.acomeambiente.org\/en\/wp-content\/uploads\/sites\/3\/2016\/04\/ED-e1461656026520.png\",\"contentUrl\":\"https:\/\/www.acomeambiente.org\/en\/wp-content\/uploads\/sites\/3\/2016\/04\/ED-e1461656026520.png\",\"width\":517,\"height\":254},{\"@type\":\"BreadcrumbList\",\"@id\":\"https:\/\/www.acomeambiente.org\/en\/blog\/2016\/04\/21\/uniti-pianeta-torna-la-giornata-mondiale-della-terra\/#breadcrumb\",\"itemListElement\":[{\"@type\":\"ListItem\",\"position\":1,\"name\":\"Home\",\"item\":\"https:\/\/www.acomeambiente.org\/en\/\"},{\"@type\":\"ListItem\",\"position\":2,\"name\":\"Uniti per il Pianeta, torna la Giornata Mondiale della Terra\"}]},{\"@type\":\"WebSite\",\"@id\":\"https:\/\/www.acomeambiente.org\/en\/#website\",\"url\":\"https:\/\/www.acomeambiente.org\/en\/\",\"name\":\"En - MAcA - Museo A come Ambiente\",\"description\":\"Passa al MAcA, costruiamo insieme un mondo pi\u00f9 sostenibile\",\"potentialAction\":[{\"@type\":\"SearchAction\",\"target\":{\"@type\":\"EntryPoint\",\"urlTemplate\":\"https:\/\/www.acomeambiente.org\/en\/?s={search_term_string}\"},\"query-input\":{\"@type\":\"PropertyValueSpecification\",\"valueRequired\":true,\"valueName\":\"search_term_string\"}}],\"inLanguage\":\"en-US\"},{\"@type\":\"Person\",\"@id\":\"https:\/\/www.acomeambiente.org\/en\/#\/schema\/person\/abb5b373fd10c6152f3ba6effe4922a8\",\"name\":\"maca\",\"image\":{\"@type\":\"ImageObject\",\"inLanguage\":\"en-US\",\"@id\":\"https:\/\/www.acomeambiente.org\/en\/#\/schema\/person\/image\/\",\"url\":\"https:\/\/secure.gravatar.com\/avatar\/638ecfb6ae252284df22625e08c27812f9102da6030194ee85189eda9b903f6a?s=96&d=mm&r=g\",\"contentUrl\":\"https:\/\/secure.gravatar.com\/avatar\/638ecfb6ae252284df22625e08c27812f9102da6030194ee85189eda9b903f6a?s=96&d=mm&r=g\",\"caption\":\"maca\"},\"url\":\"https:\/\/www.acomeambiente.org\/en\/blog\/author\/maca\/\"}]}<\/script>\n<!-- \/ Yoast SEO plugin. -->","yoast_head_json":{"title":"Uniti per il Pianeta, torna la Giornata Mondiale della Terra - En - MAcA - Museo A come Ambiente","robots":{"index":"index","follow":"follow","max-snippet":"max-snippet:-1","max-image-preview":"max-image-preview:large","max-video-preview":"max-video-preview:-1"},"canonical":"https:\/\/www.acomeambiente.org\/en\/blog\/2016\/04\/21\/uniti-pianeta-torna-la-giornata-mondiale-della-terra\/","og_locale":"en_US","og_type":"article","og_title":"Uniti per il Pianeta, torna la Giornata Mondiale della Terra - En - MAcA - Museo A come Ambiente","og_description":"Uniti per il Pianeta, torna la Giornata Mondiale della Terra \u201cAlberi per la Terra. Andiamo a piantarli\u201d. \u00c8 questo lo slogan della 46esima Giornata Mondiale della Terra, manifestazione nata nel [...]","og_url":"https:\/\/www.acomeambiente.org\/en\/blog\/2016\/04\/21\/uniti-pianeta-torna-la-giornata-mondiale-della-terra\/","og_site_name":"En - MAcA - Museo A come Ambiente","article_published_time":"2016-04-21T05:02:54+00:00","article_modified_time":"2017-04-11T08:38:35+00:00","og_image":[{"width":517,"height":254,"url":"https:\/\/www.acomeambiente.org\/en\/wp-content\/uploads\/sites\/3\/2016\/04\/ED-e1461656026520.png","type":"image\/png"}],"author":"maca","twitter_card":"summary_large_image","twitter_misc":{"Written by":"maca","Est. reading time":"2 minutes"},"schema":{"@context":"https:\/\/schema.org","@graph":[{"@type":"Article","@id":"https:\/\/www.acomeambiente.org\/en\/blog\/2016\/04\/21\/uniti-pianeta-torna-la-giornata-mondiale-della-terra\/#article","isPartOf":{"@id":"https:\/\/www.acomeambiente.org\/en\/blog\/2016\/04\/21\/uniti-pianeta-torna-la-giornata-mondiale-della-terra\/"},"author":{"name":"maca","@id":"https:\/\/www.acomeambiente.org\/en\/#\/schema\/person\/abb5b373fd10c6152f3ba6effe4922a8"},"headline":"Uniti per il Pianeta, torna la Giornata Mondiale della Terra","datePublished":"2016-04-21T05:02:54+00:00","dateModified":"2017-04-11T08:38:35+00:00","mainEntityOfPage":{"@id":"https:\/\/www.acomeambiente.org\/en\/blog\/2016\/04\/21\/uniti-pianeta-torna-la-giornata-mondiale-della-terra\/"},"wordCount":322,"image":{"@id":"https:\/\/www.acomeambiente.org\/en\/blog\/2016\/04\/21\/uniti-pianeta-torna-la-giornata-mondiale-della-terra\/#primaryimage"},"thumbnailUrl":"https:\/\/www.acomeambiente.org\/en\/wp-content\/uploads\/sites\/3\/2016\/04\/ED-e1461656026520.png","keywords":["22 aprile","Accordo di Parigi","alberi","ambiente","cambiamenti climatici","Earth Day","ecosistemi","Giornata Mondiale della Terra","inquinamento","news","pianeta","riscaldamento globale"],"articleSection":["News"],"inLanguage":"en-US"},{"@type":"WebPage","@id":"https:\/\/www.acomeambiente.org\/en\/blog\/2016\/04\/21\/uniti-pianeta-torna-la-giornata-mondiale-della-terra\/","url":"https:\/\/www.acomeambiente.org\/en\/blog\/2016\/04\/21\/uniti-pianeta-torna-la-giornata-mondiale-della-terra\/","name":"Uniti per il Pianeta, torna la Giornata Mondiale della Terra - En - MAcA - Museo A come Ambiente","isPartOf":{"@id":"https:\/\/www.acomeambiente.org\/en\/#website"},"primaryImageOfPage":{"@id":"https:\/\/www.acomeambiente.org\/en\/blog\/2016\/04\/21\/uniti-pianeta-torna-la-giornata-mondiale-della-terra\/#primaryimage"},"image":{"@id":"https:\/\/www.acomeambiente.org\/en\/blog\/2016\/04\/21\/uniti-pianeta-torna-la-giornata-mondiale-della-terra\/#primaryimage"},"thumbnailUrl":"https:\/\/www.acomeambiente.org\/en\/wp-content\/uploads\/sites\/3\/2016\/04\/ED-e1461656026520.png","datePublished":"2016-04-21T05:02:54+00:00","dateModified":"2017-04-11T08:38:35+00:00","author":{"@id":"https:\/\/www.acomeambiente.org\/en\/#\/schema\/person\/abb5b373fd10c6152f3ba6effe4922a8"},"breadcrumb":{"@id":"https:\/\/www.acomeambiente.org\/en\/blog\/2016\/04\/21\/uniti-pianeta-torna-la-giornata-mondiale-della-terra\/#breadcrumb"},"inLanguage":"en-US","potentialAction":[{"@type":"ReadAction","target":["https:\/\/www.acomeambiente.org\/en\/blog\/2016\/04\/21\/uniti-pianeta-torna-la-giornata-mondiale-della-terra\/"]}]},{"@type":"ImageObject","inLanguage":"en-US","@id":"https:\/\/www.acomeambiente.org\/en\/blog\/2016\/04\/21\/uniti-pianeta-torna-la-giornata-mondiale-della-terra\/#primaryimage","url":"https:\/\/www.acomeambiente.org\/en\/wp-content\/uploads\/sites\/3\/2016\/04\/ED-e1461656026520.png","contentUrl":"https:\/\/www.acomeambiente.org\/en\/wp-content\/uploads\/sites\/3\/2016\/04\/ED-e1461656026520.png","width":517,"height":254},{"@type":"BreadcrumbList","@id":"https:\/\/www.acomeambiente.org\/en\/blog\/2016\/04\/21\/uniti-pianeta-torna-la-giornata-mondiale-della-terra\/#breadcrumb","itemListElement":[{"@type":"ListItem","position":1,"name":"Home","item":"https:\/\/www.acomeambiente.org\/en\/"},{"@type":"ListItem","position":2,"name":"Uniti per il Pianeta, torna la Giornata Mondiale della Terra"}]},{"@type":"WebSite","@id":"https:\/\/www.acomeambiente.org\/en\/#website","url":"https:\/\/www.acomeambiente.org\/en\/","name":"En - MAcA - Museo A come Ambiente","description":"Passa al MAcA, costruiamo insieme un mondo pi\u00f9 sostenibile","potentialAction":[{"@type":"SearchAction","target":{"@type":"EntryPoint","urlTemplate":"https:\/\/www.acomeambiente.org\/en\/?s={search_term_string}"},"query-input":{"@type":"PropertyValueSpecification","valueRequired":true,"valueName":"search_term_string"}}],"inLanguage":"en-US"},{"@type":"Person","@id":"https:\/\/www.acomeambiente.org\/en\/#\/schema\/person\/abb5b373fd10c6152f3ba6effe4922a8","name":"maca","image":{"@type":"ImageObject","inLanguage":"en-US","@id":"https:\/\/www.acomeambiente.org\/en\/#\/schema\/person\/image\/","url":"https:\/\/secure.gravatar.com\/avatar\/638ecfb6ae252284df22625e08c27812f9102da6030194ee85189eda9b903f6a?s=96&d=mm&r=g","contentUrl":"https:\/\/secure.gravatar.com\/avatar\/638ecfb6ae252284df22625e08c27812f9102da6030194ee85189eda9b903f6a?s=96&d=mm&r=g","caption":"maca"},"url":"https:\/\/www.acomeambiente.org\/en\/blog\/author\/maca\/"}]}},"_links":{"self":[{"href":"https:\/\/www.acomeambiente.org\/en\/wp-json\/wp\/v2\/posts\/3076","targetHints":{"allow":["GET"]}}],"collection":[{"href":"https:\/\/www.acomeambiente.org\/en\/wp-json\/wp\/v2\/posts"}],"about":[{"href":"https:\/\/www.acomeambiente.org\/en\/wp-json\/wp\/v2\/types\/post"}],"author":[{"embeddable":true,"href":"https:\/\/www.acomeambiente.org\/en\/wp-json\/wp\/v2\/users\/2"}],"replies":[{"embeddable":true,"href":"https:\/\/www.acomeambiente.org\/en\/wp-json\/wp\/v2\/comments?post=3076"}],"version-history":[{"count":1,"href":"https:\/\/www.acomeambiente.org\/en\/wp-json\/wp\/v2\/posts\/3076\/revisions"}],"predecessor-version":[{"id":3079,"href":"https:\/\/www.acomeambiente.org\/en\/wp-json\/wp\/v2\/posts\/3076\/revisions\/3079"}],"wp:featuredmedia":[{"embeddable":true,"href":"https:\/\/www.acomeambiente.org\/en\/wp-json\/wp\/v2\/media\/3078"}],"wp:attachment":[{"href":"https:\/\/www.acomeambiente.org\/en\/wp-json\/wp\/v2\/media?parent=3076"}],"wp:term":[{"taxonomy":"category","embeddable":true,"href":"https:\/\/www.acomeambiente.org\/en\/wp-json\/wp\/v2\/categories?post=3076"},{"taxonomy":"post_tag","embeddable":true,"href":"https:\/\/www.acomeambiente.org\/en\/wp-json\/wp\/v2\/tags?post=3076"}],"curies":[{"name":"wp","href":"https:\/\/api.w.org\/{rel}","templated":true}]}}