{"id":2922,"date":"2016-03-23T06:10:13","date_gmt":"2016-03-23T06:10:13","guid":{"rendered":"http:\/\/www.acomeambiente.org\/english\/?p=2922"},"modified":"2017-04-11T08:38:36","modified_gmt":"2017-04-11T08:38:36","slug":"la-giornata-mondiale-della-meteorologia-nel-segno-dei-cambiamenti-climatici","status":"publish","type":"post","link":"https:\/\/www.acomeambiente.org\/en\/blog\/2016\/03\/23\/la-giornata-mondiale-della-meteorologia-nel-segno-dei-cambiamenti-climatici\/","title":{"rendered":"La Giornata Mondiale della Meteorologia nel segno dei cambiamenti climatici"},"content":{"rendered":"<h1 class=\"entry-title\" style=\"text-align: justify;\">La Giornata Mondiale della Meteorologia nel segno dei cambiamenti climatici<\/h1>\n<p><img decoding=\"async\" class=\"alignnone wp-image-2923\" src=\"http:\/\/www.acomeambiente.org\/wp-content\/uploads\/sites\/3\/2016\/03\/World-Meteorological-Day-700x623.jpg\" alt=\"World-Meteorological-Day-700x623\" width=\"436\" height=\"388\" srcset=\"https:\/\/www.acomeambiente.org\/en\/wp-content\/uploads\/sites\/3\/2016\/03\/World-Meteorological-Day-700x623-300x267.jpg 300w, https:\/\/www.acomeambiente.org\/en\/wp-content\/uploads\/sites\/3\/2016\/03\/World-Meteorological-Day-700x623-600x534.jpg 600w, https:\/\/www.acomeambiente.org\/en\/wp-content\/uploads\/sites\/3\/2016\/03\/World-Meteorological-Day-700x623.jpg 700w\" sizes=\"(max-width: 436px) 100vw, 436px\" \/><\/p>\n<p>Il <strong>23 marzo <\/strong>ricorre la <a href=\"http:\/\/www.wmo.int\/worldmetday\/home\" target=\"_blank\"><strong>Giornata Mondiale della Meteorologia<\/strong><\/a>, una manifestazione che celebra l\u2019entrata in vigore della convenzione dell\u2019<a href=\"https:\/\/www.wmo.int\/pages\/index_en.html\" target=\"_blank\"><strong>Organizzazione Meteorologica Mondiale<\/strong><\/a>\u00a0del 1950. Si tratta di un organo nato per promuovere lo scambio di informazioni in ambito meteorologico e la standardizzazione delle rivelazioni tra i 189 stati e i territori membri.<\/p>\n<p>Come ogni anno il <em>World Meteorological Day<\/em> si concentra su una tematica particolare, e quest\u2019anno l\u2019attenzione non pu\u00f2 che essere rivolta ad una delle questioni centrali del dibattito meteorologico, ossia quella dei <strong>cambiamenti climatici<\/strong>.\u00a0 \u201c<em>Hotter. Drier. Wetter. Face The Future<\/em>\u201d \u00e8 lo slogan della manifestazione, che si proietta verso una possibile soluzione da attuare nell\u2019imminenza.<\/p>\n<p>Dalle ondate di calore che colpiscono il Nord Europa, fino alla siccit\u00e0 e alle precipitazioni eccezionali che hanno caratterizzato il 2015 causando inondazioni in Malawi, Zimbabwe e Mozambico, il nostro clima \u00e8 sempre pi\u00f9 soggetto a variazioni e squilibri che spesso \u00e8 complicato controllare.<\/p>\n<p>Fortunatamente la minaccia dei repentini cambiamenti climatici,\u00a0 e le relative prove scientifiche, hanno convinto i governi mondiali ad intervenire con urgenza sulla questione e a promuovere ulteriori ricerche e investimenti per abbassare le emissioni di carbonio, soprattutto nel settore energetico.<\/p>\n<p>In questo senso \u00e8 necessario uno sforzo collettivo forte e coeso per far fronte ad un fenomeno destinato ad incidere pesantemente sulle sorti del nostro pianeta.<\/p>\n<p>La <em><strong>Giornata Mondiale della Meteorologia<\/strong><\/em> nasce proprio dall\u2019idea di allineare tutti i Paesi del mondo ed incoraggiarne la collaborazione, lo sforzo comune di istituzioni e cittadini tanto nella ricerca quanto nella realizzazione di un progetto a lungo termine per ridurre l\u2019impatto dell\u2019uomo sul clima.<\/p>\n","protected":false},"excerpt":{"rendered":"<p>La Giornata Mondiale della Meteorologia nel segno dei cambiamenti climatici Il 23 marzo ricorre la Giornata Mondiale della Meteorologia, una manifestazione che celebra l\u2019entrata in vigore della convenzione dell\u2019Organizzazione Meteorologica  [&#8230;]<\/p>\n","protected":false},"author":2,"featured_media":2923,"comment_status":"closed","ping_status":"open","sticky":false,"template":"","format":"standard","meta":{"footnotes":""},"categories":[61],"tags":[44,123,265,398,399],"class_list":["post-2922","post","type-post","status-publish","format-standard","has-post-thumbnail","hentry","category-news","tag-ambiente","tag-cambiamenti-climatici","tag-clima","tag-giornata-mondiale-della-meteorologia","tag-organizzazione-meteorologica-mondiale"],"yoast_head":"<!-- This site is optimized with the Yoast SEO plugin v26.9 - https:\/\/yoast.com\/product\/yoast-seo-wordpress\/ -->\n<title>La Giornata Mondiale della Meteorologia nel segno dei cambiamenti climatici - En - MAcA - Museo A come Ambiente<\/title>\n<meta name=\"robots\" content=\"index, follow, max-snippet:-1, max-image-preview:large, max-video-preview:-1\" \/>\n<link rel=\"canonical\" href=\"https:\/\/www.acomeambiente.org\/en\/blog\/2016\/03\/23\/la-giornata-mondiale-della-meteorologia-nel-segno-dei-cambiamenti-climatici\/\" \/>\n<meta property=\"og:locale\" content=\"en_US\" \/>\n<meta property=\"og:type\" content=\"article\" \/>\n<meta property=\"og:title\" content=\"La Giornata Mondiale della Meteorologia nel segno dei cambiamenti climatici - En - MAcA - Museo A come Ambiente\" \/>\n<meta property=\"og:description\" content=\"La Giornata Mondiale della Meteorologia nel segno dei cambiamenti climatici Il 23 marzo ricorre la Giornata Mondiale della Meteorologia, una manifestazione che celebra l\u2019entrata in vigore della convenzione dell\u2019Organizzazione Meteorologica [...]\" \/>\n<meta property=\"og:url\" content=\"https:\/\/www.acomeambiente.org\/en\/blog\/2016\/03\/23\/la-giornata-mondiale-della-meteorologia-nel-segno-dei-cambiamenti-climatici\/\" \/>\n<meta property=\"og:site_name\" content=\"En - MAcA - Museo A come Ambiente\" \/>\n<meta property=\"article:published_time\" content=\"2016-03-23T06:10:13+00:00\" \/>\n<meta property=\"article:modified_time\" content=\"2017-04-11T08:38:36+00:00\" \/>\n<meta property=\"og:image\" content=\"https:\/\/www.acomeambiente.org\/en\/wp-content\/uploads\/sites\/3\/2016\/03\/World-Meteorological-Day-700x623.jpg\" \/>\n\t<meta property=\"og:image:width\" content=\"700\" \/>\n\t<meta property=\"og:image:height\" content=\"623\" \/>\n\t<meta property=\"og:image:type\" content=\"image\/jpeg\" \/>\n<meta name=\"author\" content=\"maca\" \/>\n<meta name=\"twitter:card\" content=\"summary_large_image\" \/>\n<meta name=\"twitter:label1\" content=\"Written by\" \/>\n\t<meta name=\"twitter:data1\" content=\"maca\" \/>\n\t<meta name=\"twitter:label2\" content=\"Est. reading time\" \/>\n\t<meta name=\"twitter:data2\" content=\"1 minute\" \/>\n<script type=\"application\/ld+json\" class=\"yoast-schema-graph\">{\"@context\":\"https:\/\/schema.org\",\"@graph\":[{\"@type\":\"Article\",\"@id\":\"https:\/\/www.acomeambiente.org\/en\/blog\/2016\/03\/23\/la-giornata-mondiale-della-meteorologia-nel-segno-dei-cambiamenti-climatici\/#article\",\"isPartOf\":{\"@id\":\"https:\/\/www.acomeambiente.org\/en\/blog\/2016\/03\/23\/la-giornata-mondiale-della-meteorologia-nel-segno-dei-cambiamenti-climatici\/\"},\"author\":{\"name\":\"maca\",\"@id\":\"https:\/\/www.acomeambiente.org\/en\/#\/schema\/person\/abb5b373fd10c6152f3ba6effe4922a8\"},\"headline\":\"La Giornata Mondiale della Meteorologia nel segno dei cambiamenti climatici\",\"datePublished\":\"2016-03-23T06:10:13+00:00\",\"dateModified\":\"2017-04-11T08:38:36+00:00\",\"mainEntityOfPage\":{\"@id\":\"https:\/\/www.acomeambiente.org\/en\/blog\/2016\/03\/23\/la-giornata-mondiale-della-meteorologia-nel-segno-dei-cambiamenti-climatici\/\"},\"wordCount\":280,\"image\":{\"@id\":\"https:\/\/www.acomeambiente.org\/en\/blog\/2016\/03\/23\/la-giornata-mondiale-della-meteorologia-nel-segno-dei-cambiamenti-climatici\/#primaryimage\"},\"thumbnailUrl\":\"https:\/\/www.acomeambiente.org\/en\/wp-content\/uploads\/sites\/3\/2016\/03\/World-Meteorological-Day-700x623.jpg\",\"keywords\":[\"ambiente\",\"cambiamenti climatici\",\"clima\",\"Giornata mondiale della meteorologia\",\"Organizzazione meteorologica mondiale\"],\"articleSection\":[\"News\"],\"inLanguage\":\"en-US\"},{\"@type\":\"WebPage\",\"@id\":\"https:\/\/www.acomeambiente.org\/en\/blog\/2016\/03\/23\/la-giornata-mondiale-della-meteorologia-nel-segno-dei-cambiamenti-climatici\/\",\"url\":\"https:\/\/www.acomeambiente.org\/en\/blog\/2016\/03\/23\/la-giornata-mondiale-della-meteorologia-nel-segno-dei-cambiamenti-climatici\/\",\"name\":\"La Giornata Mondiale della Meteorologia nel segno dei cambiamenti climatici - En - MAcA - Museo A come Ambiente\",\"isPartOf\":{\"@id\":\"https:\/\/www.acomeambiente.org\/en\/#website\"},\"primaryImageOfPage\":{\"@id\":\"https:\/\/www.acomeambiente.org\/en\/blog\/2016\/03\/23\/la-giornata-mondiale-della-meteorologia-nel-segno-dei-cambiamenti-climatici\/#primaryimage\"},\"image\":{\"@id\":\"https:\/\/www.acomeambiente.org\/en\/blog\/2016\/03\/23\/la-giornata-mondiale-della-meteorologia-nel-segno-dei-cambiamenti-climatici\/#primaryimage\"},\"thumbnailUrl\":\"https:\/\/www.acomeambiente.org\/en\/wp-content\/uploads\/sites\/3\/2016\/03\/World-Meteorological-Day-700x623.jpg\",\"datePublished\":\"2016-03-23T06:10:13+00:00\",\"dateModified\":\"2017-04-11T08:38:36+00:00\",\"author\":{\"@id\":\"https:\/\/www.acomeambiente.org\/en\/#\/schema\/person\/abb5b373fd10c6152f3ba6effe4922a8\"},\"breadcrumb\":{\"@id\":\"https:\/\/www.acomeambiente.org\/en\/blog\/2016\/03\/23\/la-giornata-mondiale-della-meteorologia-nel-segno-dei-cambiamenti-climatici\/#breadcrumb\"},\"inLanguage\":\"en-US\",\"potentialAction\":[{\"@type\":\"ReadAction\",\"target\":[\"https:\/\/www.acomeambiente.org\/en\/blog\/2016\/03\/23\/la-giornata-mondiale-della-meteorologia-nel-segno-dei-cambiamenti-climatici\/\"]}]},{\"@type\":\"ImageObject\",\"inLanguage\":\"en-US\",\"@id\":\"https:\/\/www.acomeambiente.org\/en\/blog\/2016\/03\/23\/la-giornata-mondiale-della-meteorologia-nel-segno-dei-cambiamenti-climatici\/#primaryimage\",\"url\":\"https:\/\/www.acomeambiente.org\/en\/wp-content\/uploads\/sites\/3\/2016\/03\/World-Meteorological-Day-700x623.jpg\",\"contentUrl\":\"https:\/\/www.acomeambiente.org\/en\/wp-content\/uploads\/sites\/3\/2016\/03\/World-Meteorological-Day-700x623.jpg\",\"width\":700,\"height\":623},{\"@type\":\"BreadcrumbList\",\"@id\":\"https:\/\/www.acomeambiente.org\/en\/blog\/2016\/03\/23\/la-giornata-mondiale-della-meteorologia-nel-segno-dei-cambiamenti-climatici\/#breadcrumb\",\"itemListElement\":[{\"@type\":\"ListItem\",\"position\":1,\"name\":\"Home\",\"item\":\"https:\/\/www.acomeambiente.org\/en\/\"},{\"@type\":\"ListItem\",\"position\":2,\"name\":\"La Giornata Mondiale della Meteorologia nel segno dei cambiamenti climatici\"}]},{\"@type\":\"WebSite\",\"@id\":\"https:\/\/www.acomeambiente.org\/en\/#website\",\"url\":\"https:\/\/www.acomeambiente.org\/en\/\",\"name\":\"En - MAcA - Museo A come Ambiente\",\"description\":\"Passa al MAcA, costruiamo insieme un mondo pi\u00f9 sostenibile\",\"potentialAction\":[{\"@type\":\"SearchAction\",\"target\":{\"@type\":\"EntryPoint\",\"urlTemplate\":\"https:\/\/www.acomeambiente.org\/en\/?s={search_term_string}\"},\"query-input\":{\"@type\":\"PropertyValueSpecification\",\"valueRequired\":true,\"valueName\":\"search_term_string\"}}],\"inLanguage\":\"en-US\"},{\"@type\":\"Person\",\"@id\":\"https:\/\/www.acomeambiente.org\/en\/#\/schema\/person\/abb5b373fd10c6152f3ba6effe4922a8\",\"name\":\"maca\",\"image\":{\"@type\":\"ImageObject\",\"inLanguage\":\"en-US\",\"@id\":\"https:\/\/www.acomeambiente.org\/en\/#\/schema\/person\/image\/\",\"url\":\"https:\/\/secure.gravatar.com\/avatar\/638ecfb6ae252284df22625e08c27812f9102da6030194ee85189eda9b903f6a?s=96&d=mm&r=g\",\"contentUrl\":\"https:\/\/secure.gravatar.com\/avatar\/638ecfb6ae252284df22625e08c27812f9102da6030194ee85189eda9b903f6a?s=96&d=mm&r=g\",\"caption\":\"maca\"},\"url\":\"https:\/\/www.acomeambiente.org\/en\/blog\/author\/maca\/\"}]}<\/script>\n<!-- \/ Yoast SEO plugin. -->","yoast_head_json":{"title":"La Giornata Mondiale della Meteorologia nel segno dei cambiamenti climatici - En - MAcA - Museo A come Ambiente","robots":{"index":"index","follow":"follow","max-snippet":"max-snippet:-1","max-image-preview":"max-image-preview:large","max-video-preview":"max-video-preview:-1"},"canonical":"https:\/\/www.acomeambiente.org\/en\/blog\/2016\/03\/23\/la-giornata-mondiale-della-meteorologia-nel-segno-dei-cambiamenti-climatici\/","og_locale":"en_US","og_type":"article","og_title":"La Giornata Mondiale della Meteorologia nel segno dei cambiamenti climatici - En - MAcA - Museo A come Ambiente","og_description":"La Giornata Mondiale della Meteorologia nel segno dei cambiamenti climatici Il 23 marzo ricorre la Giornata Mondiale della Meteorologia, una manifestazione che celebra l\u2019entrata in vigore della convenzione dell\u2019Organizzazione Meteorologica [...]","og_url":"https:\/\/www.acomeambiente.org\/en\/blog\/2016\/03\/23\/la-giornata-mondiale-della-meteorologia-nel-segno-dei-cambiamenti-climatici\/","og_site_name":"En - MAcA - Museo A come Ambiente","article_published_time":"2016-03-23T06:10:13+00:00","article_modified_time":"2017-04-11T08:38:36+00:00","og_image":[{"width":700,"height":623,"url":"https:\/\/www.acomeambiente.org\/en\/wp-content\/uploads\/sites\/3\/2016\/03\/World-Meteorological-Day-700x623.jpg","type":"image\/jpeg"}],"author":"maca","twitter_card":"summary_large_image","twitter_misc":{"Written by":"maca","Est. reading time":"1 minute"},"schema":{"@context":"https:\/\/schema.org","@graph":[{"@type":"Article","@id":"https:\/\/www.acomeambiente.org\/en\/blog\/2016\/03\/23\/la-giornata-mondiale-della-meteorologia-nel-segno-dei-cambiamenti-climatici\/#article","isPartOf":{"@id":"https:\/\/www.acomeambiente.org\/en\/blog\/2016\/03\/23\/la-giornata-mondiale-della-meteorologia-nel-segno-dei-cambiamenti-climatici\/"},"author":{"name":"maca","@id":"https:\/\/www.acomeambiente.org\/en\/#\/schema\/person\/abb5b373fd10c6152f3ba6effe4922a8"},"headline":"La Giornata Mondiale della Meteorologia nel segno dei cambiamenti climatici","datePublished":"2016-03-23T06:10:13+00:00","dateModified":"2017-04-11T08:38:36+00:00","mainEntityOfPage":{"@id":"https:\/\/www.acomeambiente.org\/en\/blog\/2016\/03\/23\/la-giornata-mondiale-della-meteorologia-nel-segno-dei-cambiamenti-climatici\/"},"wordCount":280,"image":{"@id":"https:\/\/www.acomeambiente.org\/en\/blog\/2016\/03\/23\/la-giornata-mondiale-della-meteorologia-nel-segno-dei-cambiamenti-climatici\/#primaryimage"},"thumbnailUrl":"https:\/\/www.acomeambiente.org\/en\/wp-content\/uploads\/sites\/3\/2016\/03\/World-Meteorological-Day-700x623.jpg","keywords":["ambiente","cambiamenti climatici","clima","Giornata mondiale della meteorologia","Organizzazione meteorologica mondiale"],"articleSection":["News"],"inLanguage":"en-US"},{"@type":"WebPage","@id":"https:\/\/www.acomeambiente.org\/en\/blog\/2016\/03\/23\/la-giornata-mondiale-della-meteorologia-nel-segno-dei-cambiamenti-climatici\/","url":"https:\/\/www.acomeambiente.org\/en\/blog\/2016\/03\/23\/la-giornata-mondiale-della-meteorologia-nel-segno-dei-cambiamenti-climatici\/","name":"La Giornata Mondiale della Meteorologia nel segno dei cambiamenti climatici - En - MAcA - Museo A come Ambiente","isPartOf":{"@id":"https:\/\/www.acomeambiente.org\/en\/#website"},"primaryImageOfPage":{"@id":"https:\/\/www.acomeambiente.org\/en\/blog\/2016\/03\/23\/la-giornata-mondiale-della-meteorologia-nel-segno-dei-cambiamenti-climatici\/#primaryimage"},"image":{"@id":"https:\/\/www.acomeambiente.org\/en\/blog\/2016\/03\/23\/la-giornata-mondiale-della-meteorologia-nel-segno-dei-cambiamenti-climatici\/#primaryimage"},"thumbnailUrl":"https:\/\/www.acomeambiente.org\/en\/wp-content\/uploads\/sites\/3\/2016\/03\/World-Meteorological-Day-700x623.jpg","datePublished":"2016-03-23T06:10:13+00:00","dateModified":"2017-04-11T08:38:36+00:00","author":{"@id":"https:\/\/www.acomeambiente.org\/en\/#\/schema\/person\/abb5b373fd10c6152f3ba6effe4922a8"},"breadcrumb":{"@id":"https:\/\/www.acomeambiente.org\/en\/blog\/2016\/03\/23\/la-giornata-mondiale-della-meteorologia-nel-segno-dei-cambiamenti-climatici\/#breadcrumb"},"inLanguage":"en-US","potentialAction":[{"@type":"ReadAction","target":["https:\/\/www.acomeambiente.org\/en\/blog\/2016\/03\/23\/la-giornata-mondiale-della-meteorologia-nel-segno-dei-cambiamenti-climatici\/"]}]},{"@type":"ImageObject","inLanguage":"en-US","@id":"https:\/\/www.acomeambiente.org\/en\/blog\/2016\/03\/23\/la-giornata-mondiale-della-meteorologia-nel-segno-dei-cambiamenti-climatici\/#primaryimage","url":"https:\/\/www.acomeambiente.org\/en\/wp-content\/uploads\/sites\/3\/2016\/03\/World-Meteorological-Day-700x623.jpg","contentUrl":"https:\/\/www.acomeambiente.org\/en\/wp-content\/uploads\/sites\/3\/2016\/03\/World-Meteorological-Day-700x623.jpg","width":700,"height":623},{"@type":"BreadcrumbList","@id":"https:\/\/www.acomeambiente.org\/en\/blog\/2016\/03\/23\/la-giornata-mondiale-della-meteorologia-nel-segno-dei-cambiamenti-climatici\/#breadcrumb","itemListElement":[{"@type":"ListItem","position":1,"name":"Home","item":"https:\/\/www.acomeambiente.org\/en\/"},{"@type":"ListItem","position":2,"name":"La Giornata Mondiale della Meteorologia nel segno dei cambiamenti climatici"}]},{"@type":"WebSite","@id":"https:\/\/www.acomeambiente.org\/en\/#website","url":"https:\/\/www.acomeambiente.org\/en\/","name":"En - MAcA - Museo A come Ambiente","description":"Passa al MAcA, costruiamo insieme un mondo pi\u00f9 sostenibile","potentialAction":[{"@type":"SearchAction","target":{"@type":"EntryPoint","urlTemplate":"https:\/\/www.acomeambiente.org\/en\/?s={search_term_string}"},"query-input":{"@type":"PropertyValueSpecification","valueRequired":true,"valueName":"search_term_string"}}],"inLanguage":"en-US"},{"@type":"Person","@id":"https:\/\/www.acomeambiente.org\/en\/#\/schema\/person\/abb5b373fd10c6152f3ba6effe4922a8","name":"maca","image":{"@type":"ImageObject","inLanguage":"en-US","@id":"https:\/\/www.acomeambiente.org\/en\/#\/schema\/person\/image\/","url":"https:\/\/secure.gravatar.com\/avatar\/638ecfb6ae252284df22625e08c27812f9102da6030194ee85189eda9b903f6a?s=96&d=mm&r=g","contentUrl":"https:\/\/secure.gravatar.com\/avatar\/638ecfb6ae252284df22625e08c27812f9102da6030194ee85189eda9b903f6a?s=96&d=mm&r=g","caption":"maca"},"url":"https:\/\/www.acomeambiente.org\/en\/blog\/author\/maca\/"}]}},"_links":{"self":[{"href":"https:\/\/www.acomeambiente.org\/en\/wp-json\/wp\/v2\/posts\/2922","targetHints":{"allow":["GET"]}}],"collection":[{"href":"https:\/\/www.acomeambiente.org\/en\/wp-json\/wp\/v2\/posts"}],"about":[{"href":"https:\/\/www.acomeambiente.org\/en\/wp-json\/wp\/v2\/types\/post"}],"author":[{"embeddable":true,"href":"https:\/\/www.acomeambiente.org\/en\/wp-json\/wp\/v2\/users\/2"}],"replies":[{"embeddable":true,"href":"https:\/\/www.acomeambiente.org\/en\/wp-json\/wp\/v2\/comments?post=2922"}],"version-history":[{"count":2,"href":"https:\/\/www.acomeambiente.org\/en\/wp-json\/wp\/v2\/posts\/2922\/revisions"}],"predecessor-version":[{"id":2925,"href":"https:\/\/www.acomeambiente.org\/en\/wp-json\/wp\/v2\/posts\/2922\/revisions\/2925"}],"wp:featuredmedia":[{"embeddable":true,"href":"https:\/\/www.acomeambiente.org\/en\/wp-json\/wp\/v2\/media\/2923"}],"wp:attachment":[{"href":"https:\/\/www.acomeambiente.org\/en\/wp-json\/wp\/v2\/media?parent=2922"}],"wp:term":[{"taxonomy":"category","embeddable":true,"href":"https:\/\/www.acomeambiente.org\/en\/wp-json\/wp\/v2\/categories?post=2922"},{"taxonomy":"post_tag","embeddable":true,"href":"https:\/\/www.acomeambiente.org\/en\/wp-json\/wp\/v2\/tags?post=2922"}],"curies":[{"name":"wp","href":"https:\/\/api.w.org\/{rel}","templated":true}]}}