{"id":2919,"date":"2016-03-22T07:03:30","date_gmt":"2016-03-22T07:03:30","guid":{"rendered":"http:\/\/www.acomeambiente.org\/english\/?p=2919"},"modified":"2017-04-11T08:38:36","modified_gmt":"2017-04-11T08:38:36","slug":"better-water-better-jobs-la-giornata-mondiale-dellacqua","status":"publish","type":"post","link":"https:\/\/www.acomeambiente.org\/en\/blog\/2016\/03\/22\/better-water-better-jobs-la-giornata-mondiale-dellacqua\/","title":{"rendered":"Giornata Mondiale dell\u2019Acqua, il MAcA ospita il Premio Punto Acqua Smat"},"content":{"rendered":"<div class=\"fusion-fullwidth fullwidth-box fusion-builder-row-1 hundred-percent-fullwidth non-hundred-percent-height-scrolling\" style=\"--awb-border-radius-top-left:0px;--awb-border-radius-top-right:0px;--awb-border-radius-bottom-right:0px;--awb-border-radius-bottom-left:0px;--awb-overflow:visible;--awb-flex-wrap:wrap;\" ><div class=\"fusion-builder-row fusion-row\"><div class=\"fusion-layout-column fusion_builder_column fusion-builder-column-0 fusion_builder_column_1_1 1_1 fusion-one-full fusion-column-first fusion-column-last fusion-column-no-min-height\" style=\"--awb-bg-size:cover;--awb-margin-bottom:0px;\"><div class=\"fusion-column-wrapper fusion-flex-column-wrapper-legacy\"><div class=\"fusion-text fusion-text-1\"><h1 class=\"entry-title\" style=\"text-align: justify;\">Giornata Mondiale dell\u2019Acqua, il MAcA ospita il\u00a0Premio Punto Acqua Smat<\/h1>\n<p><em><img decoding=\"async\" class=\"alignnone size-full wp-image-2920\" src=\"http:\/\/www.acomeambiente.org\/wp-content\/uploads\/sites\/3\/2016\/03\/WWaterD2016EN01.jpg\" alt=\"WWaterD2016EN01\" width=\"505\" height=\"276\" srcset=\"https:\/\/www.acomeambiente.org\/en\/wp-content\/uploads\/sites\/3\/2016\/03\/WWaterD2016EN01-300x164.jpg 300w, https:\/\/www.acomeambiente.org\/en\/wp-content\/uploads\/sites\/3\/2016\/03\/WWaterD2016EN01.jpg 505w\" sizes=\"(max-width: 505px) 100vw, 505px\" \/><\/em><\/p>\n<p>L\u2019acqua \u00e8 lavoro. L\u2019acqua \u00e8 arte. L\u2019acqua \u00e8 cambiamento. \u00c8 con questo spirito che si inquadrano le iniziative della <a href=\"http:\/\/www.unwater.org\/worldwaterday\" target=\"_blank\"><strong>Giornata Mondiale dell\u2019Acqua 2016<\/strong><\/a>. Si tratta di una ricorrenza fortemente voluta dalle <strong><a href=\"http:\/\/www.un.org\/\" target=\"_blank\">Nazioni Unite<\/a><\/strong> nel 1992, per sensibilizzare i cittadini riguardo un\u2019ottimale gestione dell\u2019acqua.<\/p>\n<p>Come ogni <strong>22 marzo<\/strong>, il <em>World Water Day<\/em> ci ricorda che l\u2019acqua \u00e8 una delle risorse pi\u00f9 importanti per la nostra sopravvivenza e che, ancora oggi, la sua disponibilit\u00e0 \u00e8 un bene prezioso su cui moltissimi cittadini in tutto il mondo non possono contare. Oltre un miliardo e mezzo della popolazione, infatti, non ha accesso all\u2019acqua potabile.<\/p>\n<p>Proprio per la sua importanza, il <em>Museo A come Ambiente<\/em> di Torino dedica all\u2019acqua percorsi e laboratori tutti da scoprire. Nella giornata del <strong>22 marzo<\/strong>, inoltre, il <em>MAcA<\/em> ospiter\u00e0 la consegna del <strong>Premio Punto Acqua <a href=\"http:\/\/www.smatorino.it\/\" target=\"_blank\">Smat<\/a><\/strong>, giunto alla sua sesta edizione.<\/p>\n<p>Alle ore <strong>10:00<\/strong>, presso il nuovo <strong>Padiglione Verde<\/strong> del <em>Museo<\/em>, saranno premiati i tre Comuni della citt\u00e0 Metropolitana di Torino, divisi in base al numero di abitanti, il cui Punto Acqua Smat ha registrato il maggior numero di litri erogati.<\/p>\n<p>Allo stesso modo il nuovo premio &#8220;<strong>Speciale Torino<\/strong>&#8221; sar\u00e0 assegnato al Punto Acqua Smat del territorio cittadino con il maggior numero di litri erogati. La premiazione avverr\u00e0 alla presenza del sindaco <strong>Piero Fassino\u00a0<\/strong>e dell&#8217;assessore <strong>Enzo Lavolta<\/strong>.<\/p>\n<p>Il <em>World Water Day <\/em>esplora l\u2019acqua e tutte le sue caratteristiche e ricchezze, ribadendo che le persone possono fare la differenza per cambiare le cose attraverso l\u2019impegno e l\u2019azione.<\/p>\n<p>Lottare per una migliore distribuzione dell\u2019acqua, per ampliarne i margini di accessibilit\u00e0 e per azzerare gli sprechi \u00e8 un atto dovuto verso la vita, per costruire un futuro diverso fatto di maggiori opportunit\u00e0.<\/p>\n<\/div><div class=\"fusion-clearfix\"><\/div><\/div><\/div><div class=\"fusion-layout-column fusion_builder_column fusion-builder-column-1 fusion_builder_column_1_1 1_1 fusion-one-full fusion-column-first fusion-column-last fusion-column-no-min-height\" style=\"--awb-bg-size:cover;--awb-margin-bottom:0px;\"><div class=\"fusion-column-wrapper fusion-flex-column-wrapper-legacy\"><div class=\"fusion-image-carousel fusion-image-carousel-auto fusion-image-carousel-1 lightbox-enabled fusion-carousel-border\"><div class=\"awb-carousel awb-swiper awb-swiper-carousel awb-carousel--carousel awb-swiper-dots-position-bottom\" data-layout=\"carousel\" data-autoplay=\"no\" data-autoplayspeed=\"2500\" data-autoplaypause=\"no\" data-columns=\"1\" data-columnsmedium=\"1\" data-columnssmall=\"1\" data-itemmargin=\"5\" data-itemwidth=\"180\" data-touchscroll=\"no\" data-freemode=\"no\" data-imagesize=\"auto\" data-scrollitems=\"0\" data-centeredslides=\"no\" data-rotationangle=\"50\" data-depth=\"100\" data-speed=\"500\" data-shadow=\"no\" data-pagination=\"bullets\" style=\"--awb-columns:1;--awb-column-spacing:5px;--awb-border-width:1px;--awb-border-color:#e9eaee;\"><div class=\"swiper-wrapper awb-image-carousel-wrapper fusion-flex-align-items-center\"><div class=\"swiper-slide\"><div class=\"fusion-carousel-item-wrapper\"><div class=\"fusion-image-wrapper hover-type-none\"><a data-rel=\"iLightbox[image_carousel_1]\" href=\"http:\/\/www.acomeambiente.org\/wp-content\/uploads\/sites\/3\/2016\/02\/20160322_104629.jpg\" target=\"_self\"><img decoding=\"async\" src=\"http:\/\/www.acomeambiente.org\/wp-content\/uploads\/sites\/3\/2016\/02\/20160322_104629.jpg\" alt=\"\"\/><\/a><\/div><\/div><\/div><div class=\"swiper-slide\"><div class=\"fusion-carousel-item-wrapper\"><div class=\"fusion-image-wrapper hover-type-none\"><a data-rel=\"iLightbox[image_carousel_1]\" href=\"http:\/\/www.acomeambiente.org\/wp-content\/uploads\/sites\/3\/2016\/02\/20160322_105050.jpg\" target=\"_self\"><img decoding=\"async\" src=\"http:\/\/www.acomeambiente.org\/wp-content\/uploads\/sites\/3\/2016\/02\/20160322_105050.jpg\" alt=\"\"\/><\/a><\/div><\/div><\/div><div class=\"swiper-slide\"><div class=\"fusion-carousel-item-wrapper\"><div class=\"fusion-image-wrapper hover-type-none\"><a data-rel=\"iLightbox[image_carousel_1]\" href=\"http:\/\/www.acomeambiente.org\/wp-content\/uploads\/sites\/3\/2016\/02\/20160322_110634.jpg\" target=\"_self\"><img decoding=\"async\" src=\"http:\/\/www.acomeambiente.org\/wp-content\/uploads\/sites\/3\/2016\/02\/20160322_110634.jpg\" alt=\"\"\/><\/a><\/div><\/div><\/div><\/div><div class=\"awb-swiper-button awb-swiper-button-prev\"><i class=\"awb-icon-angle-left\" aria-hidden=\"true\"><\/i><\/div><div class=\"awb-swiper-button awb-swiper-button-next\"><i class=\"awb-icon-angle-right\" aria-hidden=\"true\"><\/i><\/div><\/div><\/div><div class=\"fusion-clearfix\"><\/div><\/div><\/div><\/div><\/div>\n","protected":false},"excerpt":{"rendered":"","protected":false},"author":2,"featured_media":2920,"comment_status":"closed","ping_status":"open","sticky":false,"template":"","format":"standard","meta":{"footnotes":""},"categories":[61],"tags":[391,397,168,392,19,9,101,32,400,401,402,393],"class_list":["post-2919","post","type-post","status-publish","format-standard","has-post-thumbnail","hentry","category-news","tag-22-marzo","tag-accessibilita-allacqua","tag-acqua","tag-giornata-mondiale-dellacqua","tag-maca","tag-museo-a-come-ambiente","tag-nazioni-unite","tag-padiglione-verde","tag-premio-punto-acqua-smat","tag-smat","tag-speciale-torino","tag-world-water-day"],"yoast_head":"<!-- This site is optimized with the Yoast SEO plugin v26.9 - https:\/\/yoast.com\/product\/yoast-seo-wordpress\/ -->\n<title>Giornata Mondiale dell\u2019Acqua, il MAcA ospita il Premio Punto Acqua Smat - En - MAcA - Museo A come Ambiente<\/title>\n<meta name=\"robots\" content=\"index, follow, max-snippet:-1, max-image-preview:large, max-video-preview:-1\" \/>\n<link rel=\"canonical\" href=\"https:\/\/www.acomeambiente.org\/en\/blog\/2016\/03\/22\/better-water-better-jobs-la-giornata-mondiale-dellacqua\/\" \/>\n<meta property=\"og:locale\" content=\"en_US\" \/>\n<meta property=\"og:type\" content=\"article\" \/>\n<meta property=\"og:title\" content=\"Giornata Mondiale dell\u2019Acqua, il MAcA ospita il Premio Punto Acqua Smat - En - MAcA - Museo A come Ambiente\" \/>\n<meta property=\"og:url\" content=\"https:\/\/www.acomeambiente.org\/en\/blog\/2016\/03\/22\/better-water-better-jobs-la-giornata-mondiale-dellacqua\/\" \/>\n<meta property=\"og:site_name\" content=\"En - MAcA - Museo A come Ambiente\" \/>\n<meta property=\"article:published_time\" content=\"2016-03-22T07:03:30+00:00\" \/>\n<meta property=\"article:modified_time\" content=\"2017-04-11T08:38:36+00:00\" \/>\n<meta property=\"og:image\" content=\"https:\/\/www.acomeambiente.org\/en\/wp-content\/uploads\/sites\/3\/2016\/03\/WWaterD2016EN01.jpg\" \/>\n\t<meta property=\"og:image:width\" content=\"505\" \/>\n\t<meta property=\"og:image:height\" content=\"276\" \/>\n\t<meta property=\"og:image:type\" content=\"image\/jpeg\" \/>\n<meta name=\"author\" content=\"maca\" \/>\n<meta name=\"twitter:card\" content=\"summary_large_image\" \/>\n<meta name=\"twitter:label1\" content=\"Written by\" \/>\n\t<meta name=\"twitter:data1\" content=\"maca\" \/>\n\t<meta name=\"twitter:label2\" content=\"Est. reading time\" \/>\n\t<meta name=\"twitter:data2\" content=\"2 minutes\" \/>\n<script type=\"application\/ld+json\" class=\"yoast-schema-graph\">{\"@context\":\"https:\/\/schema.org\",\"@graph\":[{\"@type\":\"Article\",\"@id\":\"https:\/\/www.acomeambiente.org\/en\/blog\/2016\/03\/22\/better-water-better-jobs-la-giornata-mondiale-dellacqua\/#article\",\"isPartOf\":{\"@id\":\"https:\/\/www.acomeambiente.org\/en\/blog\/2016\/03\/22\/better-water-better-jobs-la-giornata-mondiale-dellacqua\/\"},\"author\":{\"name\":\"maca\",\"@id\":\"https:\/\/www.acomeambiente.org\/en\/#\/schema\/person\/abb5b373fd10c6152f3ba6effe4922a8\"},\"headline\":\"Giornata Mondiale dell\u2019Acqua, il MAcA ospita il Premio Punto Acqua Smat\",\"datePublished\":\"2016-03-22T07:03:30+00:00\",\"dateModified\":\"2017-04-11T08:38:36+00:00\",\"mainEntityOfPage\":{\"@id\":\"https:\/\/www.acomeambiente.org\/en\/blog\/2016\/03\/22\/better-water-better-jobs-la-giornata-mondiale-dellacqua\/\"},\"wordCount\":507,\"image\":{\"@id\":\"https:\/\/www.acomeambiente.org\/en\/blog\/2016\/03\/22\/better-water-better-jobs-la-giornata-mondiale-dellacqua\/#primaryimage\"},\"thumbnailUrl\":\"https:\/\/www.acomeambiente.org\/en\/wp-content\/uploads\/sites\/3\/2016\/03\/WWaterD2016EN01.jpg\",\"keywords\":[\"22 marzo\",\"accessibilit\u00e0 all'acqua\",\"acqua\",\"Giornata Mondiale dell'Acqua\",\"MAcA\",\"Museo A come Ambiente\",\"Nazioni Unite\",\"Padiglione Verde\",\"Premio Punto Acqua Smat\",\"Smat\",\"Speciale Torino\",\"World Water Day\"],\"articleSection\":[\"News\"],\"inLanguage\":\"en-US\"},{\"@type\":\"WebPage\",\"@id\":\"https:\/\/www.acomeambiente.org\/en\/blog\/2016\/03\/22\/better-water-better-jobs-la-giornata-mondiale-dellacqua\/\",\"url\":\"https:\/\/www.acomeambiente.org\/en\/blog\/2016\/03\/22\/better-water-better-jobs-la-giornata-mondiale-dellacqua\/\",\"name\":\"Giornata Mondiale dell\u2019Acqua, il MAcA ospita il Premio Punto Acqua Smat - En - MAcA - Museo A come Ambiente\",\"isPartOf\":{\"@id\":\"https:\/\/www.acomeambiente.org\/en\/#website\"},\"primaryImageOfPage\":{\"@id\":\"https:\/\/www.acomeambiente.org\/en\/blog\/2016\/03\/22\/better-water-better-jobs-la-giornata-mondiale-dellacqua\/#primaryimage\"},\"image\":{\"@id\":\"https:\/\/www.acomeambiente.org\/en\/blog\/2016\/03\/22\/better-water-better-jobs-la-giornata-mondiale-dellacqua\/#primaryimage\"},\"thumbnailUrl\":\"https:\/\/www.acomeambiente.org\/en\/wp-content\/uploads\/sites\/3\/2016\/03\/WWaterD2016EN01.jpg\",\"datePublished\":\"2016-03-22T07:03:30+00:00\",\"dateModified\":\"2017-04-11T08:38:36+00:00\",\"author\":{\"@id\":\"https:\/\/www.acomeambiente.org\/en\/#\/schema\/person\/abb5b373fd10c6152f3ba6effe4922a8\"},\"breadcrumb\":{\"@id\":\"https:\/\/www.acomeambiente.org\/en\/blog\/2016\/03\/22\/better-water-better-jobs-la-giornata-mondiale-dellacqua\/#breadcrumb\"},\"inLanguage\":\"en-US\",\"potentialAction\":[{\"@type\":\"ReadAction\",\"target\":[\"https:\/\/www.acomeambiente.org\/en\/blog\/2016\/03\/22\/better-water-better-jobs-la-giornata-mondiale-dellacqua\/\"]}]},{\"@type\":\"ImageObject\",\"inLanguage\":\"en-US\",\"@id\":\"https:\/\/www.acomeambiente.org\/en\/blog\/2016\/03\/22\/better-water-better-jobs-la-giornata-mondiale-dellacqua\/#primaryimage\",\"url\":\"https:\/\/www.acomeambiente.org\/en\/wp-content\/uploads\/sites\/3\/2016\/03\/WWaterD2016EN01.jpg\",\"contentUrl\":\"https:\/\/www.acomeambiente.org\/en\/wp-content\/uploads\/sites\/3\/2016\/03\/WWaterD2016EN01.jpg\",\"width\":505,\"height\":276},{\"@type\":\"BreadcrumbList\",\"@id\":\"https:\/\/www.acomeambiente.org\/en\/blog\/2016\/03\/22\/better-water-better-jobs-la-giornata-mondiale-dellacqua\/#breadcrumb\",\"itemListElement\":[{\"@type\":\"ListItem\",\"position\":1,\"name\":\"Home\",\"item\":\"https:\/\/www.acomeambiente.org\/en\/\"},{\"@type\":\"ListItem\",\"position\":2,\"name\":\"Giornata Mondiale dell\u2019Acqua, il MAcA ospita il Premio Punto Acqua Smat\"}]},{\"@type\":\"WebSite\",\"@id\":\"https:\/\/www.acomeambiente.org\/en\/#website\",\"url\":\"https:\/\/www.acomeambiente.org\/en\/\",\"name\":\"En - MAcA - Museo A come Ambiente\",\"description\":\"Passa al MAcA, costruiamo insieme un mondo pi\u00f9 sostenibile\",\"potentialAction\":[{\"@type\":\"SearchAction\",\"target\":{\"@type\":\"EntryPoint\",\"urlTemplate\":\"https:\/\/www.acomeambiente.org\/en\/?s={search_term_string}\"},\"query-input\":{\"@type\":\"PropertyValueSpecification\",\"valueRequired\":true,\"valueName\":\"search_term_string\"}}],\"inLanguage\":\"en-US\"},{\"@type\":\"Person\",\"@id\":\"https:\/\/www.acomeambiente.org\/en\/#\/schema\/person\/abb5b373fd10c6152f3ba6effe4922a8\",\"name\":\"maca\",\"image\":{\"@type\":\"ImageObject\",\"inLanguage\":\"en-US\",\"@id\":\"https:\/\/www.acomeambiente.org\/en\/#\/schema\/person\/image\/\",\"url\":\"https:\/\/secure.gravatar.com\/avatar\/638ecfb6ae252284df22625e08c27812f9102da6030194ee85189eda9b903f6a?s=96&d=mm&r=g\",\"contentUrl\":\"https:\/\/secure.gravatar.com\/avatar\/638ecfb6ae252284df22625e08c27812f9102da6030194ee85189eda9b903f6a?s=96&d=mm&r=g\",\"caption\":\"maca\"},\"url\":\"https:\/\/www.acomeambiente.org\/en\/blog\/author\/maca\/\"}]}<\/script>\n<!-- \/ Yoast SEO plugin. -->","yoast_head_json":{"title":"Giornata Mondiale dell\u2019Acqua, il MAcA ospita il Premio Punto Acqua Smat - En - MAcA - Museo A come Ambiente","robots":{"index":"index","follow":"follow","max-snippet":"max-snippet:-1","max-image-preview":"max-image-preview:large","max-video-preview":"max-video-preview:-1"},"canonical":"https:\/\/www.acomeambiente.org\/en\/blog\/2016\/03\/22\/better-water-better-jobs-la-giornata-mondiale-dellacqua\/","og_locale":"en_US","og_type":"article","og_title":"Giornata Mondiale dell\u2019Acqua, il MAcA ospita il Premio Punto Acqua Smat - En - MAcA - Museo A come Ambiente","og_url":"https:\/\/www.acomeambiente.org\/en\/blog\/2016\/03\/22\/better-water-better-jobs-la-giornata-mondiale-dellacqua\/","og_site_name":"En - MAcA - Museo A come Ambiente","article_published_time":"2016-03-22T07:03:30+00:00","article_modified_time":"2017-04-11T08:38:36+00:00","og_image":[{"width":505,"height":276,"url":"https:\/\/www.acomeambiente.org\/en\/wp-content\/uploads\/sites\/3\/2016\/03\/WWaterD2016EN01.jpg","type":"image\/jpeg"}],"author":"maca","twitter_card":"summary_large_image","twitter_misc":{"Written by":"maca","Est. reading time":"2 minutes"},"schema":{"@context":"https:\/\/schema.org","@graph":[{"@type":"Article","@id":"https:\/\/www.acomeambiente.org\/en\/blog\/2016\/03\/22\/better-water-better-jobs-la-giornata-mondiale-dellacqua\/#article","isPartOf":{"@id":"https:\/\/www.acomeambiente.org\/en\/blog\/2016\/03\/22\/better-water-better-jobs-la-giornata-mondiale-dellacqua\/"},"author":{"name":"maca","@id":"https:\/\/www.acomeambiente.org\/en\/#\/schema\/person\/abb5b373fd10c6152f3ba6effe4922a8"},"headline":"Giornata Mondiale dell\u2019Acqua, il MAcA ospita il Premio Punto Acqua Smat","datePublished":"2016-03-22T07:03:30+00:00","dateModified":"2017-04-11T08:38:36+00:00","mainEntityOfPage":{"@id":"https:\/\/www.acomeambiente.org\/en\/blog\/2016\/03\/22\/better-water-better-jobs-la-giornata-mondiale-dellacqua\/"},"wordCount":507,"image":{"@id":"https:\/\/www.acomeambiente.org\/en\/blog\/2016\/03\/22\/better-water-better-jobs-la-giornata-mondiale-dellacqua\/#primaryimage"},"thumbnailUrl":"https:\/\/www.acomeambiente.org\/en\/wp-content\/uploads\/sites\/3\/2016\/03\/WWaterD2016EN01.jpg","keywords":["22 marzo","accessibilit\u00e0 all'acqua","acqua","Giornata Mondiale dell'Acqua","MAcA","Museo A come Ambiente","Nazioni Unite","Padiglione Verde","Premio Punto Acqua Smat","Smat","Speciale Torino","World Water Day"],"articleSection":["News"],"inLanguage":"en-US"},{"@type":"WebPage","@id":"https:\/\/www.acomeambiente.org\/en\/blog\/2016\/03\/22\/better-water-better-jobs-la-giornata-mondiale-dellacqua\/","url":"https:\/\/www.acomeambiente.org\/en\/blog\/2016\/03\/22\/better-water-better-jobs-la-giornata-mondiale-dellacqua\/","name":"Giornata Mondiale dell\u2019Acqua, il MAcA ospita il Premio Punto Acqua Smat - En - MAcA - Museo A come Ambiente","isPartOf":{"@id":"https:\/\/www.acomeambiente.org\/en\/#website"},"primaryImageOfPage":{"@id":"https:\/\/www.acomeambiente.org\/en\/blog\/2016\/03\/22\/better-water-better-jobs-la-giornata-mondiale-dellacqua\/#primaryimage"},"image":{"@id":"https:\/\/www.acomeambiente.org\/en\/blog\/2016\/03\/22\/better-water-better-jobs-la-giornata-mondiale-dellacqua\/#primaryimage"},"thumbnailUrl":"https:\/\/www.acomeambiente.org\/en\/wp-content\/uploads\/sites\/3\/2016\/03\/WWaterD2016EN01.jpg","datePublished":"2016-03-22T07:03:30+00:00","dateModified":"2017-04-11T08:38:36+00:00","author":{"@id":"https:\/\/www.acomeambiente.org\/en\/#\/schema\/person\/abb5b373fd10c6152f3ba6effe4922a8"},"breadcrumb":{"@id":"https:\/\/www.acomeambiente.org\/en\/blog\/2016\/03\/22\/better-water-better-jobs-la-giornata-mondiale-dellacqua\/#breadcrumb"},"inLanguage":"en-US","potentialAction":[{"@type":"ReadAction","target":["https:\/\/www.acomeambiente.org\/en\/blog\/2016\/03\/22\/better-water-better-jobs-la-giornata-mondiale-dellacqua\/"]}]},{"@type":"ImageObject","inLanguage":"en-US","@id":"https:\/\/www.acomeambiente.org\/en\/blog\/2016\/03\/22\/better-water-better-jobs-la-giornata-mondiale-dellacqua\/#primaryimage","url":"https:\/\/www.acomeambiente.org\/en\/wp-content\/uploads\/sites\/3\/2016\/03\/WWaterD2016EN01.jpg","contentUrl":"https:\/\/www.acomeambiente.org\/en\/wp-content\/uploads\/sites\/3\/2016\/03\/WWaterD2016EN01.jpg","width":505,"height":276},{"@type":"BreadcrumbList","@id":"https:\/\/www.acomeambiente.org\/en\/blog\/2016\/03\/22\/better-water-better-jobs-la-giornata-mondiale-dellacqua\/#breadcrumb","itemListElement":[{"@type":"ListItem","position":1,"name":"Home","item":"https:\/\/www.acomeambiente.org\/en\/"},{"@type":"ListItem","position":2,"name":"Giornata Mondiale dell\u2019Acqua, il MAcA ospita il Premio Punto Acqua Smat"}]},{"@type":"WebSite","@id":"https:\/\/www.acomeambiente.org\/en\/#website","url":"https:\/\/www.acomeambiente.org\/en\/","name":"En - MAcA - Museo A come Ambiente","description":"Passa al MAcA, costruiamo insieme un mondo pi\u00f9 sostenibile","potentialAction":[{"@type":"SearchAction","target":{"@type":"EntryPoint","urlTemplate":"https:\/\/www.acomeambiente.org\/en\/?s={search_term_string}"},"query-input":{"@type":"PropertyValueSpecification","valueRequired":true,"valueName":"search_term_string"}}],"inLanguage":"en-US"},{"@type":"Person","@id":"https:\/\/www.acomeambiente.org\/en\/#\/schema\/person\/abb5b373fd10c6152f3ba6effe4922a8","name":"maca","image":{"@type":"ImageObject","inLanguage":"en-US","@id":"https:\/\/www.acomeambiente.org\/en\/#\/schema\/person\/image\/","url":"https:\/\/secure.gravatar.com\/avatar\/638ecfb6ae252284df22625e08c27812f9102da6030194ee85189eda9b903f6a?s=96&d=mm&r=g","contentUrl":"https:\/\/secure.gravatar.com\/avatar\/638ecfb6ae252284df22625e08c27812f9102da6030194ee85189eda9b903f6a?s=96&d=mm&r=g","caption":"maca"},"url":"https:\/\/www.acomeambiente.org\/en\/blog\/author\/maca\/"}]}},"_links":{"self":[{"href":"https:\/\/www.acomeambiente.org\/en\/wp-json\/wp\/v2\/posts\/2919","targetHints":{"allow":["GET"]}}],"collection":[{"href":"https:\/\/www.acomeambiente.org\/en\/wp-json\/wp\/v2\/posts"}],"about":[{"href":"https:\/\/www.acomeambiente.org\/en\/wp-json\/wp\/v2\/types\/post"}],"author":[{"embeddable":true,"href":"https:\/\/www.acomeambiente.org\/en\/wp-json\/wp\/v2\/users\/2"}],"replies":[{"embeddable":true,"href":"https:\/\/www.acomeambiente.org\/en\/wp-json\/wp\/v2\/comments?post=2919"}],"version-history":[{"count":6,"href":"https:\/\/www.acomeambiente.org\/en\/wp-json\/wp\/v2\/posts\/2919\/revisions"}],"predecessor-version":[{"id":4442,"href":"https:\/\/www.acomeambiente.org\/en\/wp-json\/wp\/v2\/posts\/2919\/revisions\/4442"}],"wp:featuredmedia":[{"embeddable":true,"href":"https:\/\/www.acomeambiente.org\/en\/wp-json\/wp\/v2\/media\/2920"}],"wp:attachment":[{"href":"https:\/\/www.acomeambiente.org\/en\/wp-json\/wp\/v2\/media?parent=2919"}],"wp:term":[{"taxonomy":"category","embeddable":true,"href":"https:\/\/www.acomeambiente.org\/en\/wp-json\/wp\/v2\/categories?post=2919"},{"taxonomy":"post_tag","embeddable":true,"href":"https:\/\/www.acomeambiente.org\/en\/wp-json\/wp\/v2\/tags?post=2919"}],"curies":[{"name":"wp","href":"https:\/\/api.w.org\/{rel}","templated":true}]}}