{"id":2722,"date":"2016-02-24T17:41:11","date_gmt":"2016-02-24T17:41:11","guid":{"rendered":"http:\/\/www.acomeambiente.org\/english\/?p=2722"},"modified":"2017-04-11T08:38:37","modified_gmt":"2017-04-11T08:38:37","slug":"treno-verde-2016-riparte-dalle-citta","status":"publish","type":"post","link":"https:\/\/www.acomeambiente.org\/en\/blog\/2016\/02\/24\/treno-verde-2016-riparte-dalle-citta\/","title":{"rendered":"Treno Verde 2016 riparte dalle citt\u00e0"},"content":{"rendered":"<h1 class=\"entry-title\" style=\"text-align: justify;\">Treno Verde 2016 riparte dalle citt\u00e0<\/h1>\n<p><a href=\"http:\/\/www.acomeambiente.org\/wp-content\/uploads\/sites\/3\/2016\/02\/tv2016cover-e1455721791445.jpg\"><img decoding=\"async\" class=\"size-full wp-image-2734 aligncenter\" src=\"http:\/\/www.acomeambiente.org\/wp-content\/uploads\/sites\/3\/2016\/02\/tv2016cover-e1455721791445.jpg\" alt=\"tv2016cover-e1455721791445\" width=\"443\" height=\"440\" srcset=\"https:\/\/www.acomeambiente.org\/en\/wp-content\/uploads\/sites\/3\/2016\/02\/tv2016cover-e1455721791445-66x66.jpg 66w, https:\/\/www.acomeambiente.org\/en\/wp-content\/uploads\/sites\/3\/2016\/02\/tv2016cover-e1455721791445-150x150.jpg 150w, https:\/\/www.acomeambiente.org\/en\/wp-content\/uploads\/sites\/3\/2016\/02\/tv2016cover-e1455721791445-300x298.jpg 300w, https:\/\/www.acomeambiente.org\/en\/wp-content\/uploads\/sites\/3\/2016\/02\/tv2016cover-e1455721791445.jpg 443w\" sizes=\"(max-width: 443px) 100vw, 443px\" \/><\/a><\/p>\n<p>\u00c8 tutto pronto per l\u2019edizione 2016 \u00a0di <a href=\"http:\/\/www.trenoverde.it\/\" target=\"_blank\"><strong>Treno Verde<\/strong><\/a>, la campagna di <strong><a href=\"http:\/\/www.legambiente.it\/\" target=\"_blank\">Legambiente<\/a><\/strong> e del <strong>Gruppo Ferrovie dello Stato Italiane<\/strong> che riparte anche quest\u2019anno con tantissime novit\u00e0 all\u2019insegna della mobilit\u00e0 sostenibile e della lotta allo smog.<\/p>\n<p>Presentata a Roma marted\u00ec 23 febbraio, l\u2019iniziativa si avvale della collaborazione del <strong>Ministero dell\u2019Ambiente e della Tutela del Territorio e del Mare<\/strong>. L\u2019obiettivo \u00e8 quello di promuovere la tutela ambientale\u00a0 e incoraggiare le citt\u00e0 a sostenere le buone pratiche anti-smog, puntando su <strong>smart cities<\/strong>, <strong>ecoquartieri<\/strong>, <strong>mobilit\u00e0 nuova<\/strong> e <strong>stili di vita<\/strong>.<\/p>\n<p>Dal <strong>26 febbraio al 9 aprile 2016<\/strong> il <em>Treno Verde<\/em> di Legambiente viagger\u00e0 per tutta l\u2019Italia per incontrare cittadini e studenti e riflettere insieme su un futuro diverso, in cui le nostre citt\u00e0 potranno affrancarsi dallo spettro dell\u2019inquinamento atmosferico e acustico.<\/p>\n<p>Da <strong>Novara<\/strong> a <strong>Cosenza<\/strong>, saranno undici le tappe del convoglio, a bordo del quale i visitatori potranno conoscere gli esempi virtuosi\u00a0 di quei comuni che hanno scelto di scommettere sulla rigenerazione urbana, sull\u2019efficienza energetica, sul verde urbano e sulla mobilit\u00e0 sostenibile.<\/p>\n<p>Ogni vagone del treno ospiter\u00e0 una mostra didattica e interattiva dedicata ad un tema particolare, seguendo il filo conduttore delle buone pratiche anti-smog: dal <strong>mondo<\/strong> ai <strong>condomini<\/strong>, passando per <strong>citt\u00e0<\/strong> e <strong>quartieri<\/strong>. Per gli studenti anche un percorso speciale sui mutamenti climatici.<\/p>\n<p>Durante il suo viaggio il <em>Treno Verde<\/em> provveder\u00e0 a rilevare lo stato dell\u2019aria in posizioni fisse e itineranti, attraverso il monitoraggio scientifico di rumore e inquinamento atmosferico. Nei primi cinquanta giorni dell\u2019anno, infatti, gi\u00e0 diverse citt\u00e0 italiane si avvicinano seriamente ai limiti consentiti per la presenza di polveri sottili.<\/p>\n<p>Se da un lato le aree urbane sono i luoghi in cui si registrano le maggiori emissioni, dall\u2019altro sono il punto di partenza per un cambiamento significativo e responsabile.<\/p>\n<p>Il <em>MAcA<\/em>, <strong><a href=\"http:\/\/www.trenoverde.it\/partner\" target=\"_blank\">partner didattico dell\u2019evento<\/a><\/strong>, sostiene con entusiasmo l\u2019iniziativa della campagna <em>Treno Verde<\/em>, che dal 1988 si batte attivamente nella lotta all\u2019inquinamento e ai cambiamenti climatici, con il merito di innalzare il grado di coinvolgimento dei cittadini italiani in una questione pi\u00f9 che mai urgente come quella della salubrit\u00e0 ambientale.<\/p>\n<p>&nbsp;<\/p>\n<p>&nbsp;<\/p>\n<p>&nbsp;<\/p>\n<p>&nbsp;<\/p>\n","protected":false},"excerpt":{"rendered":"<p>Treno Verde 2016 riparte dalle citt\u00e0 \u00c8 tutto pronto per l\u2019edizione 2016 \u00a0di Treno Verde, la campagna di Legambiente e del Gruppo Ferrovie dello Stato Italiane che riparte anche quest\u2019anno  [&#8230;]<\/p>\n","protected":false},"author":2,"featured_media":2734,"comment_status":"closed","ping_status":"open","sticky":false,"template":"","format":"standard","meta":{"footnotes":""},"categories":[61],"tags":[364,370,59,114,19,371,367,366,365,9,363,368,369,97,361,362],"class_list":["post-2722","post","type-post","status-publish","format-standard","has-post-thumbnail","hentry","category-news","tag-ecoquartieri","tag-ferrovie-dello-stato-italiane","tag-inquinamento","tag-legambiente","tag-maca","tag-ministero-dellambiente-e-della-tutela-del-territorio-e-del-mare","tag-mobilita","tag-mobilita-nuova","tag-mostra","tag-museo-a-come-ambiente","tag-smart-cities","tag-smog","tag-stili-di-vita","tag-trasporti","tag-treno-verde","tag-treno-verde-2016"],"yoast_head":"<!-- This site is optimized with the Yoast SEO plugin v26.9 - https:\/\/yoast.com\/product\/yoast-seo-wordpress\/ -->\n<title>Treno Verde 2016 riparte dalle citt\u00e0 - En - MAcA - Museo A come Ambiente<\/title>\n<meta name=\"robots\" content=\"index, follow, max-snippet:-1, max-image-preview:large, max-video-preview:-1\" \/>\n<link rel=\"canonical\" href=\"https:\/\/www.acomeambiente.org\/en\/blog\/2016\/02\/24\/treno-verde-2016-riparte-dalle-citta\/\" \/>\n<meta property=\"og:locale\" content=\"en_US\" \/>\n<meta property=\"og:type\" content=\"article\" \/>\n<meta property=\"og:title\" content=\"Treno Verde 2016 riparte dalle citt\u00e0 - En - MAcA - Museo A come Ambiente\" \/>\n<meta property=\"og:description\" content=\"Treno Verde 2016 riparte dalle citt\u00e0 \u00c8 tutto pronto per l\u2019edizione 2016 \u00a0di Treno Verde, la campagna di Legambiente e del Gruppo Ferrovie dello Stato Italiane che riparte anche quest\u2019anno [...]\" \/>\n<meta property=\"og:url\" content=\"https:\/\/www.acomeambiente.org\/en\/blog\/2016\/02\/24\/treno-verde-2016-riparte-dalle-citta\/\" \/>\n<meta property=\"og:site_name\" content=\"En - MAcA - Museo A come Ambiente\" \/>\n<meta property=\"article:published_time\" content=\"2016-02-24T17:41:11+00:00\" \/>\n<meta property=\"article:modified_time\" content=\"2017-04-11T08:38:37+00:00\" \/>\n<meta property=\"og:image\" content=\"https:\/\/www.acomeambiente.org\/en\/wp-content\/uploads\/sites\/3\/2016\/02\/tv2016cover-e1455721791445.jpg\" \/>\n\t<meta property=\"og:image:width\" content=\"443\" \/>\n\t<meta property=\"og:image:height\" content=\"440\" \/>\n\t<meta property=\"og:image:type\" content=\"image\/jpeg\" \/>\n<meta name=\"author\" content=\"maca\" \/>\n<meta name=\"twitter:card\" content=\"summary_large_image\" \/>\n<meta name=\"twitter:label1\" content=\"Written by\" \/>\n\t<meta name=\"twitter:data1\" content=\"maca\" \/>\n\t<meta name=\"twitter:label2\" content=\"Est. reading time\" \/>\n\t<meta name=\"twitter:data2\" content=\"2 minutes\" \/>\n<script type=\"application\/ld+json\" class=\"yoast-schema-graph\">{\"@context\":\"https:\/\/schema.org\",\"@graph\":[{\"@type\":\"Article\",\"@id\":\"https:\/\/www.acomeambiente.org\/en\/blog\/2016\/02\/24\/treno-verde-2016-riparte-dalle-citta\/#article\",\"isPartOf\":{\"@id\":\"https:\/\/www.acomeambiente.org\/en\/blog\/2016\/02\/24\/treno-verde-2016-riparte-dalle-citta\/\"},\"author\":{\"name\":\"maca\",\"@id\":\"https:\/\/www.acomeambiente.org\/en\/#\/schema\/person\/abb5b373fd10c6152f3ba6effe4922a8\"},\"headline\":\"Treno Verde 2016 riparte dalle citt\u00e0\",\"datePublished\":\"2016-02-24T17:41:11+00:00\",\"dateModified\":\"2017-04-11T08:38:37+00:00\",\"mainEntityOfPage\":{\"@id\":\"https:\/\/www.acomeambiente.org\/en\/blog\/2016\/02\/24\/treno-verde-2016-riparte-dalle-citta\/\"},\"wordCount\":360,\"image\":{\"@id\":\"https:\/\/www.acomeambiente.org\/en\/blog\/2016\/02\/24\/treno-verde-2016-riparte-dalle-citta\/#primaryimage\"},\"thumbnailUrl\":\"https:\/\/www.acomeambiente.org\/en\/wp-content\/uploads\/sites\/3\/2016\/02\/tv2016cover-e1455721791445.jpg\",\"keywords\":[\"ecoquartieri\",\"Ferrovie dello Stato Italiane\",\"inquinamento\",\"Legambiente\",\"MAcA\",\"Ministero dell\u2019Ambiente e della Tutela del Territorio e del Mare\",\"mobilit\u00e0\",\"mobilit\u00e0 nuova\",\"mostra\",\"Museo A come Ambiente\",\"smart cities\",\"smog\",\"stili di vita\",\"trasporti\",\"Treno Verde\",\"Treno Verde 2016\"],\"articleSection\":[\"News\"],\"inLanguage\":\"en-US\"},{\"@type\":\"WebPage\",\"@id\":\"https:\/\/www.acomeambiente.org\/en\/blog\/2016\/02\/24\/treno-verde-2016-riparte-dalle-citta\/\",\"url\":\"https:\/\/www.acomeambiente.org\/en\/blog\/2016\/02\/24\/treno-verde-2016-riparte-dalle-citta\/\",\"name\":\"Treno Verde 2016 riparte dalle citt\u00e0 - En - MAcA - Museo A come Ambiente\",\"isPartOf\":{\"@id\":\"https:\/\/www.acomeambiente.org\/en\/#website\"},\"primaryImageOfPage\":{\"@id\":\"https:\/\/www.acomeambiente.org\/en\/blog\/2016\/02\/24\/treno-verde-2016-riparte-dalle-citta\/#primaryimage\"},\"image\":{\"@id\":\"https:\/\/www.acomeambiente.org\/en\/blog\/2016\/02\/24\/treno-verde-2016-riparte-dalle-citta\/#primaryimage\"},\"thumbnailUrl\":\"https:\/\/www.acomeambiente.org\/en\/wp-content\/uploads\/sites\/3\/2016\/02\/tv2016cover-e1455721791445.jpg\",\"datePublished\":\"2016-02-24T17:41:11+00:00\",\"dateModified\":\"2017-04-11T08:38:37+00:00\",\"author\":{\"@id\":\"https:\/\/www.acomeambiente.org\/en\/#\/schema\/person\/abb5b373fd10c6152f3ba6effe4922a8\"},\"breadcrumb\":{\"@id\":\"https:\/\/www.acomeambiente.org\/en\/blog\/2016\/02\/24\/treno-verde-2016-riparte-dalle-citta\/#breadcrumb\"},\"inLanguage\":\"en-US\",\"potentialAction\":[{\"@type\":\"ReadAction\",\"target\":[\"https:\/\/www.acomeambiente.org\/en\/blog\/2016\/02\/24\/treno-verde-2016-riparte-dalle-citta\/\"]}]},{\"@type\":\"ImageObject\",\"inLanguage\":\"en-US\",\"@id\":\"https:\/\/www.acomeambiente.org\/en\/blog\/2016\/02\/24\/treno-verde-2016-riparte-dalle-citta\/#primaryimage\",\"url\":\"https:\/\/www.acomeambiente.org\/en\/wp-content\/uploads\/sites\/3\/2016\/02\/tv2016cover-e1455721791445.jpg\",\"contentUrl\":\"https:\/\/www.acomeambiente.org\/en\/wp-content\/uploads\/sites\/3\/2016\/02\/tv2016cover-e1455721791445.jpg\",\"width\":443,\"height\":440},{\"@type\":\"BreadcrumbList\",\"@id\":\"https:\/\/www.acomeambiente.org\/en\/blog\/2016\/02\/24\/treno-verde-2016-riparte-dalle-citta\/#breadcrumb\",\"itemListElement\":[{\"@type\":\"ListItem\",\"position\":1,\"name\":\"Home\",\"item\":\"https:\/\/www.acomeambiente.org\/en\/\"},{\"@type\":\"ListItem\",\"position\":2,\"name\":\"Treno Verde 2016 riparte dalle citt\u00e0\"}]},{\"@type\":\"WebSite\",\"@id\":\"https:\/\/www.acomeambiente.org\/en\/#website\",\"url\":\"https:\/\/www.acomeambiente.org\/en\/\",\"name\":\"En - MAcA - Museo A come Ambiente\",\"description\":\"Passa al MAcA, costruiamo insieme un mondo pi\u00f9 sostenibile\",\"potentialAction\":[{\"@type\":\"SearchAction\",\"target\":{\"@type\":\"EntryPoint\",\"urlTemplate\":\"https:\/\/www.acomeambiente.org\/en\/?s={search_term_string}\"},\"query-input\":{\"@type\":\"PropertyValueSpecification\",\"valueRequired\":true,\"valueName\":\"search_term_string\"}}],\"inLanguage\":\"en-US\"},{\"@type\":\"Person\",\"@id\":\"https:\/\/www.acomeambiente.org\/en\/#\/schema\/person\/abb5b373fd10c6152f3ba6effe4922a8\",\"name\":\"maca\",\"image\":{\"@type\":\"ImageObject\",\"inLanguage\":\"en-US\",\"@id\":\"https:\/\/www.acomeambiente.org\/en\/#\/schema\/person\/image\/\",\"url\":\"https:\/\/secure.gravatar.com\/avatar\/638ecfb6ae252284df22625e08c27812f9102da6030194ee85189eda9b903f6a?s=96&d=mm&r=g\",\"contentUrl\":\"https:\/\/secure.gravatar.com\/avatar\/638ecfb6ae252284df22625e08c27812f9102da6030194ee85189eda9b903f6a?s=96&d=mm&r=g\",\"caption\":\"maca\"},\"url\":\"https:\/\/www.acomeambiente.org\/en\/blog\/author\/maca\/\"}]}<\/script>\n<!-- \/ Yoast SEO plugin. -->","yoast_head_json":{"title":"Treno Verde 2016 riparte dalle citt\u00e0 - En - MAcA - Museo A come Ambiente","robots":{"index":"index","follow":"follow","max-snippet":"max-snippet:-1","max-image-preview":"max-image-preview:large","max-video-preview":"max-video-preview:-1"},"canonical":"https:\/\/www.acomeambiente.org\/en\/blog\/2016\/02\/24\/treno-verde-2016-riparte-dalle-citta\/","og_locale":"en_US","og_type":"article","og_title":"Treno Verde 2016 riparte dalle citt\u00e0 - En - MAcA - Museo A come Ambiente","og_description":"Treno Verde 2016 riparte dalle citt\u00e0 \u00c8 tutto pronto per l\u2019edizione 2016 \u00a0di Treno Verde, la campagna di Legambiente e del Gruppo Ferrovie dello Stato Italiane che riparte anche quest\u2019anno [...]","og_url":"https:\/\/www.acomeambiente.org\/en\/blog\/2016\/02\/24\/treno-verde-2016-riparte-dalle-citta\/","og_site_name":"En - MAcA - Museo A come Ambiente","article_published_time":"2016-02-24T17:41:11+00:00","article_modified_time":"2017-04-11T08:38:37+00:00","og_image":[{"width":443,"height":440,"url":"https:\/\/www.acomeambiente.org\/en\/wp-content\/uploads\/sites\/3\/2016\/02\/tv2016cover-e1455721791445.jpg","type":"image\/jpeg"}],"author":"maca","twitter_card":"summary_large_image","twitter_misc":{"Written by":"maca","Est. reading time":"2 minutes"},"schema":{"@context":"https:\/\/schema.org","@graph":[{"@type":"Article","@id":"https:\/\/www.acomeambiente.org\/en\/blog\/2016\/02\/24\/treno-verde-2016-riparte-dalle-citta\/#article","isPartOf":{"@id":"https:\/\/www.acomeambiente.org\/en\/blog\/2016\/02\/24\/treno-verde-2016-riparte-dalle-citta\/"},"author":{"name":"maca","@id":"https:\/\/www.acomeambiente.org\/en\/#\/schema\/person\/abb5b373fd10c6152f3ba6effe4922a8"},"headline":"Treno Verde 2016 riparte dalle citt\u00e0","datePublished":"2016-02-24T17:41:11+00:00","dateModified":"2017-04-11T08:38:37+00:00","mainEntityOfPage":{"@id":"https:\/\/www.acomeambiente.org\/en\/blog\/2016\/02\/24\/treno-verde-2016-riparte-dalle-citta\/"},"wordCount":360,"image":{"@id":"https:\/\/www.acomeambiente.org\/en\/blog\/2016\/02\/24\/treno-verde-2016-riparte-dalle-citta\/#primaryimage"},"thumbnailUrl":"https:\/\/www.acomeambiente.org\/en\/wp-content\/uploads\/sites\/3\/2016\/02\/tv2016cover-e1455721791445.jpg","keywords":["ecoquartieri","Ferrovie dello Stato Italiane","inquinamento","Legambiente","MAcA","Ministero dell\u2019Ambiente e della Tutela del Territorio e del Mare","mobilit\u00e0","mobilit\u00e0 nuova","mostra","Museo A come Ambiente","smart cities","smog","stili di vita","trasporti","Treno Verde","Treno Verde 2016"],"articleSection":["News"],"inLanguage":"en-US"},{"@type":"WebPage","@id":"https:\/\/www.acomeambiente.org\/en\/blog\/2016\/02\/24\/treno-verde-2016-riparte-dalle-citta\/","url":"https:\/\/www.acomeambiente.org\/en\/blog\/2016\/02\/24\/treno-verde-2016-riparte-dalle-citta\/","name":"Treno Verde 2016 riparte dalle citt\u00e0 - En - MAcA - Museo A come Ambiente","isPartOf":{"@id":"https:\/\/www.acomeambiente.org\/en\/#website"},"primaryImageOfPage":{"@id":"https:\/\/www.acomeambiente.org\/en\/blog\/2016\/02\/24\/treno-verde-2016-riparte-dalle-citta\/#primaryimage"},"image":{"@id":"https:\/\/www.acomeambiente.org\/en\/blog\/2016\/02\/24\/treno-verde-2016-riparte-dalle-citta\/#primaryimage"},"thumbnailUrl":"https:\/\/www.acomeambiente.org\/en\/wp-content\/uploads\/sites\/3\/2016\/02\/tv2016cover-e1455721791445.jpg","datePublished":"2016-02-24T17:41:11+00:00","dateModified":"2017-04-11T08:38:37+00:00","author":{"@id":"https:\/\/www.acomeambiente.org\/en\/#\/schema\/person\/abb5b373fd10c6152f3ba6effe4922a8"},"breadcrumb":{"@id":"https:\/\/www.acomeambiente.org\/en\/blog\/2016\/02\/24\/treno-verde-2016-riparte-dalle-citta\/#breadcrumb"},"inLanguage":"en-US","potentialAction":[{"@type":"ReadAction","target":["https:\/\/www.acomeambiente.org\/en\/blog\/2016\/02\/24\/treno-verde-2016-riparte-dalle-citta\/"]}]},{"@type":"ImageObject","inLanguage":"en-US","@id":"https:\/\/www.acomeambiente.org\/en\/blog\/2016\/02\/24\/treno-verde-2016-riparte-dalle-citta\/#primaryimage","url":"https:\/\/www.acomeambiente.org\/en\/wp-content\/uploads\/sites\/3\/2016\/02\/tv2016cover-e1455721791445.jpg","contentUrl":"https:\/\/www.acomeambiente.org\/en\/wp-content\/uploads\/sites\/3\/2016\/02\/tv2016cover-e1455721791445.jpg","width":443,"height":440},{"@type":"BreadcrumbList","@id":"https:\/\/www.acomeambiente.org\/en\/blog\/2016\/02\/24\/treno-verde-2016-riparte-dalle-citta\/#breadcrumb","itemListElement":[{"@type":"ListItem","position":1,"name":"Home","item":"https:\/\/www.acomeambiente.org\/en\/"},{"@type":"ListItem","position":2,"name":"Treno Verde 2016 riparte dalle citt\u00e0"}]},{"@type":"WebSite","@id":"https:\/\/www.acomeambiente.org\/en\/#website","url":"https:\/\/www.acomeambiente.org\/en\/","name":"En - MAcA - Museo A come Ambiente","description":"Passa al MAcA, costruiamo insieme un mondo pi\u00f9 sostenibile","potentialAction":[{"@type":"SearchAction","target":{"@type":"EntryPoint","urlTemplate":"https:\/\/www.acomeambiente.org\/en\/?s={search_term_string}"},"query-input":{"@type":"PropertyValueSpecification","valueRequired":true,"valueName":"search_term_string"}}],"inLanguage":"en-US"},{"@type":"Person","@id":"https:\/\/www.acomeambiente.org\/en\/#\/schema\/person\/abb5b373fd10c6152f3ba6effe4922a8","name":"maca","image":{"@type":"ImageObject","inLanguage":"en-US","@id":"https:\/\/www.acomeambiente.org\/en\/#\/schema\/person\/image\/","url":"https:\/\/secure.gravatar.com\/avatar\/638ecfb6ae252284df22625e08c27812f9102da6030194ee85189eda9b903f6a?s=96&d=mm&r=g","contentUrl":"https:\/\/secure.gravatar.com\/avatar\/638ecfb6ae252284df22625e08c27812f9102da6030194ee85189eda9b903f6a?s=96&d=mm&r=g","caption":"maca"},"url":"https:\/\/www.acomeambiente.org\/en\/blog\/author\/maca\/"}]}},"_links":{"self":[{"href":"https:\/\/www.acomeambiente.org\/en\/wp-json\/wp\/v2\/posts\/2722","targetHints":{"allow":["GET"]}}],"collection":[{"href":"https:\/\/www.acomeambiente.org\/en\/wp-json\/wp\/v2\/posts"}],"about":[{"href":"https:\/\/www.acomeambiente.org\/en\/wp-json\/wp\/v2\/types\/post"}],"author":[{"embeddable":true,"href":"https:\/\/www.acomeambiente.org\/en\/wp-json\/wp\/v2\/users\/2"}],"replies":[{"embeddable":true,"href":"https:\/\/www.acomeambiente.org\/en\/wp-json\/wp\/v2\/comments?post=2722"}],"version-history":[{"count":4,"href":"https:\/\/www.acomeambiente.org\/en\/wp-json\/wp\/v2\/posts\/2722\/revisions"}],"predecessor-version":[{"id":2751,"href":"https:\/\/www.acomeambiente.org\/en\/wp-json\/wp\/v2\/posts\/2722\/revisions\/2751"}],"wp:featuredmedia":[{"embeddable":true,"href":"https:\/\/www.acomeambiente.org\/en\/wp-json\/wp\/v2\/media\/2734"}],"wp:attachment":[{"href":"https:\/\/www.acomeambiente.org\/en\/wp-json\/wp\/v2\/media?parent=2722"}],"wp:term":[{"taxonomy":"category","embeddable":true,"href":"https:\/\/www.acomeambiente.org\/en\/wp-json\/wp\/v2\/categories?post=2722"},{"taxonomy":"post_tag","embeddable":true,"href":"https:\/\/www.acomeambiente.org\/en\/wp-json\/wp\/v2\/tags?post=2722"}],"curies":[{"name":"wp","href":"https:\/\/api.w.org\/{rel}","templated":true}]}}