{"id":2579,"date":"2016-02-05T07:06:17","date_gmt":"2016-02-05T07:06:17","guid":{"rendered":"http:\/\/www.acomeambiente.org\/english\/?p=2579"},"modified":"2017-04-11T08:38:39","modified_gmt":"2017-04-11T08:38:39","slug":"torna-la-giornata-nazionale-di-prevenzione-dello-spreco-alimentare","status":"publish","type":"post","link":"https:\/\/www.acomeambiente.org\/en\/blog\/2016\/02\/05\/torna-la-giornata-nazionale-di-prevenzione-dello-spreco-alimentare\/","title":{"rendered":"Torna la Giornata Nazionale di Prevenzione dello Spreco Alimentare"},"content":{"rendered":"<h1 class=\"entry-title\" style=\"text-align: justify;\">Torna la Giornata Nazionale di Prevenzione dello Spreco Alimentare<\/h1>\n<p><a href=\"http:\/\/www.acomeambiente.org\/wp-content\/uploads\/sites\/3\/2016\/02\/cibo_sprecato_7155.jpg\"><img decoding=\"async\" class=\"alignnone wp-image-2580\" src=\"http:\/\/www.acomeambiente.org\/wp-content\/uploads\/sites\/3\/2016\/02\/cibo_sprecato_7155.jpg\" alt=\"cibo_sprecato_7155\" width=\"571\" height=\"321\" srcset=\"https:\/\/www.acomeambiente.org\/en\/wp-content\/uploads\/sites\/3\/2016\/02\/cibo_sprecato_7155-300x169.jpg 300w, https:\/\/www.acomeambiente.org\/en\/wp-content\/uploads\/sites\/3\/2016\/02\/cibo_sprecato_7155.jpg 599w\" sizes=\"(max-width: 571px) 100vw, 571px\" \/><\/a><\/p>\n<p>Nel mondo ci sono miliardi di persone che non riescono ad accedere alle risorse alimentari e destinate a soccombere allo spettro della fame. Eppure c\u2019\u00e8 un\u2019altra parte del mondo che continua a sprecare cibo senza problemi.<\/p>\n<p>La <strong>Terza Giornata Nazionale di Prevenzione dello Spreco Alimentare<\/strong>, in programma il <strong>5 febbraio 2016<\/strong>, ci ricorda che ogni giorno ognuno di noi pu\u00f2 fare la propria parte, non solo per recuperare il cibo, ma per prevenire il fenomeno dello spreco sin dalla fonte.<\/p>\n<p>Tale spreco tocca infatti tutte le filiere del consumo alimentare. La sovrabbondanza della disponibilit\u00e0 di cibo, che riguarda la minoranza della popolazione mondiale, ha portato alla creazione di cattive abitudini nella produzione, nell\u2019acquisto, nella conservazione e nel consumo delle risorse.<\/p>\n<p>La diretta conseguenza \u00e8 una percentuale di spreco enorme e paradossale, visto il tragico aumento della sottonutrizione. Circa un terzo della produzione mondiale di cibo viene sprecata, e nell\u201980% dei casi si tratta di alimenti ancora consumabili. Una quantit\u00e0 sufficiente a sfamare circa due miliardi di persone nel mondo.<\/p>\n<p>A partire dal 2014 il <strong>Pinpas<\/strong>, <em>Piano Nazionale di Prevenzione dello Spreco Alimentare<\/em>, ha voluto istituire questa importante giornata e dedicarla alla sensibilizzazione dei cittadini e della nostra societ\u00e0. A venire a galla \u00e8 un problema concreto e quotidiano spesso ignorato con troppa leggerezza, ma che con altrettanta facilit\u00e0 potrebbe essere combattuto.<\/p>\n<p>Anche quest\u2019anno, in tutta Italia, saranno tante le iniziative per coinvolgere e informare i cittadini per un rapporto pi\u00f9 attento con il cibo, in tutte le fasi del suo ciclo vitale ed economico. Incontri, presentazioni e conferenze per discutere insieme sulle buone pratiche da mettere in atto, come singoli e come societ\u00e0.<\/p>\n<p>Sprecare cibo significa gettare via energia e sostentamento, privando il prossimo della possibilit\u00e0 di nutrirsi. Chi spreca le risorse alimentari produce di conseguenza un costo. Basterebbero dei semplici accorgimenti nelle proprie abitudini per fare la differenza.<\/p>\n","protected":false},"excerpt":{"rendered":"<p>Torna la Giornata Nazionale di Prevenzione dello Spreco Alimentare Nel mondo ci sono miliardi di persone che non riescono ad accedere alle risorse alimentari e destinate a soccombere allo spettro  [&#8230;]<\/p>\n","protected":false},"author":2,"featured_media":2580,"comment_status":"closed","ping_status":"open","sticky":false,"template":"","format":"standard","meta":{"footnotes":""},"categories":[61],"tags":[43,333,332,336,335,334],"class_list":["post-2579","post","type-post","status-publish","format-standard","has-post-thumbnail","hentry","category-news","tag-alimentazione","tag-cibo","tag-giornata-nazionale-di-prevenzione-dello-spreco-alimentare","tag-pinpas","tag-sprechi","tag-spreco-di-cibo"],"yoast_head":"<!-- This site is optimized with the Yoast SEO plugin v26.9 - https:\/\/yoast.com\/product\/yoast-seo-wordpress\/ -->\n<title>Torna la Giornata Nazionale di Prevenzione dello Spreco Alimentare - En - MAcA - Museo A come Ambiente<\/title>\n<meta name=\"robots\" content=\"index, follow, max-snippet:-1, max-image-preview:large, max-video-preview:-1\" \/>\n<link rel=\"canonical\" href=\"https:\/\/www.acomeambiente.org\/en\/blog\/2016\/02\/05\/torna-la-giornata-nazionale-di-prevenzione-dello-spreco-alimentare\/\" \/>\n<meta property=\"og:locale\" content=\"en_US\" \/>\n<meta property=\"og:type\" content=\"article\" \/>\n<meta property=\"og:title\" content=\"Torna la Giornata Nazionale di Prevenzione dello Spreco Alimentare - En - MAcA - Museo A come Ambiente\" \/>\n<meta property=\"og:description\" content=\"Torna la Giornata Nazionale di Prevenzione dello Spreco Alimentare Nel mondo ci sono miliardi di persone che non riescono ad accedere alle risorse alimentari e destinate a soccombere allo spettro [...]\" \/>\n<meta property=\"og:url\" content=\"https:\/\/www.acomeambiente.org\/en\/blog\/2016\/02\/05\/torna-la-giornata-nazionale-di-prevenzione-dello-spreco-alimentare\/\" \/>\n<meta property=\"og:site_name\" content=\"En - MAcA - Museo A come Ambiente\" \/>\n<meta property=\"article:published_time\" content=\"2016-02-05T07:06:17+00:00\" \/>\n<meta property=\"article:modified_time\" content=\"2017-04-11T08:38:39+00:00\" \/>\n<meta property=\"og:image\" content=\"https:\/\/www.acomeambiente.org\/en\/wp-content\/uploads\/sites\/3\/2016\/02\/cibo_sprecato_7155.jpg\" \/>\n\t<meta property=\"og:image:width\" content=\"599\" \/>\n\t<meta property=\"og:image:height\" content=\"337\" \/>\n\t<meta property=\"og:image:type\" content=\"image\/jpeg\" \/>\n<meta name=\"author\" content=\"maca\" \/>\n<meta name=\"twitter:card\" content=\"summary_large_image\" \/>\n<meta name=\"twitter:label1\" content=\"Written by\" \/>\n\t<meta name=\"twitter:data1\" content=\"maca\" \/>\n\t<meta name=\"twitter:label2\" content=\"Est. reading time\" \/>\n\t<meta name=\"twitter:data2\" content=\"2 minutes\" \/>\n<script type=\"application\/ld+json\" class=\"yoast-schema-graph\">{\"@context\":\"https:\/\/schema.org\",\"@graph\":[{\"@type\":\"Article\",\"@id\":\"https:\/\/www.acomeambiente.org\/en\/blog\/2016\/02\/05\/torna-la-giornata-nazionale-di-prevenzione-dello-spreco-alimentare\/#article\",\"isPartOf\":{\"@id\":\"https:\/\/www.acomeambiente.org\/en\/blog\/2016\/02\/05\/torna-la-giornata-nazionale-di-prevenzione-dello-spreco-alimentare\/\"},\"author\":{\"name\":\"maca\",\"@id\":\"https:\/\/www.acomeambiente.org\/en\/#\/schema\/person\/abb5b373fd10c6152f3ba6effe4922a8\"},\"headline\":\"Torna la Giornata Nazionale di Prevenzione dello Spreco Alimentare\",\"datePublished\":\"2016-02-05T07:06:17+00:00\",\"dateModified\":\"2017-04-11T08:38:39+00:00\",\"mainEntityOfPage\":{\"@id\":\"https:\/\/www.acomeambiente.org\/en\/blog\/2016\/02\/05\/torna-la-giornata-nazionale-di-prevenzione-dello-spreco-alimentare\/\"},\"wordCount\":325,\"image\":{\"@id\":\"https:\/\/www.acomeambiente.org\/en\/blog\/2016\/02\/05\/torna-la-giornata-nazionale-di-prevenzione-dello-spreco-alimentare\/#primaryimage\"},\"thumbnailUrl\":\"https:\/\/www.acomeambiente.org\/en\/wp-content\/uploads\/sites\/3\/2016\/02\/cibo_sprecato_7155.jpg\",\"keywords\":[\"alimentazione\",\"cibo\",\"Giornata Nazionale di Prevenzione dello Spreco Alimentare\",\"Pinpas\",\"sprechi\",\"spreco di cibo\"],\"articleSection\":[\"News\"],\"inLanguage\":\"en-US\"},{\"@type\":\"WebPage\",\"@id\":\"https:\/\/www.acomeambiente.org\/en\/blog\/2016\/02\/05\/torna-la-giornata-nazionale-di-prevenzione-dello-spreco-alimentare\/\",\"url\":\"https:\/\/www.acomeambiente.org\/en\/blog\/2016\/02\/05\/torna-la-giornata-nazionale-di-prevenzione-dello-spreco-alimentare\/\",\"name\":\"Torna la Giornata Nazionale di Prevenzione dello Spreco Alimentare - En - MAcA - Museo A come Ambiente\",\"isPartOf\":{\"@id\":\"https:\/\/www.acomeambiente.org\/en\/#website\"},\"primaryImageOfPage\":{\"@id\":\"https:\/\/www.acomeambiente.org\/en\/blog\/2016\/02\/05\/torna-la-giornata-nazionale-di-prevenzione-dello-spreco-alimentare\/#primaryimage\"},\"image\":{\"@id\":\"https:\/\/www.acomeambiente.org\/en\/blog\/2016\/02\/05\/torna-la-giornata-nazionale-di-prevenzione-dello-spreco-alimentare\/#primaryimage\"},\"thumbnailUrl\":\"https:\/\/www.acomeambiente.org\/en\/wp-content\/uploads\/sites\/3\/2016\/02\/cibo_sprecato_7155.jpg\",\"datePublished\":\"2016-02-05T07:06:17+00:00\",\"dateModified\":\"2017-04-11T08:38:39+00:00\",\"author\":{\"@id\":\"https:\/\/www.acomeambiente.org\/en\/#\/schema\/person\/abb5b373fd10c6152f3ba6effe4922a8\"},\"breadcrumb\":{\"@id\":\"https:\/\/www.acomeambiente.org\/en\/blog\/2016\/02\/05\/torna-la-giornata-nazionale-di-prevenzione-dello-spreco-alimentare\/#breadcrumb\"},\"inLanguage\":\"en-US\",\"potentialAction\":[{\"@type\":\"ReadAction\",\"target\":[\"https:\/\/www.acomeambiente.org\/en\/blog\/2016\/02\/05\/torna-la-giornata-nazionale-di-prevenzione-dello-spreco-alimentare\/\"]}]},{\"@type\":\"ImageObject\",\"inLanguage\":\"en-US\",\"@id\":\"https:\/\/www.acomeambiente.org\/en\/blog\/2016\/02\/05\/torna-la-giornata-nazionale-di-prevenzione-dello-spreco-alimentare\/#primaryimage\",\"url\":\"https:\/\/www.acomeambiente.org\/en\/wp-content\/uploads\/sites\/3\/2016\/02\/cibo_sprecato_7155.jpg\",\"contentUrl\":\"https:\/\/www.acomeambiente.org\/en\/wp-content\/uploads\/sites\/3\/2016\/02\/cibo_sprecato_7155.jpg\",\"width\":599,\"height\":337},{\"@type\":\"BreadcrumbList\",\"@id\":\"https:\/\/www.acomeambiente.org\/en\/blog\/2016\/02\/05\/torna-la-giornata-nazionale-di-prevenzione-dello-spreco-alimentare\/#breadcrumb\",\"itemListElement\":[{\"@type\":\"ListItem\",\"position\":1,\"name\":\"Home\",\"item\":\"https:\/\/www.acomeambiente.org\/en\/\"},{\"@type\":\"ListItem\",\"position\":2,\"name\":\"Torna la Giornata Nazionale di Prevenzione dello Spreco Alimentare\"}]},{\"@type\":\"WebSite\",\"@id\":\"https:\/\/www.acomeambiente.org\/en\/#website\",\"url\":\"https:\/\/www.acomeambiente.org\/en\/\",\"name\":\"En - MAcA - Museo A come Ambiente\",\"description\":\"Passa al MAcA, costruiamo insieme un mondo pi\u00f9 sostenibile\",\"potentialAction\":[{\"@type\":\"SearchAction\",\"target\":{\"@type\":\"EntryPoint\",\"urlTemplate\":\"https:\/\/www.acomeambiente.org\/en\/?s={search_term_string}\"},\"query-input\":{\"@type\":\"PropertyValueSpecification\",\"valueRequired\":true,\"valueName\":\"search_term_string\"}}],\"inLanguage\":\"en-US\"},{\"@type\":\"Person\",\"@id\":\"https:\/\/www.acomeambiente.org\/en\/#\/schema\/person\/abb5b373fd10c6152f3ba6effe4922a8\",\"name\":\"maca\",\"image\":{\"@type\":\"ImageObject\",\"inLanguage\":\"en-US\",\"@id\":\"https:\/\/www.acomeambiente.org\/en\/#\/schema\/person\/image\/\",\"url\":\"https:\/\/secure.gravatar.com\/avatar\/638ecfb6ae252284df22625e08c27812f9102da6030194ee85189eda9b903f6a?s=96&d=mm&r=g\",\"contentUrl\":\"https:\/\/secure.gravatar.com\/avatar\/638ecfb6ae252284df22625e08c27812f9102da6030194ee85189eda9b903f6a?s=96&d=mm&r=g\",\"caption\":\"maca\"},\"url\":\"https:\/\/www.acomeambiente.org\/en\/blog\/author\/maca\/\"}]}<\/script>\n<!-- \/ Yoast SEO plugin. -->","yoast_head_json":{"title":"Torna la Giornata Nazionale di Prevenzione dello Spreco Alimentare - En - MAcA - Museo A come Ambiente","robots":{"index":"index","follow":"follow","max-snippet":"max-snippet:-1","max-image-preview":"max-image-preview:large","max-video-preview":"max-video-preview:-1"},"canonical":"https:\/\/www.acomeambiente.org\/en\/blog\/2016\/02\/05\/torna-la-giornata-nazionale-di-prevenzione-dello-spreco-alimentare\/","og_locale":"en_US","og_type":"article","og_title":"Torna la Giornata Nazionale di Prevenzione dello Spreco Alimentare - En - MAcA - Museo A come Ambiente","og_description":"Torna la Giornata Nazionale di Prevenzione dello Spreco Alimentare Nel mondo ci sono miliardi di persone che non riescono ad accedere alle risorse alimentari e destinate a soccombere allo spettro [...]","og_url":"https:\/\/www.acomeambiente.org\/en\/blog\/2016\/02\/05\/torna-la-giornata-nazionale-di-prevenzione-dello-spreco-alimentare\/","og_site_name":"En - MAcA - Museo A come Ambiente","article_published_time":"2016-02-05T07:06:17+00:00","article_modified_time":"2017-04-11T08:38:39+00:00","og_image":[{"width":599,"height":337,"url":"https:\/\/www.acomeambiente.org\/en\/wp-content\/uploads\/sites\/3\/2016\/02\/cibo_sprecato_7155.jpg","type":"image\/jpeg"}],"author":"maca","twitter_card":"summary_large_image","twitter_misc":{"Written by":"maca","Est. reading time":"2 minutes"},"schema":{"@context":"https:\/\/schema.org","@graph":[{"@type":"Article","@id":"https:\/\/www.acomeambiente.org\/en\/blog\/2016\/02\/05\/torna-la-giornata-nazionale-di-prevenzione-dello-spreco-alimentare\/#article","isPartOf":{"@id":"https:\/\/www.acomeambiente.org\/en\/blog\/2016\/02\/05\/torna-la-giornata-nazionale-di-prevenzione-dello-spreco-alimentare\/"},"author":{"name":"maca","@id":"https:\/\/www.acomeambiente.org\/en\/#\/schema\/person\/abb5b373fd10c6152f3ba6effe4922a8"},"headline":"Torna la Giornata Nazionale di Prevenzione dello Spreco Alimentare","datePublished":"2016-02-05T07:06:17+00:00","dateModified":"2017-04-11T08:38:39+00:00","mainEntityOfPage":{"@id":"https:\/\/www.acomeambiente.org\/en\/blog\/2016\/02\/05\/torna-la-giornata-nazionale-di-prevenzione-dello-spreco-alimentare\/"},"wordCount":325,"image":{"@id":"https:\/\/www.acomeambiente.org\/en\/blog\/2016\/02\/05\/torna-la-giornata-nazionale-di-prevenzione-dello-spreco-alimentare\/#primaryimage"},"thumbnailUrl":"https:\/\/www.acomeambiente.org\/en\/wp-content\/uploads\/sites\/3\/2016\/02\/cibo_sprecato_7155.jpg","keywords":["alimentazione","cibo","Giornata Nazionale di Prevenzione dello Spreco Alimentare","Pinpas","sprechi","spreco di cibo"],"articleSection":["News"],"inLanguage":"en-US"},{"@type":"WebPage","@id":"https:\/\/www.acomeambiente.org\/en\/blog\/2016\/02\/05\/torna-la-giornata-nazionale-di-prevenzione-dello-spreco-alimentare\/","url":"https:\/\/www.acomeambiente.org\/en\/blog\/2016\/02\/05\/torna-la-giornata-nazionale-di-prevenzione-dello-spreco-alimentare\/","name":"Torna la Giornata Nazionale di Prevenzione dello Spreco Alimentare - En - MAcA - Museo A come Ambiente","isPartOf":{"@id":"https:\/\/www.acomeambiente.org\/en\/#website"},"primaryImageOfPage":{"@id":"https:\/\/www.acomeambiente.org\/en\/blog\/2016\/02\/05\/torna-la-giornata-nazionale-di-prevenzione-dello-spreco-alimentare\/#primaryimage"},"image":{"@id":"https:\/\/www.acomeambiente.org\/en\/blog\/2016\/02\/05\/torna-la-giornata-nazionale-di-prevenzione-dello-spreco-alimentare\/#primaryimage"},"thumbnailUrl":"https:\/\/www.acomeambiente.org\/en\/wp-content\/uploads\/sites\/3\/2016\/02\/cibo_sprecato_7155.jpg","datePublished":"2016-02-05T07:06:17+00:00","dateModified":"2017-04-11T08:38:39+00:00","author":{"@id":"https:\/\/www.acomeambiente.org\/en\/#\/schema\/person\/abb5b373fd10c6152f3ba6effe4922a8"},"breadcrumb":{"@id":"https:\/\/www.acomeambiente.org\/en\/blog\/2016\/02\/05\/torna-la-giornata-nazionale-di-prevenzione-dello-spreco-alimentare\/#breadcrumb"},"inLanguage":"en-US","potentialAction":[{"@type":"ReadAction","target":["https:\/\/www.acomeambiente.org\/en\/blog\/2016\/02\/05\/torna-la-giornata-nazionale-di-prevenzione-dello-spreco-alimentare\/"]}]},{"@type":"ImageObject","inLanguage":"en-US","@id":"https:\/\/www.acomeambiente.org\/en\/blog\/2016\/02\/05\/torna-la-giornata-nazionale-di-prevenzione-dello-spreco-alimentare\/#primaryimage","url":"https:\/\/www.acomeambiente.org\/en\/wp-content\/uploads\/sites\/3\/2016\/02\/cibo_sprecato_7155.jpg","contentUrl":"https:\/\/www.acomeambiente.org\/en\/wp-content\/uploads\/sites\/3\/2016\/02\/cibo_sprecato_7155.jpg","width":599,"height":337},{"@type":"BreadcrumbList","@id":"https:\/\/www.acomeambiente.org\/en\/blog\/2016\/02\/05\/torna-la-giornata-nazionale-di-prevenzione-dello-spreco-alimentare\/#breadcrumb","itemListElement":[{"@type":"ListItem","position":1,"name":"Home","item":"https:\/\/www.acomeambiente.org\/en\/"},{"@type":"ListItem","position":2,"name":"Torna la Giornata Nazionale di Prevenzione dello Spreco Alimentare"}]},{"@type":"WebSite","@id":"https:\/\/www.acomeambiente.org\/en\/#website","url":"https:\/\/www.acomeambiente.org\/en\/","name":"En - MAcA - Museo A come Ambiente","description":"Passa al MAcA, costruiamo insieme un mondo pi\u00f9 sostenibile","potentialAction":[{"@type":"SearchAction","target":{"@type":"EntryPoint","urlTemplate":"https:\/\/www.acomeambiente.org\/en\/?s={search_term_string}"},"query-input":{"@type":"PropertyValueSpecification","valueRequired":true,"valueName":"search_term_string"}}],"inLanguage":"en-US"},{"@type":"Person","@id":"https:\/\/www.acomeambiente.org\/en\/#\/schema\/person\/abb5b373fd10c6152f3ba6effe4922a8","name":"maca","image":{"@type":"ImageObject","inLanguage":"en-US","@id":"https:\/\/www.acomeambiente.org\/en\/#\/schema\/person\/image\/","url":"https:\/\/secure.gravatar.com\/avatar\/638ecfb6ae252284df22625e08c27812f9102da6030194ee85189eda9b903f6a?s=96&d=mm&r=g","contentUrl":"https:\/\/secure.gravatar.com\/avatar\/638ecfb6ae252284df22625e08c27812f9102da6030194ee85189eda9b903f6a?s=96&d=mm&r=g","caption":"maca"},"url":"https:\/\/www.acomeambiente.org\/en\/blog\/author\/maca\/"}]}},"_links":{"self":[{"href":"https:\/\/www.acomeambiente.org\/en\/wp-json\/wp\/v2\/posts\/2579","targetHints":{"allow":["GET"]}}],"collection":[{"href":"https:\/\/www.acomeambiente.org\/en\/wp-json\/wp\/v2\/posts"}],"about":[{"href":"https:\/\/www.acomeambiente.org\/en\/wp-json\/wp\/v2\/types\/post"}],"author":[{"embeddable":true,"href":"https:\/\/www.acomeambiente.org\/en\/wp-json\/wp\/v2\/users\/2"}],"replies":[{"embeddable":true,"href":"https:\/\/www.acomeambiente.org\/en\/wp-json\/wp\/v2\/comments?post=2579"}],"version-history":[{"count":1,"href":"https:\/\/www.acomeambiente.org\/en\/wp-json\/wp\/v2\/posts\/2579\/revisions"}],"predecessor-version":[{"id":2581,"href":"https:\/\/www.acomeambiente.org\/en\/wp-json\/wp\/v2\/posts\/2579\/revisions\/2581"}],"wp:featuredmedia":[{"embeddable":true,"href":"https:\/\/www.acomeambiente.org\/en\/wp-json\/wp\/v2\/media\/2580"}],"wp:attachment":[{"href":"https:\/\/www.acomeambiente.org\/en\/wp-json\/wp\/v2\/media?parent=2579"}],"wp:term":[{"taxonomy":"category","embeddable":true,"href":"https:\/\/www.acomeambiente.org\/en\/wp-json\/wp\/v2\/categories?post=2579"},{"taxonomy":"post_tag","embeddable":true,"href":"https:\/\/www.acomeambiente.org\/en\/wp-json\/wp\/v2\/tags?post=2579"}],"curies":[{"name":"wp","href":"https:\/\/api.w.org\/{rel}","templated":true}]}}