{"id":1881,"date":"2015-10-16T06:08:57","date_gmt":"2015-10-16T06:08:57","guid":{"rendered":"http:\/\/www.acomeambiente.org\/english\/?p=1881"},"modified":"2017-04-11T08:38:42","modified_gmt":"2017-04-11T08:38:42","slug":"italia-protagonista-nella-giornata-mondiale-dellalimentazione","status":"publish","type":"post","link":"https:\/\/www.acomeambiente.org\/en\/blog\/2015\/10\/16\/italia-protagonista-nella-giornata-mondiale-dellalimentazione\/","title":{"rendered":"Italia protagonista nella Giornata Mondiale dell\u2019Alimentazione"},"content":{"rendered":"<h1 class=\"entry-title\" style=\"text-align: justify;\">Italia protagonista nella Giornata Mondiale dell\u2019Alimentazione<\/h1>\n<p><a href=\"http:\/\/www.acomeambiente.org\/wp-content\/uploads\/sites\/3\/2015\/10\/CQFcpXxWEAEmPMF.jpg\"><img decoding=\"async\" class=\"alignnone wp-image-1885\" src=\"http:\/\/www.acomeambiente.org\/wp-content\/uploads\/sites\/3\/2015\/10\/CQFcpXxWEAEmPMF.jpg\" alt=\"CQFcpXxWEAEmPMF\" width=\"659\" height=\"274\" srcset=\"https:\/\/www.acomeambiente.org\/en\/wp-content\/uploads\/sites\/3\/2015\/10\/CQFcpXxWEAEmPMF-300x125.jpg 300w, https:\/\/www.acomeambiente.org\/en\/wp-content\/uploads\/sites\/3\/2015\/10\/CQFcpXxWEAEmPMF.jpg 599w\" sizes=\"(max-width: 659px) 100vw, 659px\" \/><\/a><\/p>\n<p>Un appuntamento importante per continuare la lotta alla fame e impegnarsi per eliminare la povert\u00e0 e favorire lo sviluppo di chi \u00e8 meno fortunato. Oggi, <strong>16 ottobre<\/strong>, ricorre la <strong><a href=\"http:\/\/www.fao.org\/world-food-day\/home\/it\/\">Giornata Mondiale dell\u2019Alimentazione<\/a><\/strong>. Una giornata voluta dall<em>\u2019Organizzazione delle Nazioni Unite per l\u2019Alimentazione e l\u2019Agricoltura<\/em> sin dal 1981.<\/p>\n<p>In questi anni la manifestazione \u00e8 arrivata ad interessare pi\u00f9 di 150 Paesi, e soprattutto ha aiutato circa 150 milioni di persone nel mondo ad uscire dai livelli di povert\u00e0 grazie a degli specifici programmi di protezione sociale.<\/p>\n<p>Quest\u2019anno l\u2019Italia avr\u00e0 un ruolo di primo piano nella commemorazione della <em>Giornata Mondiale dell\u2019Alimentazione<\/em>, approfittando della vetrina di <strong><em>Expo 2015<\/em><\/strong> di Milano. Il <em>Segretario Generale dell\u2019<\/em><em>Onu<\/em>, insieme al <em>Direttore Generale della <\/em><em>FAO<\/em>, al <em>Presidente della Repubblica Italiana<\/em> e ai <em>Ministri dell\u2019Agricoltura e degli Affari Esteri<\/em>, sar\u00e0 presente alla cerimonia, che quest\u2019anno ha come tema <em>\u201cProtezione sociale e agricoltura per spezzare il ciclo della povert\u00e0 rurale\u201d<\/em>.<\/p>\n<p>Il <em>Segretario Generale<\/em> <strong>Ban Ki-moon<\/strong> presenter\u00e0 ufficialmente la <strong><a href=\"http:\/\/carta.milano.it\/it\/\"><em>Carta di Milano<\/em><\/a><\/strong>, il manifesto sottoscritto nell\u2019ambito dell\u2019<em>Esposizione Universale <\/em>di Milano e che mira a coinvolgere cittadini e istituzioni nella lotta alla sottonutrizione, una questione che ancora oggi riguarda gran parte del nostro pianeta.<\/p>\n<p>Tantissime le iniziative per approfondire il tema dell\u2019alimentazione, come l\u2019evento interattivo <strong><em>Generazione Fame Zero<\/em><\/strong>, rivolto ad incontrare i giovani e a sottolineare il loro ruolo fondamentale per lo sviluppo sostenibile, oggi come in futuro.<\/p>\n<p>\u00c8 importante tenere vivo il dibattito ed estenderlo a tutti i cittadini, agli enti locali, alle scuole e alle associazioni. Combattere la fame \u00e8 da sempre una delle emergenze del pianeta, ed \u00e8 nostro dovere trovare una soluzione definitiva per incrementare lo sviluppo dei Paesi in cui la malnutrizione e la sottonutrizione sono realt\u00e0 quotidiane.<\/p>\n<p>Grandi passi sono gi\u00e0 stati fatti, ma la <em>Giornata Mondiale dell\u2019Alimentazione<\/em> ci ricorda che non \u00e8 ancora abbastanza, e che \u00e8 necessario continuare a lavorare insieme per dare a ciascun cittadino i mezzi e le opportunit\u00e0 per nutrirsi in maniera corretta e sufficiente.<\/p>\n","protected":false},"excerpt":{"rendered":"<p>Italia protagonista nella Giornata Mondiale dell\u2019Alimentazione Un appuntamento importante per continuare la lotta alla fame e impegnarsi per eliminare la povert\u00e0 e favorire lo sviluppo di chi \u00e8 meno fortunato.  [&#8230;]<\/p>\n","protected":false},"author":2,"featured_media":1885,"comment_status":"closed","ping_status":"open","sticky":false,"template":"","format":"standard","meta":{"footnotes":""},"categories":[61],"tags":[203,208,201,202,207,200,205,23,204,197,206],"class_list":["post-1881","post","type-post","status-publish","format-standard","has-post-thumbnail","hentry","category-news","tag-ban-ki-moon","tag-carta-di-milano","tag-expo-2015","tag-fao","tag-generazione-fame-zero","tag-giornata-mondiale-dellalimentazione","tag-malnutrizione","tag-news","tag-nutrizione","tag-onu","tag-sottonutrizione"],"yoast_head":"<!-- This site is optimized with the Yoast SEO plugin v26.9 - https:\/\/yoast.com\/product\/yoast-seo-wordpress\/ -->\n<title>Italia protagonista nella Giornata Mondiale dell\u2019Alimentazione<\/title>\n<meta name=\"description\" content=\"Il 16 ottobre ricorre la Giornata Mondiale dell&#039;Alimentazione. Italia protagonista con le celebrazioni ad Expo, presente il Segretario Generale dell&#039;Onu.\" \/>\n<meta name=\"robots\" content=\"index, follow, max-snippet:-1, max-image-preview:large, max-video-preview:-1\" \/>\n<link rel=\"canonical\" href=\"https:\/\/www.acomeambiente.org\/en\/blog\/2015\/10\/16\/italia-protagonista-nella-giornata-mondiale-dellalimentazione\/\" \/>\n<meta property=\"og:locale\" content=\"en_US\" \/>\n<meta property=\"og:type\" content=\"article\" \/>\n<meta property=\"og:title\" content=\"Italia protagonista nella Giornata Mondiale dell\u2019Alimentazione\" \/>\n<meta property=\"og:description\" content=\"Il 16 ottobre ricorre la Giornata Mondiale dell&#039;Alimentazione. Italia protagonista con le celebrazioni ad Expo, presente il Segretario Generale dell&#039;Onu.\" \/>\n<meta property=\"og:url\" content=\"https:\/\/www.acomeambiente.org\/en\/blog\/2015\/10\/16\/italia-protagonista-nella-giornata-mondiale-dellalimentazione\/\" \/>\n<meta property=\"og:site_name\" content=\"En - MAcA - Museo A come Ambiente\" \/>\n<meta property=\"article:published_time\" content=\"2015-10-16T06:08:57+00:00\" \/>\n<meta property=\"article:modified_time\" content=\"2017-04-11T08:38:42+00:00\" \/>\n<meta property=\"og:image\" content=\"https:\/\/www.acomeambiente.org\/en\/wp-content\/uploads\/sites\/3\/2015\/10\/CQFcpXxWEAEmPMF.jpg\" \/>\n\t<meta property=\"og:image:width\" content=\"599\" \/>\n\t<meta property=\"og:image:height\" content=\"249\" \/>\n\t<meta property=\"og:image:type\" content=\"image\/jpeg\" \/>\n<meta name=\"author\" content=\"maca\" \/>\n<meta name=\"twitter:card\" content=\"summary_large_image\" \/>\n<meta name=\"twitter:label1\" content=\"Written by\" \/>\n\t<meta name=\"twitter:data1\" content=\"maca\" \/>\n\t<meta name=\"twitter:label2\" content=\"Est. reading time\" \/>\n\t<meta name=\"twitter:data2\" content=\"2 minutes\" \/>\n<script type=\"application\/ld+json\" class=\"yoast-schema-graph\">{\"@context\":\"https:\/\/schema.org\",\"@graph\":[{\"@type\":\"Article\",\"@id\":\"https:\/\/www.acomeambiente.org\/en\/blog\/2015\/10\/16\/italia-protagonista-nella-giornata-mondiale-dellalimentazione\/#article\",\"isPartOf\":{\"@id\":\"https:\/\/www.acomeambiente.org\/en\/blog\/2015\/10\/16\/italia-protagonista-nella-giornata-mondiale-dellalimentazione\/\"},\"author\":{\"name\":\"maca\",\"@id\":\"https:\/\/www.acomeambiente.org\/en\/#\/schema\/person\/abb5b373fd10c6152f3ba6effe4922a8\"},\"headline\":\"Italia protagonista nella Giornata Mondiale dell\u2019Alimentazione\",\"datePublished\":\"2015-10-16T06:08:57+00:00\",\"dateModified\":\"2017-04-11T08:38:42+00:00\",\"mainEntityOfPage\":{\"@id\":\"https:\/\/www.acomeambiente.org\/en\/blog\/2015\/10\/16\/italia-protagonista-nella-giornata-mondiale-dellalimentazione\/\"},\"wordCount\":340,\"image\":{\"@id\":\"https:\/\/www.acomeambiente.org\/en\/blog\/2015\/10\/16\/italia-protagonista-nella-giornata-mondiale-dellalimentazione\/#primaryimage\"},\"thumbnailUrl\":\"https:\/\/www.acomeambiente.org\/en\/wp-content\/uploads\/sites\/3\/2015\/10\/CQFcpXxWEAEmPMF.jpg\",\"keywords\":[\"Ban Ki-moon\",\"Carta di Milano\",\"Expo 2015\",\"FAO\",\"Generazione Fame Zero\",\"Giornata Mondiale dell'Alimentazione\",\"malnutrizione\",\"news\",\"nutrizione\",\"Onu\",\"sottonutrizione\"],\"articleSection\":[\"News\"],\"inLanguage\":\"en-US\"},{\"@type\":\"WebPage\",\"@id\":\"https:\/\/www.acomeambiente.org\/en\/blog\/2015\/10\/16\/italia-protagonista-nella-giornata-mondiale-dellalimentazione\/\",\"url\":\"https:\/\/www.acomeambiente.org\/en\/blog\/2015\/10\/16\/italia-protagonista-nella-giornata-mondiale-dellalimentazione\/\",\"name\":\"Italia protagonista nella Giornata Mondiale dell\u2019Alimentazione\",\"isPartOf\":{\"@id\":\"https:\/\/www.acomeambiente.org\/en\/#website\"},\"primaryImageOfPage\":{\"@id\":\"https:\/\/www.acomeambiente.org\/en\/blog\/2015\/10\/16\/italia-protagonista-nella-giornata-mondiale-dellalimentazione\/#primaryimage\"},\"image\":{\"@id\":\"https:\/\/www.acomeambiente.org\/en\/blog\/2015\/10\/16\/italia-protagonista-nella-giornata-mondiale-dellalimentazione\/#primaryimage\"},\"thumbnailUrl\":\"https:\/\/www.acomeambiente.org\/en\/wp-content\/uploads\/sites\/3\/2015\/10\/CQFcpXxWEAEmPMF.jpg\",\"datePublished\":\"2015-10-16T06:08:57+00:00\",\"dateModified\":\"2017-04-11T08:38:42+00:00\",\"author\":{\"@id\":\"https:\/\/www.acomeambiente.org\/en\/#\/schema\/person\/abb5b373fd10c6152f3ba6effe4922a8\"},\"description\":\"Il 16 ottobre ricorre la Giornata Mondiale dell'Alimentazione. Italia protagonista con le celebrazioni ad Expo, presente il Segretario Generale dell'Onu.\",\"breadcrumb\":{\"@id\":\"https:\/\/www.acomeambiente.org\/en\/blog\/2015\/10\/16\/italia-protagonista-nella-giornata-mondiale-dellalimentazione\/#breadcrumb\"},\"inLanguage\":\"en-US\",\"potentialAction\":[{\"@type\":\"ReadAction\",\"target\":[\"https:\/\/www.acomeambiente.org\/en\/blog\/2015\/10\/16\/italia-protagonista-nella-giornata-mondiale-dellalimentazione\/\"]}]},{\"@type\":\"ImageObject\",\"inLanguage\":\"en-US\",\"@id\":\"https:\/\/www.acomeambiente.org\/en\/blog\/2015\/10\/16\/italia-protagonista-nella-giornata-mondiale-dellalimentazione\/#primaryimage\",\"url\":\"https:\/\/www.acomeambiente.org\/en\/wp-content\/uploads\/sites\/3\/2015\/10\/CQFcpXxWEAEmPMF.jpg\",\"contentUrl\":\"https:\/\/www.acomeambiente.org\/en\/wp-content\/uploads\/sites\/3\/2015\/10\/CQFcpXxWEAEmPMF.jpg\",\"width\":599,\"height\":249},{\"@type\":\"BreadcrumbList\",\"@id\":\"https:\/\/www.acomeambiente.org\/en\/blog\/2015\/10\/16\/italia-protagonista-nella-giornata-mondiale-dellalimentazione\/#breadcrumb\",\"itemListElement\":[{\"@type\":\"ListItem\",\"position\":1,\"name\":\"Home\",\"item\":\"https:\/\/www.acomeambiente.org\/en\/\"},{\"@type\":\"ListItem\",\"position\":2,\"name\":\"Italia protagonista nella Giornata Mondiale dell\u2019Alimentazione\"}]},{\"@type\":\"WebSite\",\"@id\":\"https:\/\/www.acomeambiente.org\/en\/#website\",\"url\":\"https:\/\/www.acomeambiente.org\/en\/\",\"name\":\"En - MAcA - Museo A come Ambiente\",\"description\":\"Passa al MAcA, costruiamo insieme un mondo pi\u00f9 sostenibile\",\"potentialAction\":[{\"@type\":\"SearchAction\",\"target\":{\"@type\":\"EntryPoint\",\"urlTemplate\":\"https:\/\/www.acomeambiente.org\/en\/?s={search_term_string}\"},\"query-input\":{\"@type\":\"PropertyValueSpecification\",\"valueRequired\":true,\"valueName\":\"search_term_string\"}}],\"inLanguage\":\"en-US\"},{\"@type\":\"Person\",\"@id\":\"https:\/\/www.acomeambiente.org\/en\/#\/schema\/person\/abb5b373fd10c6152f3ba6effe4922a8\",\"name\":\"maca\",\"image\":{\"@type\":\"ImageObject\",\"inLanguage\":\"en-US\",\"@id\":\"https:\/\/www.acomeambiente.org\/en\/#\/schema\/person\/image\/\",\"url\":\"https:\/\/secure.gravatar.com\/avatar\/638ecfb6ae252284df22625e08c27812f9102da6030194ee85189eda9b903f6a?s=96&d=mm&r=g\",\"contentUrl\":\"https:\/\/secure.gravatar.com\/avatar\/638ecfb6ae252284df22625e08c27812f9102da6030194ee85189eda9b903f6a?s=96&d=mm&r=g\",\"caption\":\"maca\"},\"url\":\"https:\/\/www.acomeambiente.org\/en\/blog\/author\/maca\/\"}]}<\/script>\n<!-- \/ Yoast SEO plugin. -->","yoast_head_json":{"title":"Italia protagonista nella Giornata Mondiale dell\u2019Alimentazione","description":"Il 16 ottobre ricorre la Giornata Mondiale dell'Alimentazione. Italia protagonista con le celebrazioni ad Expo, presente il Segretario Generale dell'Onu.","robots":{"index":"index","follow":"follow","max-snippet":"max-snippet:-1","max-image-preview":"max-image-preview:large","max-video-preview":"max-video-preview:-1"},"canonical":"https:\/\/www.acomeambiente.org\/en\/blog\/2015\/10\/16\/italia-protagonista-nella-giornata-mondiale-dellalimentazione\/","og_locale":"en_US","og_type":"article","og_title":"Italia protagonista nella Giornata Mondiale dell\u2019Alimentazione","og_description":"Il 16 ottobre ricorre la Giornata Mondiale dell'Alimentazione. Italia protagonista con le celebrazioni ad Expo, presente il Segretario Generale dell'Onu.","og_url":"https:\/\/www.acomeambiente.org\/en\/blog\/2015\/10\/16\/italia-protagonista-nella-giornata-mondiale-dellalimentazione\/","og_site_name":"En - MAcA - Museo A come Ambiente","article_published_time":"2015-10-16T06:08:57+00:00","article_modified_time":"2017-04-11T08:38:42+00:00","og_image":[{"width":599,"height":249,"url":"https:\/\/www.acomeambiente.org\/en\/wp-content\/uploads\/sites\/3\/2015\/10\/CQFcpXxWEAEmPMF.jpg","type":"image\/jpeg"}],"author":"maca","twitter_card":"summary_large_image","twitter_misc":{"Written by":"maca","Est. reading time":"2 minutes"},"schema":{"@context":"https:\/\/schema.org","@graph":[{"@type":"Article","@id":"https:\/\/www.acomeambiente.org\/en\/blog\/2015\/10\/16\/italia-protagonista-nella-giornata-mondiale-dellalimentazione\/#article","isPartOf":{"@id":"https:\/\/www.acomeambiente.org\/en\/blog\/2015\/10\/16\/italia-protagonista-nella-giornata-mondiale-dellalimentazione\/"},"author":{"name":"maca","@id":"https:\/\/www.acomeambiente.org\/en\/#\/schema\/person\/abb5b373fd10c6152f3ba6effe4922a8"},"headline":"Italia protagonista nella Giornata Mondiale dell\u2019Alimentazione","datePublished":"2015-10-16T06:08:57+00:00","dateModified":"2017-04-11T08:38:42+00:00","mainEntityOfPage":{"@id":"https:\/\/www.acomeambiente.org\/en\/blog\/2015\/10\/16\/italia-protagonista-nella-giornata-mondiale-dellalimentazione\/"},"wordCount":340,"image":{"@id":"https:\/\/www.acomeambiente.org\/en\/blog\/2015\/10\/16\/italia-protagonista-nella-giornata-mondiale-dellalimentazione\/#primaryimage"},"thumbnailUrl":"https:\/\/www.acomeambiente.org\/en\/wp-content\/uploads\/sites\/3\/2015\/10\/CQFcpXxWEAEmPMF.jpg","keywords":["Ban Ki-moon","Carta di Milano","Expo 2015","FAO","Generazione Fame Zero","Giornata Mondiale dell'Alimentazione","malnutrizione","news","nutrizione","Onu","sottonutrizione"],"articleSection":["News"],"inLanguage":"en-US"},{"@type":"WebPage","@id":"https:\/\/www.acomeambiente.org\/en\/blog\/2015\/10\/16\/italia-protagonista-nella-giornata-mondiale-dellalimentazione\/","url":"https:\/\/www.acomeambiente.org\/en\/blog\/2015\/10\/16\/italia-protagonista-nella-giornata-mondiale-dellalimentazione\/","name":"Italia protagonista nella Giornata Mondiale dell\u2019Alimentazione","isPartOf":{"@id":"https:\/\/www.acomeambiente.org\/en\/#website"},"primaryImageOfPage":{"@id":"https:\/\/www.acomeambiente.org\/en\/blog\/2015\/10\/16\/italia-protagonista-nella-giornata-mondiale-dellalimentazione\/#primaryimage"},"image":{"@id":"https:\/\/www.acomeambiente.org\/en\/blog\/2015\/10\/16\/italia-protagonista-nella-giornata-mondiale-dellalimentazione\/#primaryimage"},"thumbnailUrl":"https:\/\/www.acomeambiente.org\/en\/wp-content\/uploads\/sites\/3\/2015\/10\/CQFcpXxWEAEmPMF.jpg","datePublished":"2015-10-16T06:08:57+00:00","dateModified":"2017-04-11T08:38:42+00:00","author":{"@id":"https:\/\/www.acomeambiente.org\/en\/#\/schema\/person\/abb5b373fd10c6152f3ba6effe4922a8"},"description":"Il 16 ottobre ricorre la Giornata Mondiale dell'Alimentazione. Italia protagonista con le celebrazioni ad Expo, presente il Segretario Generale dell'Onu.","breadcrumb":{"@id":"https:\/\/www.acomeambiente.org\/en\/blog\/2015\/10\/16\/italia-protagonista-nella-giornata-mondiale-dellalimentazione\/#breadcrumb"},"inLanguage":"en-US","potentialAction":[{"@type":"ReadAction","target":["https:\/\/www.acomeambiente.org\/en\/blog\/2015\/10\/16\/italia-protagonista-nella-giornata-mondiale-dellalimentazione\/"]}]},{"@type":"ImageObject","inLanguage":"en-US","@id":"https:\/\/www.acomeambiente.org\/en\/blog\/2015\/10\/16\/italia-protagonista-nella-giornata-mondiale-dellalimentazione\/#primaryimage","url":"https:\/\/www.acomeambiente.org\/en\/wp-content\/uploads\/sites\/3\/2015\/10\/CQFcpXxWEAEmPMF.jpg","contentUrl":"https:\/\/www.acomeambiente.org\/en\/wp-content\/uploads\/sites\/3\/2015\/10\/CQFcpXxWEAEmPMF.jpg","width":599,"height":249},{"@type":"BreadcrumbList","@id":"https:\/\/www.acomeambiente.org\/en\/blog\/2015\/10\/16\/italia-protagonista-nella-giornata-mondiale-dellalimentazione\/#breadcrumb","itemListElement":[{"@type":"ListItem","position":1,"name":"Home","item":"https:\/\/www.acomeambiente.org\/en\/"},{"@type":"ListItem","position":2,"name":"Italia protagonista nella Giornata Mondiale dell\u2019Alimentazione"}]},{"@type":"WebSite","@id":"https:\/\/www.acomeambiente.org\/en\/#website","url":"https:\/\/www.acomeambiente.org\/en\/","name":"En - MAcA - Museo A come Ambiente","description":"Passa al MAcA, costruiamo insieme un mondo pi\u00f9 sostenibile","potentialAction":[{"@type":"SearchAction","target":{"@type":"EntryPoint","urlTemplate":"https:\/\/www.acomeambiente.org\/en\/?s={search_term_string}"},"query-input":{"@type":"PropertyValueSpecification","valueRequired":true,"valueName":"search_term_string"}}],"inLanguage":"en-US"},{"@type":"Person","@id":"https:\/\/www.acomeambiente.org\/en\/#\/schema\/person\/abb5b373fd10c6152f3ba6effe4922a8","name":"maca","image":{"@type":"ImageObject","inLanguage":"en-US","@id":"https:\/\/www.acomeambiente.org\/en\/#\/schema\/person\/image\/","url":"https:\/\/secure.gravatar.com\/avatar\/638ecfb6ae252284df22625e08c27812f9102da6030194ee85189eda9b903f6a?s=96&d=mm&r=g","contentUrl":"https:\/\/secure.gravatar.com\/avatar\/638ecfb6ae252284df22625e08c27812f9102da6030194ee85189eda9b903f6a?s=96&d=mm&r=g","caption":"maca"},"url":"https:\/\/www.acomeambiente.org\/en\/blog\/author\/maca\/"}]}},"_links":{"self":[{"href":"https:\/\/www.acomeambiente.org\/en\/wp-json\/wp\/v2\/posts\/1881","targetHints":{"allow":["GET"]}}],"collection":[{"href":"https:\/\/www.acomeambiente.org\/en\/wp-json\/wp\/v2\/posts"}],"about":[{"href":"https:\/\/www.acomeambiente.org\/en\/wp-json\/wp\/v2\/types\/post"}],"author":[{"embeddable":true,"href":"https:\/\/www.acomeambiente.org\/en\/wp-json\/wp\/v2\/users\/2"}],"replies":[{"embeddable":true,"href":"https:\/\/www.acomeambiente.org\/en\/wp-json\/wp\/v2\/comments?post=1881"}],"version-history":[{"count":2,"href":"https:\/\/www.acomeambiente.org\/en\/wp-json\/wp\/v2\/posts\/1881\/revisions"}],"predecessor-version":[{"id":1886,"href":"https:\/\/www.acomeambiente.org\/en\/wp-json\/wp\/v2\/posts\/1881\/revisions\/1886"}],"wp:featuredmedia":[{"embeddable":true,"href":"https:\/\/www.acomeambiente.org\/en\/wp-json\/wp\/v2\/media\/1885"}],"wp:attachment":[{"href":"https:\/\/www.acomeambiente.org\/en\/wp-json\/wp\/v2\/media?parent=1881"}],"wp:term":[{"taxonomy":"category","embeddable":true,"href":"https:\/\/www.acomeambiente.org\/en\/wp-json\/wp\/v2\/categories?post=1881"},{"taxonomy":"post_tag","embeddable":true,"href":"https:\/\/www.acomeambiente.org\/en\/wp-json\/wp\/v2\/tags?post=1881"}],"curies":[{"name":"wp","href":"https:\/\/api.w.org\/{rel}","templated":true}]}}