{"id":1736,"date":"2015-09-15T10:08:11","date_gmt":"2015-09-15T10:08:11","guid":{"rendered":"http:\/\/www.acomeambiente.org\/english\/?p=1736"},"modified":"2017-04-11T08:38:44","modified_gmt":"2017-04-11T08:38:44","slug":"al-via-leuropean-mobility-week-2015","status":"publish","type":"post","link":"https:\/\/www.acomeambiente.org\/en\/blog\/2015\/09\/15\/al-via-leuropean-mobility-week-2015\/","title":{"rendered":"Al via l&#8217;European Mobility Week 2015"},"content":{"rendered":"<h1 class=\"entry-title\" style=\"text-align: justify;\"><a href=\"http:\/\/www.acomeambiente.org\/wp-content\/uploads\/sites\/3\/2015\/09\/EMW_2015.jpg\"><img decoding=\"async\" class=\"alignnone  wp-image-1737\" src=\"http:\/\/www.acomeambiente.org\/wp-content\/uploads\/sites\/3\/2015\/09\/EMW_2015.jpg\" alt=\"EMW_2015\" width=\"553\" height=\"340\" srcset=\"https:\/\/www.acomeambiente.org\/en\/wp-content\/uploads\/sites\/3\/2015\/09\/EMW_2015-300x184.jpg 300w, https:\/\/www.acomeambiente.org\/en\/wp-content\/uploads\/sites\/3\/2015\/09\/EMW_2015.jpg 480w\" sizes=\"(max-width: 553px) 100vw, 553px\" \/><\/a><br \/>\nAl via l&#8217;European Mobility Week 2015<\/h1>\n<p>Sono sempre di pi\u00f9 i cittadini che scelgono di muoversi ricorrendo a mezzi di trasporto amici dell\u2019ambiente, optando per soluzioni di minore impatto ambientale. Nonostante questo, c\u2019\u00e8 ancora molta strada da fare affinch\u00e9 tali pratiche possano realmente costituire un\u2019alternativa alle tradizionali scelte di mobilit\u00e0.<\/p>\n<p>Dal 2002 la <a href=\"http:\/\/www.mobilityweek.eu\/\"><strong>Settimana Europea della Mobilit\u00e0 Sostenibile<\/strong><\/a>, quest\u2019anno in programma <strong>dal 16 al 22 settembre<\/strong>, si pone l\u2019obiettivo di coinvolgere cittadini e istituzioni a ripensare le proprie abitudini in fatto di trasporti, e considerare le diverse possibilit\u00e0 offerte dal settore, con un occhio di riguardo rivolto alla salute del nostro ambiente.<\/p>\n<p>L\u2019iniziativa, lanciata dalla <a href=\"http:\/\/ec.europa.eu\/index_it.htm\"><em>Commissione Europea<\/em><\/a> e sposata in Italia dal <a href=\"http:\/\/www.minambiente.it\/\"><em>Ministero dell\u2019Ambiente e della Tutela del Territorio e del Mare<\/em><\/a>, invita l\u2019Europa ad avvicinarsi alle pratiche di trasporto sostenibile, nel segno dello slogan \u201c<em>Choose.Change.Combine.<\/em>\u201d. Quest\u2019anno l\u2019evento si muover\u00e0 in sintonia con <a href=\"https:\/\/www.facebook.com\/TrovaIlGiustoMix?fref=ts\"><em>Do The Right Mix<\/em><\/a>, campagna che si batte per sensibilizzare i cittadini alla combinazione di diversi mezzi di trasporto, all\u2019insegna della praticit\u00e0 e del risparmio.<\/p>\n<p>Tra gli obiettivi della <em>Settimana della Mobilit\u00e0 Sostenibile<\/em> c\u2019\u00e8 anche l\u2019idea di un ampliamento delle iniziative promosse, da estendere durante tutto l\u2019anno. Una serie di convegni saranno alla base della diffusione delle buone pratiche di mobilit\u00e0 sostenibile, a cominciare dal crescente successo del car sharing.<\/p>\n<p>L\u2019evento dar\u00e0 inoltre l\u2019occasione per discutere con gli enti della possibilit\u00e0 di <strong>adottare piani urbani pi\u00f9 vantaggiosi<\/strong>, e di valutare proposte alternative al fine di dar vita ad una vera e propria <strong>green economy<\/strong> nel campo italiano della mobilit\u00e0.<\/p>\n<p>Non mancheranno inoltre i riconoscimenti alle citt\u00e0 europee che nel corso dell\u2019anno si sono maggiormente distinte nell\u2019attuare servizi ed iniziative per rendere la mobilit\u00e0 sostenibile una realt\u00e0 sempre pi\u00f9 quotidiana.<\/p>\n<p>La <em>Settimana Europea della Mobilit\u00e0 Sostenibile 2015<\/em> si candida dunque ad essere una vera e propria maratona per <strong>aiutare l\u2019ambiente e migliorare la qualit\u00e0 della nostra vita<\/strong>, un appuntamento affinch\u00e9 l\u2019eccezione possa presto diventare una consuetudine.<\/p>\n<p>&nbsp;<\/p>\n","protected":false},"excerpt":{"rendered":"<p>Al via l&#8217;European Mobility Week 2015 Sono sempre di pi\u00f9 i cittadini che scelgono di muoversi ricorrendo a mezzi di trasporto amici dell\u2019ambiente, optando per soluzioni di minore impatto ambientale.  [&#8230;]<\/p>\n","protected":false},"author":2,"featured_media":1737,"comment_status":"closed","ping_status":"open","sticky":false,"template":"","format":"standard","meta":{"footnotes":""},"categories":[61],"tags":[34,44,96,93,94,92,95,23,91,97],"class_list":["post-1736","post","type-post","status-publish","format-standard","has-post-thumbnail","hentry","category-news","tag-a-come-ambiente","tag-ambiente","tag-choose-change-combine","tag-commissione-europea","tag-do-the-right-mix","tag-european-mobility-week","tag-ministero-dellambiente","tag-news","tag-settimana-europea-della-mobilita-sostenibile","tag-trasporti"],"yoast_head":"<!-- This site is optimized with the Yoast SEO plugin v26.9 - https:\/\/yoast.com\/product\/yoast-seo-wordpress\/ -->\n<title>Al via l&#039;European Mobility Week 2015<\/title>\n<meta name=\"description\" content=\"Torna la Settimana Europea della Mobilitazione Sostenibile, dal 16 al 22 settembre 2015, con eventi e iniziative per imparare a viaggiare ad impatto zero.\" \/>\n<meta name=\"robots\" content=\"index, follow, max-snippet:-1, max-image-preview:large, max-video-preview:-1\" \/>\n<link rel=\"canonical\" href=\"https:\/\/www.acomeambiente.org\/en\/blog\/2015\/09\/15\/al-via-leuropean-mobility-week-2015\/\" \/>\n<meta property=\"og:locale\" content=\"en_US\" \/>\n<meta property=\"og:type\" content=\"article\" \/>\n<meta property=\"og:title\" content=\"Al via l&#039;European Mobility Week 2015\" \/>\n<meta property=\"og:description\" content=\"Torna la Settimana Europea della Mobilitazione Sostenibile, dal 16 al 22 settembre 2015, con eventi e iniziative per imparare a viaggiare ad impatto zero.\" \/>\n<meta property=\"og:url\" content=\"https:\/\/www.acomeambiente.org\/en\/blog\/2015\/09\/15\/al-via-leuropean-mobility-week-2015\/\" \/>\n<meta property=\"og:site_name\" content=\"En - MAcA - Museo A come Ambiente\" \/>\n<meta property=\"article:published_time\" content=\"2015-09-15T10:08:11+00:00\" \/>\n<meta property=\"article:modified_time\" content=\"2017-04-11T08:38:44+00:00\" \/>\n<meta property=\"og:image\" content=\"https:\/\/www.acomeambiente.org\/en\/wp-content\/uploads\/sites\/3\/2015\/09\/EMW_2015.jpg\" \/>\n\t<meta property=\"og:image:width\" content=\"480\" \/>\n\t<meta property=\"og:image:height\" content=\"295\" \/>\n\t<meta property=\"og:image:type\" content=\"image\/jpeg\" \/>\n<meta name=\"author\" content=\"maca\" \/>\n<meta name=\"twitter:card\" content=\"summary_large_image\" \/>\n<meta name=\"twitter:label1\" content=\"Written by\" \/>\n\t<meta name=\"twitter:data1\" content=\"maca\" \/>\n\t<meta name=\"twitter:label2\" content=\"Est. reading time\" \/>\n\t<meta name=\"twitter:data2\" content=\"2 minutes\" \/>\n<script type=\"application\/ld+json\" class=\"yoast-schema-graph\">{\"@context\":\"https:\/\/schema.org\",\"@graph\":[{\"@type\":\"Article\",\"@id\":\"https:\/\/www.acomeambiente.org\/en\/blog\/2015\/09\/15\/al-via-leuropean-mobility-week-2015\/#article\",\"isPartOf\":{\"@id\":\"https:\/\/www.acomeambiente.org\/en\/blog\/2015\/09\/15\/al-via-leuropean-mobility-week-2015\/\"},\"author\":{\"name\":\"maca\",\"@id\":\"https:\/\/www.acomeambiente.org\/en\/#\/schema\/person\/abb5b373fd10c6152f3ba6effe4922a8\"},\"headline\":\"Al via l&#8217;European Mobility Week 2015\",\"datePublished\":\"2015-09-15T10:08:11+00:00\",\"dateModified\":\"2017-04-11T08:38:44+00:00\",\"mainEntityOfPage\":{\"@id\":\"https:\/\/www.acomeambiente.org\/en\/blog\/2015\/09\/15\/al-via-leuropean-mobility-week-2015\/\"},\"wordCount\":341,\"image\":{\"@id\":\"https:\/\/www.acomeambiente.org\/en\/blog\/2015\/09\/15\/al-via-leuropean-mobility-week-2015\/#primaryimage\"},\"thumbnailUrl\":\"https:\/\/www.acomeambiente.org\/en\/wp-content\/uploads\/sites\/3\/2015\/09\/EMW_2015.jpg\",\"keywords\":[\"A come Ambiente\",\"ambiente\",\"Choose Change Combine\",\"Commissione Europea\",\"Do The Right Mix\",\"European Mobility Week\",\"Ministero dell'Ambiente\",\"news\",\"Settimana Europea della Mobilit\u00e0 Sostenibile\",\"trasporti\"],\"articleSection\":[\"News\"],\"inLanguage\":\"en-US\"},{\"@type\":\"WebPage\",\"@id\":\"https:\/\/www.acomeambiente.org\/en\/blog\/2015\/09\/15\/al-via-leuropean-mobility-week-2015\/\",\"url\":\"https:\/\/www.acomeambiente.org\/en\/blog\/2015\/09\/15\/al-via-leuropean-mobility-week-2015\/\",\"name\":\"Al via l'European Mobility Week 2015\",\"isPartOf\":{\"@id\":\"https:\/\/www.acomeambiente.org\/en\/#website\"},\"primaryImageOfPage\":{\"@id\":\"https:\/\/www.acomeambiente.org\/en\/blog\/2015\/09\/15\/al-via-leuropean-mobility-week-2015\/#primaryimage\"},\"image\":{\"@id\":\"https:\/\/www.acomeambiente.org\/en\/blog\/2015\/09\/15\/al-via-leuropean-mobility-week-2015\/#primaryimage\"},\"thumbnailUrl\":\"https:\/\/www.acomeambiente.org\/en\/wp-content\/uploads\/sites\/3\/2015\/09\/EMW_2015.jpg\",\"datePublished\":\"2015-09-15T10:08:11+00:00\",\"dateModified\":\"2017-04-11T08:38:44+00:00\",\"author\":{\"@id\":\"https:\/\/www.acomeambiente.org\/en\/#\/schema\/person\/abb5b373fd10c6152f3ba6effe4922a8\"},\"description\":\"Torna la Settimana Europea della Mobilitazione Sostenibile, dal 16 al 22 settembre 2015, con eventi e iniziative per imparare a viaggiare ad impatto zero.\",\"breadcrumb\":{\"@id\":\"https:\/\/www.acomeambiente.org\/en\/blog\/2015\/09\/15\/al-via-leuropean-mobility-week-2015\/#breadcrumb\"},\"inLanguage\":\"en-US\",\"potentialAction\":[{\"@type\":\"ReadAction\",\"target\":[\"https:\/\/www.acomeambiente.org\/en\/blog\/2015\/09\/15\/al-via-leuropean-mobility-week-2015\/\"]}]},{\"@type\":\"ImageObject\",\"inLanguage\":\"en-US\",\"@id\":\"https:\/\/www.acomeambiente.org\/en\/blog\/2015\/09\/15\/al-via-leuropean-mobility-week-2015\/#primaryimage\",\"url\":\"https:\/\/www.acomeambiente.org\/en\/wp-content\/uploads\/sites\/3\/2015\/09\/EMW_2015.jpg\",\"contentUrl\":\"https:\/\/www.acomeambiente.org\/en\/wp-content\/uploads\/sites\/3\/2015\/09\/EMW_2015.jpg\",\"width\":480,\"height\":295},{\"@type\":\"BreadcrumbList\",\"@id\":\"https:\/\/www.acomeambiente.org\/en\/blog\/2015\/09\/15\/al-via-leuropean-mobility-week-2015\/#breadcrumb\",\"itemListElement\":[{\"@type\":\"ListItem\",\"position\":1,\"name\":\"Home\",\"item\":\"https:\/\/www.acomeambiente.org\/en\/\"},{\"@type\":\"ListItem\",\"position\":2,\"name\":\"Al via l&#8217;European Mobility Week 2015\"}]},{\"@type\":\"WebSite\",\"@id\":\"https:\/\/www.acomeambiente.org\/en\/#website\",\"url\":\"https:\/\/www.acomeambiente.org\/en\/\",\"name\":\"En - MAcA - Museo A come Ambiente\",\"description\":\"Passa al MAcA, costruiamo insieme un mondo pi\u00f9 sostenibile\",\"potentialAction\":[{\"@type\":\"SearchAction\",\"target\":{\"@type\":\"EntryPoint\",\"urlTemplate\":\"https:\/\/www.acomeambiente.org\/en\/?s={search_term_string}\"},\"query-input\":{\"@type\":\"PropertyValueSpecification\",\"valueRequired\":true,\"valueName\":\"search_term_string\"}}],\"inLanguage\":\"en-US\"},{\"@type\":\"Person\",\"@id\":\"https:\/\/www.acomeambiente.org\/en\/#\/schema\/person\/abb5b373fd10c6152f3ba6effe4922a8\",\"name\":\"maca\",\"image\":{\"@type\":\"ImageObject\",\"inLanguage\":\"en-US\",\"@id\":\"https:\/\/www.acomeambiente.org\/en\/#\/schema\/person\/image\/\",\"url\":\"https:\/\/secure.gravatar.com\/avatar\/638ecfb6ae252284df22625e08c27812f9102da6030194ee85189eda9b903f6a?s=96&d=mm&r=g\",\"contentUrl\":\"https:\/\/secure.gravatar.com\/avatar\/638ecfb6ae252284df22625e08c27812f9102da6030194ee85189eda9b903f6a?s=96&d=mm&r=g\",\"caption\":\"maca\"},\"url\":\"https:\/\/www.acomeambiente.org\/en\/blog\/author\/maca\/\"}]}<\/script>\n<!-- \/ Yoast SEO plugin. -->","yoast_head_json":{"title":"Al via l'European Mobility Week 2015","description":"Torna la Settimana Europea della Mobilitazione Sostenibile, dal 16 al 22 settembre 2015, con eventi e iniziative per imparare a viaggiare ad impatto zero.","robots":{"index":"index","follow":"follow","max-snippet":"max-snippet:-1","max-image-preview":"max-image-preview:large","max-video-preview":"max-video-preview:-1"},"canonical":"https:\/\/www.acomeambiente.org\/en\/blog\/2015\/09\/15\/al-via-leuropean-mobility-week-2015\/","og_locale":"en_US","og_type":"article","og_title":"Al via l'European Mobility Week 2015","og_description":"Torna la Settimana Europea della Mobilitazione Sostenibile, dal 16 al 22 settembre 2015, con eventi e iniziative per imparare a viaggiare ad impatto zero.","og_url":"https:\/\/www.acomeambiente.org\/en\/blog\/2015\/09\/15\/al-via-leuropean-mobility-week-2015\/","og_site_name":"En - MAcA - Museo A come Ambiente","article_published_time":"2015-09-15T10:08:11+00:00","article_modified_time":"2017-04-11T08:38:44+00:00","og_image":[{"width":480,"height":295,"url":"https:\/\/www.acomeambiente.org\/en\/wp-content\/uploads\/sites\/3\/2015\/09\/EMW_2015.jpg","type":"image\/jpeg"}],"author":"maca","twitter_card":"summary_large_image","twitter_misc":{"Written by":"maca","Est. reading time":"2 minutes"},"schema":{"@context":"https:\/\/schema.org","@graph":[{"@type":"Article","@id":"https:\/\/www.acomeambiente.org\/en\/blog\/2015\/09\/15\/al-via-leuropean-mobility-week-2015\/#article","isPartOf":{"@id":"https:\/\/www.acomeambiente.org\/en\/blog\/2015\/09\/15\/al-via-leuropean-mobility-week-2015\/"},"author":{"name":"maca","@id":"https:\/\/www.acomeambiente.org\/en\/#\/schema\/person\/abb5b373fd10c6152f3ba6effe4922a8"},"headline":"Al via l&#8217;European Mobility Week 2015","datePublished":"2015-09-15T10:08:11+00:00","dateModified":"2017-04-11T08:38:44+00:00","mainEntityOfPage":{"@id":"https:\/\/www.acomeambiente.org\/en\/blog\/2015\/09\/15\/al-via-leuropean-mobility-week-2015\/"},"wordCount":341,"image":{"@id":"https:\/\/www.acomeambiente.org\/en\/blog\/2015\/09\/15\/al-via-leuropean-mobility-week-2015\/#primaryimage"},"thumbnailUrl":"https:\/\/www.acomeambiente.org\/en\/wp-content\/uploads\/sites\/3\/2015\/09\/EMW_2015.jpg","keywords":["A come Ambiente","ambiente","Choose Change Combine","Commissione Europea","Do The Right Mix","European Mobility Week","Ministero dell'Ambiente","news","Settimana Europea della Mobilit\u00e0 Sostenibile","trasporti"],"articleSection":["News"],"inLanguage":"en-US"},{"@type":"WebPage","@id":"https:\/\/www.acomeambiente.org\/en\/blog\/2015\/09\/15\/al-via-leuropean-mobility-week-2015\/","url":"https:\/\/www.acomeambiente.org\/en\/blog\/2015\/09\/15\/al-via-leuropean-mobility-week-2015\/","name":"Al via l'European Mobility Week 2015","isPartOf":{"@id":"https:\/\/www.acomeambiente.org\/en\/#website"},"primaryImageOfPage":{"@id":"https:\/\/www.acomeambiente.org\/en\/blog\/2015\/09\/15\/al-via-leuropean-mobility-week-2015\/#primaryimage"},"image":{"@id":"https:\/\/www.acomeambiente.org\/en\/blog\/2015\/09\/15\/al-via-leuropean-mobility-week-2015\/#primaryimage"},"thumbnailUrl":"https:\/\/www.acomeambiente.org\/en\/wp-content\/uploads\/sites\/3\/2015\/09\/EMW_2015.jpg","datePublished":"2015-09-15T10:08:11+00:00","dateModified":"2017-04-11T08:38:44+00:00","author":{"@id":"https:\/\/www.acomeambiente.org\/en\/#\/schema\/person\/abb5b373fd10c6152f3ba6effe4922a8"},"description":"Torna la Settimana Europea della Mobilitazione Sostenibile, dal 16 al 22 settembre 2015, con eventi e iniziative per imparare a viaggiare ad impatto zero.","breadcrumb":{"@id":"https:\/\/www.acomeambiente.org\/en\/blog\/2015\/09\/15\/al-via-leuropean-mobility-week-2015\/#breadcrumb"},"inLanguage":"en-US","potentialAction":[{"@type":"ReadAction","target":["https:\/\/www.acomeambiente.org\/en\/blog\/2015\/09\/15\/al-via-leuropean-mobility-week-2015\/"]}]},{"@type":"ImageObject","inLanguage":"en-US","@id":"https:\/\/www.acomeambiente.org\/en\/blog\/2015\/09\/15\/al-via-leuropean-mobility-week-2015\/#primaryimage","url":"https:\/\/www.acomeambiente.org\/en\/wp-content\/uploads\/sites\/3\/2015\/09\/EMW_2015.jpg","contentUrl":"https:\/\/www.acomeambiente.org\/en\/wp-content\/uploads\/sites\/3\/2015\/09\/EMW_2015.jpg","width":480,"height":295},{"@type":"BreadcrumbList","@id":"https:\/\/www.acomeambiente.org\/en\/blog\/2015\/09\/15\/al-via-leuropean-mobility-week-2015\/#breadcrumb","itemListElement":[{"@type":"ListItem","position":1,"name":"Home","item":"https:\/\/www.acomeambiente.org\/en\/"},{"@type":"ListItem","position":2,"name":"Al via l&#8217;European Mobility Week 2015"}]},{"@type":"WebSite","@id":"https:\/\/www.acomeambiente.org\/en\/#website","url":"https:\/\/www.acomeambiente.org\/en\/","name":"En - MAcA - Museo A come Ambiente","description":"Passa al MAcA, costruiamo insieme un mondo pi\u00f9 sostenibile","potentialAction":[{"@type":"SearchAction","target":{"@type":"EntryPoint","urlTemplate":"https:\/\/www.acomeambiente.org\/en\/?s={search_term_string}"},"query-input":{"@type":"PropertyValueSpecification","valueRequired":true,"valueName":"search_term_string"}}],"inLanguage":"en-US"},{"@type":"Person","@id":"https:\/\/www.acomeambiente.org\/en\/#\/schema\/person\/abb5b373fd10c6152f3ba6effe4922a8","name":"maca","image":{"@type":"ImageObject","inLanguage":"en-US","@id":"https:\/\/www.acomeambiente.org\/en\/#\/schema\/person\/image\/","url":"https:\/\/secure.gravatar.com\/avatar\/638ecfb6ae252284df22625e08c27812f9102da6030194ee85189eda9b903f6a?s=96&d=mm&r=g","contentUrl":"https:\/\/secure.gravatar.com\/avatar\/638ecfb6ae252284df22625e08c27812f9102da6030194ee85189eda9b903f6a?s=96&d=mm&r=g","caption":"maca"},"url":"https:\/\/www.acomeambiente.org\/en\/blog\/author\/maca\/"}]}},"_links":{"self":[{"href":"https:\/\/www.acomeambiente.org\/en\/wp-json\/wp\/v2\/posts\/1736","targetHints":{"allow":["GET"]}}],"collection":[{"href":"https:\/\/www.acomeambiente.org\/en\/wp-json\/wp\/v2\/posts"}],"about":[{"href":"https:\/\/www.acomeambiente.org\/en\/wp-json\/wp\/v2\/types\/post"}],"author":[{"embeddable":true,"href":"https:\/\/www.acomeambiente.org\/en\/wp-json\/wp\/v2\/users\/2"}],"replies":[{"embeddable":true,"href":"https:\/\/www.acomeambiente.org\/en\/wp-json\/wp\/v2\/comments?post=1736"}],"version-history":[{"count":1,"href":"https:\/\/www.acomeambiente.org\/en\/wp-json\/wp\/v2\/posts\/1736\/revisions"}],"predecessor-version":[{"id":1738,"href":"https:\/\/www.acomeambiente.org\/en\/wp-json\/wp\/v2\/posts\/1736\/revisions\/1738"}],"wp:featuredmedia":[{"embeddable":true,"href":"https:\/\/www.acomeambiente.org\/en\/wp-json\/wp\/v2\/media\/1737"}],"wp:attachment":[{"href":"https:\/\/www.acomeambiente.org\/en\/wp-json\/wp\/v2\/media?parent=1736"}],"wp:term":[{"taxonomy":"category","embeddable":true,"href":"https:\/\/www.acomeambiente.org\/en\/wp-json\/wp\/v2\/categories?post=1736"},{"taxonomy":"post_tag","embeddable":true,"href":"https:\/\/www.acomeambiente.org\/en\/wp-json\/wp\/v2\/tags?post=1736"}],"curies":[{"name":"wp","href":"https:\/\/api.w.org\/{rel}","templated":true}]}}