{"id":1492,"date":"2015-05-28T06:57:16","date_gmt":"2015-05-28T06:57:16","guid":{"rendered":"http:\/\/www.acomeambiente.org\/english\/?p=1492"},"modified":"2017-04-11T08:38:45","modified_gmt":"2017-04-11T08:38:45","slug":"un-adorabile-parco","status":"publish","type":"post","link":"https:\/\/www.acomeambiente.org\/en\/blog\/2015\/05\/28\/un-adorabile-parco\/","title":{"rendered":"Un aDORAbile parco"},"content":{"rendered":"<p><a href=\"http:\/\/www.acomeambiente.org\/wp-content\/uploads\/sites\/3\/2015\/05\/Parco-Dora.jpg\"><img decoding=\"async\" class=\"alignnone  wp-image-1493\" src=\"http:\/\/www.acomeambiente.org\/wp-content\/uploads\/sites\/3\/2015\/05\/Parco-Dora.jpg\" alt=\"Parco Dora\" width=\"875\" height=\"585\" srcset=\"https:\/\/www.acomeambiente.org\/en\/wp-content\/uploads\/sites\/3\/2015\/05\/Parco-Dora-300x201.jpg 300w, https:\/\/www.acomeambiente.org\/en\/wp-content\/uploads\/sites\/3\/2015\/05\/Parco-Dora-600x401.jpg 600w, https:\/\/www.acomeambiente.org\/en\/wp-content\/uploads\/sites\/3\/2015\/05\/Parco-Dora.jpg 960w\" sizes=\"(max-width: 875px) 100vw, 875px\" \/><\/a><\/p>\n<h1 class=\"entry-title\">Un aDORAbile parco<\/h1>\n<p>Partir\u00e0 il <strong>2 giugno 2015<\/strong>, nell\u2019ambito dei progetti di <em>Sharing, Learning and Caring Parco Dora<\/em>, la serie di visite guidate gratuite con cui <strong>Parco Dora<\/strong> apre le porte ai turisti e a tutti i cittadini torinesi, otto appuntamenti per scoprire il suggestivo scenario del Parco e le curiosit\u00e0 sulla sua storia.<\/p>\n<p>Il programma, promosso dal <em><a href=\"http:\/\/www.comune.torino.it\/comitatoparcodora\/\" target=\"_blank\">Comitato Parco Dora<\/a><\/em>, con il sostegno della <em><a href=\"http:\/\/www.compagniadisanpaolo.it\/\" target=\"_blank\">Compagnia di San Paolo<\/a><\/em> e del <em><a href=\"http:\/\/www.parcocommercialedora.it\/\" target=\"_blank\">Parco Commerciale Dora<\/a><\/em>, si compone di quattro date aperte a tutti, con percorsi mattutini e serali.<\/p>\n<p>Lo spirito dell\u2019iniziativa \u00e8 quello di venire incontro alle necessit\u00e0 di tutti i turisti e regalare a tutti un\u2019esperienza culturale a stretto contatto con la natura. Non soltanto orari agevoli per diverse fasce d\u2019utenza, ma soprattutto una politica di massima accessibilit\u00e0, con percorsi testati anche per ospitare visitatori con esigenze speciali.<\/p>\n<p>Il Parco, situato nel cuore di Torino, a met\u00e0 strada tra la Reggia di Venaria Reale e la Basilica di Superga e a pochi passi dal fiume, \u00e8 oggi uno spazio urbano dal passato industriale, ricco di verde e in continua evoluzione. Nel corso degli otto appuntamenti previsti, i visitatori avranno modo di approfondire la storia di Parco Dora e godere della sua bellezza e del fascino dei suoi scorci, ammirarlo da punti di vista inusuali e viverlo in tutti i suoi aspetti.<\/p>\n<p>I percorsi, pensati per soddisfare ogni esigenza ed ogni passione, saranno accompagnati dalle guide turistiche <em>dell\u2019Associazione Turismopertutti<\/em>, che da sempre si batte per un turismo pi\u00f9 aperto e accessibile.<\/p>\n<p>La partecipazione \u00e8 <strong>gratuita<\/strong> e necessita di prenotazione, fino ad un massimo di 25 partecipanti per visita. Per scegliere il percorso a cui partecipare e inviare la propria adesione, \u00e8 possibile consultare il <a href=\"https:\/\/comitatoparcodora.wordpress.com\/2015\/04\/21\/un-adorabile-parco\/\">programma degli appuntamenti<\/a>.<\/p>\n<p>Parco Dora mostra cos\u00ec il suo nuovo volto, pieno di opportunit\u00e0 e di usi innovativi, non ultimo quello di rappresentare un punto di incontro per tutti i cittadini e un luogo di contatto tra uomo e natura.<\/p>\n<p><strong>Info:<\/strong><br \/>\nComitato Parco Dora<br \/>\n<a href=\"mailto:comitatoparcodora@comune.torino.it\">comitatoparcodora@comune.torino.it<\/a><br \/>\n011 19717688<br \/>\nmarted\u00ec, mercoled\u00ec e gioved\u00ec ore 9.30-13.00<br \/>\nvia Capua 14, Torino<\/p>\n","protected":false},"excerpt":{"rendered":"<p>2 giugno &#8211; 5 luglio 2015<br \/>\nTorino <\/p>\n","protected":false},"author":2,"featured_media":1493,"comment_status":"closed","ping_status":"closed","sticky":false,"template":"","format":"standard","meta":{"footnotes":""},"categories":[7],"tags":[34,39,40,14,41,16,12,37,38],"class_list":["post-1492","post","type-post","status-publish","format-standard","has-post-thumbnail","hentry","category-eventi","tag-a-come-ambiente","tag-comitato-parco-dora","tag-compagnia-di-san-paolo","tag-eventi","tag-parco-commerciale-dora","tag-parco-dora","tag-torino","tag-turismo","tag-turismo-accessibile"],"yoast_head":"<!-- This site is optimized with the Yoast SEO plugin v26.9 - https:\/\/yoast.com\/product\/yoast-seo-wordpress\/ -->\n<title>Un aDORAbile parco<\/title>\n<meta name=\"description\" content=\"Dal 2 giugno Parco Dora ospita un ciclo di otto percorsi guidati gratuiti, aperti a cittadini e turisti. Un progetto all&#039;insegna del turismo accessibile.\" \/>\n<meta name=\"robots\" content=\"index, follow, max-snippet:-1, max-image-preview:large, max-video-preview:-1\" \/>\n<link rel=\"canonical\" href=\"https:\/\/www.acomeambiente.org\/en\/blog\/2015\/05\/28\/un-adorabile-parco\/\" \/>\n<meta property=\"og:locale\" content=\"en_US\" \/>\n<meta property=\"og:type\" content=\"article\" \/>\n<meta property=\"og:title\" content=\"Un aDORAbile parco\" \/>\n<meta property=\"og:description\" content=\"Dal 2 giugno Parco Dora ospita un ciclo di otto percorsi guidati gratuiti, aperti a cittadini e turisti. Un progetto all&#039;insegna del turismo accessibile.\" \/>\n<meta property=\"og:url\" content=\"https:\/\/www.acomeambiente.org\/en\/blog\/2015\/05\/28\/un-adorabile-parco\/\" \/>\n<meta property=\"og:site_name\" content=\"En - MAcA - Museo A come Ambiente\" \/>\n<meta property=\"article:published_time\" content=\"2015-05-28T06:57:16+00:00\" \/>\n<meta property=\"article:modified_time\" content=\"2017-04-11T08:38:45+00:00\" \/>\n<meta property=\"og:image\" content=\"https:\/\/www.acomeambiente.org\/en\/wp-content\/uploads\/sites\/3\/2015\/05\/Parco-Dora.jpg\" \/>\n\t<meta property=\"og:image:width\" content=\"960\" \/>\n\t<meta property=\"og:image:height\" content=\"642\" \/>\n\t<meta property=\"og:image:type\" content=\"image\/jpeg\" \/>\n<meta name=\"author\" content=\"maca\" \/>\n<meta name=\"twitter:card\" content=\"summary_large_image\" \/>\n<meta name=\"twitter:label1\" content=\"Written by\" \/>\n\t<meta name=\"twitter:data1\" content=\"maca\" \/>\n\t<meta name=\"twitter:label2\" content=\"Est. reading time\" \/>\n\t<meta name=\"twitter:data2\" content=\"2 minutes\" \/>\n<script type=\"application\/ld+json\" class=\"yoast-schema-graph\">{\"@context\":\"https:\/\/schema.org\",\"@graph\":[{\"@type\":\"Article\",\"@id\":\"https:\/\/www.acomeambiente.org\/en\/blog\/2015\/05\/28\/un-adorabile-parco\/#article\",\"isPartOf\":{\"@id\":\"https:\/\/www.acomeambiente.org\/en\/blog\/2015\/05\/28\/un-adorabile-parco\/\"},\"author\":{\"name\":\"maca\",\"@id\":\"https:\/\/www.acomeambiente.org\/en\/#\/schema\/person\/abb5b373fd10c6152f3ba6effe4922a8\"},\"headline\":\"Un aDORAbile parco\",\"datePublished\":\"2015-05-28T06:57:16+00:00\",\"dateModified\":\"2017-04-11T08:38:45+00:00\",\"mainEntityOfPage\":{\"@id\":\"https:\/\/www.acomeambiente.org\/en\/blog\/2015\/05\/28\/un-adorabile-parco\/\"},\"wordCount\":341,\"image\":{\"@id\":\"https:\/\/www.acomeambiente.org\/en\/blog\/2015\/05\/28\/un-adorabile-parco\/#primaryimage\"},\"thumbnailUrl\":\"https:\/\/www.acomeambiente.org\/en\/wp-content\/uploads\/sites\/3\/2015\/05\/Parco-Dora.jpg\",\"keywords\":[\"A come Ambiente\",\"Comitato Parco Dora\",\"Compagnia di San Paolo\",\"Eventi\",\"Parco Commerciale Dora\",\"Parco Dora\",\"Torino\",\"turismo\",\"turismo accessibile\"],\"articleSection\":[\"Events\"],\"inLanguage\":\"en-US\"},{\"@type\":\"WebPage\",\"@id\":\"https:\/\/www.acomeambiente.org\/en\/blog\/2015\/05\/28\/un-adorabile-parco\/\",\"url\":\"https:\/\/www.acomeambiente.org\/en\/blog\/2015\/05\/28\/un-adorabile-parco\/\",\"name\":\"Un aDORAbile parco\",\"isPartOf\":{\"@id\":\"https:\/\/www.acomeambiente.org\/en\/#website\"},\"primaryImageOfPage\":{\"@id\":\"https:\/\/www.acomeambiente.org\/en\/blog\/2015\/05\/28\/un-adorabile-parco\/#primaryimage\"},\"image\":{\"@id\":\"https:\/\/www.acomeambiente.org\/en\/blog\/2015\/05\/28\/un-adorabile-parco\/#primaryimage\"},\"thumbnailUrl\":\"https:\/\/www.acomeambiente.org\/en\/wp-content\/uploads\/sites\/3\/2015\/05\/Parco-Dora.jpg\",\"datePublished\":\"2015-05-28T06:57:16+00:00\",\"dateModified\":\"2017-04-11T08:38:45+00:00\",\"author\":{\"@id\":\"https:\/\/www.acomeambiente.org\/en\/#\/schema\/person\/abb5b373fd10c6152f3ba6effe4922a8\"},\"description\":\"Dal 2 giugno Parco Dora ospita un ciclo di otto percorsi guidati gratuiti, aperti a cittadini e turisti. Un progetto all'insegna del turismo accessibile.\",\"breadcrumb\":{\"@id\":\"https:\/\/www.acomeambiente.org\/en\/blog\/2015\/05\/28\/un-adorabile-parco\/#breadcrumb\"},\"inLanguage\":\"en-US\",\"potentialAction\":[{\"@type\":\"ReadAction\",\"target\":[\"https:\/\/www.acomeambiente.org\/en\/blog\/2015\/05\/28\/un-adorabile-parco\/\"]}]},{\"@type\":\"ImageObject\",\"inLanguage\":\"en-US\",\"@id\":\"https:\/\/www.acomeambiente.org\/en\/blog\/2015\/05\/28\/un-adorabile-parco\/#primaryimage\",\"url\":\"https:\/\/www.acomeambiente.org\/en\/wp-content\/uploads\/sites\/3\/2015\/05\/Parco-Dora.jpg\",\"contentUrl\":\"https:\/\/www.acomeambiente.org\/en\/wp-content\/uploads\/sites\/3\/2015\/05\/Parco-Dora.jpg\",\"width\":960,\"height\":642},{\"@type\":\"BreadcrumbList\",\"@id\":\"https:\/\/www.acomeambiente.org\/en\/blog\/2015\/05\/28\/un-adorabile-parco\/#breadcrumb\",\"itemListElement\":[{\"@type\":\"ListItem\",\"position\":1,\"name\":\"Home\",\"item\":\"https:\/\/www.acomeambiente.org\/en\/\"},{\"@type\":\"ListItem\",\"position\":2,\"name\":\"Un aDORAbile parco\"}]},{\"@type\":\"WebSite\",\"@id\":\"https:\/\/www.acomeambiente.org\/en\/#website\",\"url\":\"https:\/\/www.acomeambiente.org\/en\/\",\"name\":\"En - MAcA - Museo A come Ambiente\",\"description\":\"Passa al MAcA, costruiamo insieme un mondo pi\u00f9 sostenibile\",\"potentialAction\":[{\"@type\":\"SearchAction\",\"target\":{\"@type\":\"EntryPoint\",\"urlTemplate\":\"https:\/\/www.acomeambiente.org\/en\/?s={search_term_string}\"},\"query-input\":{\"@type\":\"PropertyValueSpecification\",\"valueRequired\":true,\"valueName\":\"search_term_string\"}}],\"inLanguage\":\"en-US\"},{\"@type\":\"Person\",\"@id\":\"https:\/\/www.acomeambiente.org\/en\/#\/schema\/person\/abb5b373fd10c6152f3ba6effe4922a8\",\"name\":\"maca\",\"image\":{\"@type\":\"ImageObject\",\"inLanguage\":\"en-US\",\"@id\":\"https:\/\/www.acomeambiente.org\/en\/#\/schema\/person\/image\/\",\"url\":\"https:\/\/secure.gravatar.com\/avatar\/638ecfb6ae252284df22625e08c27812f9102da6030194ee85189eda9b903f6a?s=96&d=mm&r=g\",\"contentUrl\":\"https:\/\/secure.gravatar.com\/avatar\/638ecfb6ae252284df22625e08c27812f9102da6030194ee85189eda9b903f6a?s=96&d=mm&r=g\",\"caption\":\"maca\"},\"url\":\"https:\/\/www.acomeambiente.org\/en\/blog\/author\/maca\/\"}]}<\/script>\n<!-- \/ Yoast SEO plugin. -->","yoast_head_json":{"title":"Un aDORAbile parco","description":"Dal 2 giugno Parco Dora ospita un ciclo di otto percorsi guidati gratuiti, aperti a cittadini e turisti. Un progetto all'insegna del turismo accessibile.","robots":{"index":"index","follow":"follow","max-snippet":"max-snippet:-1","max-image-preview":"max-image-preview:large","max-video-preview":"max-video-preview:-1"},"canonical":"https:\/\/www.acomeambiente.org\/en\/blog\/2015\/05\/28\/un-adorabile-parco\/","og_locale":"en_US","og_type":"article","og_title":"Un aDORAbile parco","og_description":"Dal 2 giugno Parco Dora ospita un ciclo di otto percorsi guidati gratuiti, aperti a cittadini e turisti. Un progetto all'insegna del turismo accessibile.","og_url":"https:\/\/www.acomeambiente.org\/en\/blog\/2015\/05\/28\/un-adorabile-parco\/","og_site_name":"En - MAcA - Museo A come Ambiente","article_published_time":"2015-05-28T06:57:16+00:00","article_modified_time":"2017-04-11T08:38:45+00:00","og_image":[{"width":960,"height":642,"url":"https:\/\/www.acomeambiente.org\/en\/wp-content\/uploads\/sites\/3\/2015\/05\/Parco-Dora.jpg","type":"image\/jpeg"}],"author":"maca","twitter_card":"summary_large_image","twitter_misc":{"Written by":"maca","Est. reading time":"2 minutes"},"schema":{"@context":"https:\/\/schema.org","@graph":[{"@type":"Article","@id":"https:\/\/www.acomeambiente.org\/en\/blog\/2015\/05\/28\/un-adorabile-parco\/#article","isPartOf":{"@id":"https:\/\/www.acomeambiente.org\/en\/blog\/2015\/05\/28\/un-adorabile-parco\/"},"author":{"name":"maca","@id":"https:\/\/www.acomeambiente.org\/en\/#\/schema\/person\/abb5b373fd10c6152f3ba6effe4922a8"},"headline":"Un aDORAbile parco","datePublished":"2015-05-28T06:57:16+00:00","dateModified":"2017-04-11T08:38:45+00:00","mainEntityOfPage":{"@id":"https:\/\/www.acomeambiente.org\/en\/blog\/2015\/05\/28\/un-adorabile-parco\/"},"wordCount":341,"image":{"@id":"https:\/\/www.acomeambiente.org\/en\/blog\/2015\/05\/28\/un-adorabile-parco\/#primaryimage"},"thumbnailUrl":"https:\/\/www.acomeambiente.org\/en\/wp-content\/uploads\/sites\/3\/2015\/05\/Parco-Dora.jpg","keywords":["A come Ambiente","Comitato Parco Dora","Compagnia di San Paolo","Eventi","Parco Commerciale Dora","Parco Dora","Torino","turismo","turismo accessibile"],"articleSection":["Events"],"inLanguage":"en-US"},{"@type":"WebPage","@id":"https:\/\/www.acomeambiente.org\/en\/blog\/2015\/05\/28\/un-adorabile-parco\/","url":"https:\/\/www.acomeambiente.org\/en\/blog\/2015\/05\/28\/un-adorabile-parco\/","name":"Un aDORAbile parco","isPartOf":{"@id":"https:\/\/www.acomeambiente.org\/en\/#website"},"primaryImageOfPage":{"@id":"https:\/\/www.acomeambiente.org\/en\/blog\/2015\/05\/28\/un-adorabile-parco\/#primaryimage"},"image":{"@id":"https:\/\/www.acomeambiente.org\/en\/blog\/2015\/05\/28\/un-adorabile-parco\/#primaryimage"},"thumbnailUrl":"https:\/\/www.acomeambiente.org\/en\/wp-content\/uploads\/sites\/3\/2015\/05\/Parco-Dora.jpg","datePublished":"2015-05-28T06:57:16+00:00","dateModified":"2017-04-11T08:38:45+00:00","author":{"@id":"https:\/\/www.acomeambiente.org\/en\/#\/schema\/person\/abb5b373fd10c6152f3ba6effe4922a8"},"description":"Dal 2 giugno Parco Dora ospita un ciclo di otto percorsi guidati gratuiti, aperti a cittadini e turisti. Un progetto all'insegna del turismo accessibile.","breadcrumb":{"@id":"https:\/\/www.acomeambiente.org\/en\/blog\/2015\/05\/28\/un-adorabile-parco\/#breadcrumb"},"inLanguage":"en-US","potentialAction":[{"@type":"ReadAction","target":["https:\/\/www.acomeambiente.org\/en\/blog\/2015\/05\/28\/un-adorabile-parco\/"]}]},{"@type":"ImageObject","inLanguage":"en-US","@id":"https:\/\/www.acomeambiente.org\/en\/blog\/2015\/05\/28\/un-adorabile-parco\/#primaryimage","url":"https:\/\/www.acomeambiente.org\/en\/wp-content\/uploads\/sites\/3\/2015\/05\/Parco-Dora.jpg","contentUrl":"https:\/\/www.acomeambiente.org\/en\/wp-content\/uploads\/sites\/3\/2015\/05\/Parco-Dora.jpg","width":960,"height":642},{"@type":"BreadcrumbList","@id":"https:\/\/www.acomeambiente.org\/en\/blog\/2015\/05\/28\/un-adorabile-parco\/#breadcrumb","itemListElement":[{"@type":"ListItem","position":1,"name":"Home","item":"https:\/\/www.acomeambiente.org\/en\/"},{"@type":"ListItem","position":2,"name":"Un aDORAbile parco"}]},{"@type":"WebSite","@id":"https:\/\/www.acomeambiente.org\/en\/#website","url":"https:\/\/www.acomeambiente.org\/en\/","name":"En - MAcA - Museo A come Ambiente","description":"Passa al MAcA, costruiamo insieme un mondo pi\u00f9 sostenibile","potentialAction":[{"@type":"SearchAction","target":{"@type":"EntryPoint","urlTemplate":"https:\/\/www.acomeambiente.org\/en\/?s={search_term_string}"},"query-input":{"@type":"PropertyValueSpecification","valueRequired":true,"valueName":"search_term_string"}}],"inLanguage":"en-US"},{"@type":"Person","@id":"https:\/\/www.acomeambiente.org\/en\/#\/schema\/person\/abb5b373fd10c6152f3ba6effe4922a8","name":"maca","image":{"@type":"ImageObject","inLanguage":"en-US","@id":"https:\/\/www.acomeambiente.org\/en\/#\/schema\/person\/image\/","url":"https:\/\/secure.gravatar.com\/avatar\/638ecfb6ae252284df22625e08c27812f9102da6030194ee85189eda9b903f6a?s=96&d=mm&r=g","contentUrl":"https:\/\/secure.gravatar.com\/avatar\/638ecfb6ae252284df22625e08c27812f9102da6030194ee85189eda9b903f6a?s=96&d=mm&r=g","caption":"maca"},"url":"https:\/\/www.acomeambiente.org\/en\/blog\/author\/maca\/"}]}},"_links":{"self":[{"href":"https:\/\/www.acomeambiente.org\/en\/wp-json\/wp\/v2\/posts\/1492","targetHints":{"allow":["GET"]}}],"collection":[{"href":"https:\/\/www.acomeambiente.org\/en\/wp-json\/wp\/v2\/posts"}],"about":[{"href":"https:\/\/www.acomeambiente.org\/en\/wp-json\/wp\/v2\/types\/post"}],"author":[{"embeddable":true,"href":"https:\/\/www.acomeambiente.org\/en\/wp-json\/wp\/v2\/users\/2"}],"replies":[{"embeddable":true,"href":"https:\/\/www.acomeambiente.org\/en\/wp-json\/wp\/v2\/comments?post=1492"}],"version-history":[{"count":4,"href":"https:\/\/www.acomeambiente.org\/en\/wp-json\/wp\/v2\/posts\/1492\/revisions"}],"predecessor-version":[{"id":1516,"href":"https:\/\/www.acomeambiente.org\/en\/wp-json\/wp\/v2\/posts\/1492\/revisions\/1516"}],"wp:featuredmedia":[{"embeddable":true,"href":"https:\/\/www.acomeambiente.org\/en\/wp-json\/wp\/v2\/media\/1493"}],"wp:attachment":[{"href":"https:\/\/www.acomeambiente.org\/en\/wp-json\/wp\/v2\/media?parent=1492"}],"wp:term":[{"taxonomy":"category","embeddable":true,"href":"https:\/\/www.acomeambiente.org\/en\/wp-json\/wp\/v2\/categories?post=1492"},{"taxonomy":"post_tag","embeddable":true,"href":"https:\/\/www.acomeambiente.org\/en\/wp-json\/wp\/v2\/tags?post=1492"}],"curies":[{"name":"wp","href":"https:\/\/api.w.org\/{rel}","templated":true}]}}